{"id":16526,"date":"2017-05-21T19:12:23","date_gmt":"2017-05-21T19:12:23","guid":{"rendered":"https:\/\/www.cudeca.org\/actualidad\/1-600-at-the-cudeca-walkathon-2017\/"},"modified":"2022-03-31T14:18:48","modified_gmt":"2022-03-31T14:18:48","slug":"1-600-at-the-cudeca-walkathon-2017","status":"publish","type":"post","link":"https:\/\/www.cudeca.org\/en\/actualidad\/1-600-at-the-cudeca-walkathon-2017\/","title":{"rendered":"1.600 at the Cudeca Walkathon 2017"},"content":{"rendered":"<div class=\"wpb-content-wrapper\"><p><\/p>\n<div id=\"notCuerpo\">\n<div style=\"text-align: justify;\">\n<p>On Sunday 21 May, Cudeca Cancer Care Hospice, together with <strong>1,600 participants<\/strong>, celebrated its annual walk along Benalm\u00e1dena seafront.<\/p>\n<p>The solidarity campaign of CUDECA aims to raise awareness of its work as well as raising funds to cover the cost of its free Care Programmes provided by doctors, nurses, social workers, psychologists, physiotherapists and volunteers.<\/p>\n<p>Every year CUDECA assists more than 1,300 people with cancer or other advanced non-curable illnesses with support to their family.\u00a0 Since the charity was formed in 1992, Cudeca Foundation has cared for more than 13,000 people, with support to their families, completely free of charge.<\/p>\n<p>Thanks to the affection and solidarity of the participants, friends, collaborators, sponsors and the effort of more than 100 fantastic volunteers, a collection of more than \u20ac 28,000 has been achieved.<\/p>\n<\/div>\n<div style=\"text-align: justify;\">The family and sports day was attended by numerous members of the corporation of the City of Benalm\u00e1dena: \u00a0<strong><a href=\"http:\/\/www.benalmadena.es\/\" target=\"_blank\" rel=\"noopener\">V\u00edctor Navas, Mayor of Benalm\u00e1dena<\/a><\/strong>, <strong>Ana Scherman,<\/strong> Counsellor for celebrations and Irene D\u00edaz, Counsellor for Social Welfare. \u00a0In addition, <strong>Paloma Garc\u00eda<\/strong>, Vice President and delegate of Institutional Relations of <a href=\"http:\/\/www.acosol.es\/\" target=\"_blank\" rel=\"noopener\">Acosol<\/a> was present, <strong>Enrique S\u00e1nchez<\/strong>, Director of the <strong><a href=\"https:\/\/www.caixabank.es\/particular\/home\/particulares_es.html\" target=\"_blank\" rel=\"noopener\">CaixaBank<\/a><\/strong> office in Benalm\u00e1dena Costa.\u00a0 Present from Cudeca Foundation were, <strong>Dr. Marisa Mart\u00edn<\/strong>, Chief Executive &amp; Medical Director and <strong>Rafael Olalla<\/strong>, Deputy Chief Executive Manager and Financial Director.<\/div>\n<div style=\"text-align: justify;\">\n<p>At the seafront participants could enjoy activities for the whole family courtesy of <strong><a href=\"http:\/\/www.exploramas.com\/\" target=\"_blank\" rel=\"noopener\">Exploramas<\/a><\/strong>, inflatable castle courtesy of <strong><a href=\"http:\/\/zimmerman-associates.com\/\" target=\"_blank\" rel=\"noopener\">Zimmerman Castles<\/a><\/strong>, 3 charity paellas cooked by a team of volunteers together with the restaurant <strong><a href=\"http:\/\/www.losmellizos.net\/\" target=\"_blank\" rel=\"noopener\">Los Mellizos<\/a><\/strong>, a raffle with great prizes, and a large stand Courtesy of <strong><a href=\"https:\/\/www.cocacola.es\/home\/\" target=\"_blank\" rel=\"noopener\">Coca Cola<\/a><\/strong> and many more surprises.\u00a0 Also there were live performances by<strong> Mel Williams<\/strong>, <strong><a href=\"https:\/\/www.facebook.com\/NaimaMarClasesDanzaDelVientre\/?ref=page_internal&amp;hc_ref=PAGES_TIMELINE&amp;fref=nf\" target=\"_blank\" rel=\"noopener\">the belly dance group &#8220;Naima&#8221;<\/a><\/strong>, <strong>R-Jay,<\/strong> <strong>Motown &amp; R&#8217;N&#8217;B,<\/strong> <strong>DJ Buyo<\/strong> and <strong>Consuelo Lallay<\/strong>.\u00a0 <strong>Carolina Mart\u00edn<\/strong>, physiotherapist of Cudeca, gave a warm up session so that participants were prepared and relaxed.<\/p>\n<p>The prize for the highest sponsors went to <strong>Bente and Kim Gottlieb<\/strong>, undisputed winners who repeated for one more year, received a prize of 7 nights accommodation in Portugal by courtesy of <strong><a href=\"https:\/\/www.diamondresorts.com\/\" target=\"_blank\" rel=\"noopener\">Diamond Resorts International<\/a><\/strong>; the second prize went to <strong><a href=\"http:\/\/www.soroptimist.org\/\" target=\"_blank\" rel=\"noopener\">Soroptimist<\/a><\/strong>, who received a medical check-up valued \u20ac 1,000 courtesy of <strong><a href=\"http:\/\/xanit.es\/es\/\" target=\"_blank\" rel=\"noopener\">Vithas Xanit International Hospital<\/a><\/strong>; in third place was Cudeca volunteer <strong>Chris Knapp<\/strong> who won a 2 night stay at the <strong><a href=\"http:\/\/www.sunsetbeachclub.es\/\" target=\"_blank\" rel=\"noopener\">Sunset Beach Club hotel<\/a><\/strong> in Ireland.<\/p>\n<\/div>\n<div style=\"text-align: justify;\"><\/div>\n<div style=\"text-align: justify;\">\n<p>The Cudeca Walkathon 2017 had been possible thanks to the colaboration of <strong><a href=\"https:\/\/obrasociallacaixa.org\/\" target=\"_blank\" rel=\"noopener\">Obra Social &#8220;La Caixa&#8221;<\/a><\/strong> and these others: <strong><a href=\"http:\/\/www.benalmadena.es\" target=\"_blank\" rel=\"noopener\">Ayuntamiento de Benalm\u00e1dena,<\/a><\/strong>\u00a0<strong><a href=\"http:\/\/www.pdmbenalmadena.es\/\" target=\"_blank\" rel=\"noopener\">Patronato Deportivo Municipal de Benalm\u00e1dena<\/a><\/strong>,\u00a0<strong><a href=\"http:\/\/www.malaga.es\" target=\"_blank\" rel=\"noopener\">Diputaci\u00f3n de M\u00e1laga,<\/a><\/strong>\u00a0<strong><a href=\"http:\/\/www.acosol.es\/\" target=\"_blank\" rel=\"noopener\">Acosol<\/a><\/strong>,\u00a0<strong><a href=\"http:\/\/www.grupovera.es\/\" target=\"_blank\" rel=\"noopener\">Grupo Vera<\/a><\/strong>,\u00a0<strong><a href=\"http:\/\/www.burgerking.es\/\" target=\"_blank\" rel=\"noopener\">Burger King<\/a><\/strong>,\u00a0<strong><a href=\"http:\/\/www.sunsetbeachclub.es\/\" target=\"_blank\" rel=\"noopener\">Hotel Sunset Beach Club<\/a><\/strong>,\u00a0<strong><a href=\"http:\/\/www.exploramas.com\/\" target=\"_blank\" rel=\"noopener\">Exploram\u00e1s<\/a><\/strong>,\u00a0<strong><a href=\"http:\/\/www.helicopterossanitarios.com\/\" target=\"_blank\" rel=\"noopener\">Helic\u00f3pteros Sanitarios<\/a><\/strong>,\u00a0<strong><a href=\"http:\/\/www.cocacola.es\" target=\"_blank\" rel=\"noopener\">Coca Cola<\/a><\/strong>,\u00a0<strong><a href=\"https:\/\/www.carrefour.es\/tiendas-carrefour\/hipermercados\/carrefour\/torremolinos.aspx\" target=\"_blank\" rel=\"noopener\">Carrefour Torremolinos<\/a><\/strong>,\u00a0<strong><a href=\"http:\/\/www.grupo-gmg.com\/gmg\/gmg_basico\/companias.htm\" target=\"_blank\" rel=\"noopener\">Grupo GMG<\/a><\/strong>,\u00a0<strong><a href=\"http:\/\/www.losmellizos.net\/\" target=\"_blank\" rel=\"noopener\">Restaurante Los Mellizos,<\/a><\/strong>\u00a0<strong><a href=\"http:\/\/www.dumher.com\/\" target=\"_blank\" rel=\"noopener\">Dumher<\/a><\/strong>,\u00a0<strong><a href=\"http:\/\/www.grupoejeventos.com\/es\" target=\"_blank\" rel=\"noopener\">Grupo EJ Eventos<\/a><\/strong>,\u00a0<strong><a href=\"http:\/\/www.talkradioeurope.com\" target=\"_blank\" rel=\"noopener\">Talk Radio Europe<\/a><\/strong>,\u00a0<strong><a href=\"https:\/\/www.quironsalud.es\/\" target=\"_blank\" rel=\"noopener\">Quir\u00f3nsalud<\/a><\/strong>,\u00a0<strong><a href=\"http:\/\/xanit.es\/es\/\" target=\"_blank\" rel=\"noopener\">Vithas Xanit Hospital Internacional<\/a><\/strong>,\u00a0<strong><a href=\"http:\/\/www.gruposafamotor.com\/\" target=\"_blank\" rel=\"noopener\">Grupo Safamotor<\/a><\/strong>,\u00a0<strong><a href=\"http:\/\/cadenaser.com\/emisora\/ser_malaga\/\" target=\"_blank\" rel=\"noopener\">Cadena Ser M\u00e1laga<\/a><\/strong>,\u00a0<strong><a href=\"http:\/\/www.mijascomunicacion.org\/\" target=\"_blank\" rel=\"noopener\">Mijas Comunicaci\u00f3n<\/a><\/strong>,\u00a0<strong><a href=\"http:\/\/www.diariosur.es\/\" target=\"_blank\" rel=\"noopener\">\u00a0Diario Sur<\/a><\/strong>\u00a0y\u00a0<strong><a href=\"http:\/\/www.surinenglish.com\/\" target=\"_blank\" rel=\"noopener\">Sur in English.<\/a><\/strong><\/p>\n<p>We wish to say thank you to the companies involved in the food donations to cook our wonderfull paella and the gifts for the charity raffle:\u00a0<strong>Beltran, Senegar, Frudan, Eucer\u00edn, Duhmer, Panificadora San Antonio Ludelpan, Lorena Caf\u00e9 que ha donado la fruta para los participantes, Panader\u00eda Santa Gema, Restaurante Baboo, Fundaci\u00f3n M\u00e1laga F.C., Unicaja baloncesto, Tivoli World, El Corte Ingl\u00e9s, Famadesa, Reserva del Higuer\u00f3n \/ Nagomi Spa, Club de Hielo Benalm\u00e1dena, Fundaci\u00f3n Picasso, Do\u00f1a Lola, The Beefeater, TRH MIJAS, La Cala Resort, Giusi Fiadone, Bioparc Fuengirola, Centro Principia, Baboo Restaurante, Best Seller, Crossed Sunglasses, Ceres Peluqueros, Restaurante El Higueron, Hotel Las Palmeras, THB Torrequebrada Class, Bliss Beauty &amp; Nails, Nice Things, Hair Salon Salas y Body\u00b4s Fitness Centre.<\/strong><\/p>\n<p>The winners to the largest group were <strong><a href=\"http:\/\/www.juntadeandalucia.es\/averroes\/centros-tic\/29001674\/helvia\/sitio\/\" target=\"_blank\" rel=\"noopener\">Jacaranda School<\/a><\/strong> in Benalm\u00e1dena, which received a prize of free tickets to the main leisure centers of Malaga.<\/p>\n<p>If you wish, it is still possible for you to make a donation to the Cudeca &#8211; Walkathon at <strong><a href=\"http:\/\/www.cudeca.eventos.org\" target=\"_blank\" rel=\"noopener\">www.cudeca.org\/iniciativas-solidarias <\/a><\/strong>or in <strong>Row 0 La Caixa ES48 2100 7681 3523 00060031<\/strong>.<\/p>\n<p><em><strong>We wholeheartedly welcome the support of all institutions, companies, people and, above all, the incredible volunteers who help us achieve our goal: to help many people at the end of life with our special way of caring.<\/strong><\/em><\/p>\n<\/div>\n<\/div>\n<p><\/p>\n<\/div>","protected":false},"excerpt":{"rendered":"<p>On Sunday 21 May, Cudeca Cancer Care Hospice, together with 1,600 participants, celebrated its annual walk along Benalm\u00e1dena seafront. The solidarity campaign of CUDECA aims to raise awareness of its work as well as raising funds to cover the cost of its free Care Programmes provided by doctors, nurses, social workers, psychologists, physiotherapists and volunteers. [&hellip;]<\/p>\n","protected":false},"author":1,"featured_media":0,"comment_status":"open","ping_status":"open","sticky":false,"template":"","format":"standard","meta":[],"categories":[15],"tags":[],"yoast_head":"<!-- This site is optimized with the Yoast SEO plugin v19.4 - https:\/\/yoast.com\/wordpress\/plugins\/seo\/ -->\n<title>1.600 at the Cudeca Walkathon 2017 - Cudeca Cancer Care Hospice<\/title>\n<meta name=\"robots\" content=\"index, follow, max-snippet:-1, max-image-preview:large, max-video-preview:-1\" \/>\n<link rel=\"canonical\" href=\"https:\/\/www.cudeca.org\/?p=16526\" \/>\n<meta property=\"og:locale\" content=\"en_US\" \/>\n<meta property=\"og:type\" content=\"article\" \/>\n<meta property=\"og:title\" content=\"1.600 at the Cudeca Walkathon 2017 - Cudeca Cancer Care Hospice\" \/>\n<meta property=\"og:description\" content=\"On Sunday 21 May, Cudeca Cancer Care Hospice, together with 1,600 participants, celebrated its annual walk along Benalm\u00e1dena seafront. The solidarity campaign of CUDECA aims to raise awareness of its work as well as raising funds to cover the cost of its free Care Programmes provided by doctors, nurses, social workers, psychologists, physiotherapists and volunteers. [&hellip;]\" \/>\n<meta property=\"og:url\" content=\"https:\/\/www.cudeca.org\/?p=16526\" \/>\n<meta property=\"og:site_name\" content=\"Cudeca Cancer Care Hospice\" \/>\n<meta property=\"article:publisher\" content=\"https:\/\/www.facebook.com\/AmigosDeCudeca\" \/>\n<meta property=\"article:published_time\" content=\"2017-05-21T19:12:23+00:00\" \/>\n<meta property=\"article:modified_time\" content=\"2022-03-31T14:18:48+00:00\" \/>\n<meta name=\"author\" content=\"alejandro\" \/>\n<meta name=\"twitter:card\" content=\"summary_large_image\" \/>\n<meta name=\"twitter:creator\" content=\"@cudeca\" \/>\n<meta name=\"twitter:site\" content=\"@cudeca\" \/>\n<meta name=\"twitter:label1\" content=\"Written by\" \/>\n\t<meta name=\"twitter:data1\" content=\"alejandro\" \/>\n\t<meta name=\"twitter:label2\" content=\"Est. reading time\" \/>\n\t<meta name=\"twitter:data2\" content=\"4 minutes\" \/>\n<script type=\"application\/ld+json\" class=\"yoast-schema-graph\">{\"@context\":\"https:\/\/schema.org\",\"@graph\":[{\"@type\":\"Organization\",\"@id\":\"https:\/\/www.cudeca.org\/#organization\",\"name\":\"Fundaci\u00f3n Cudeca\",\"url\":\"https:\/\/www.cudeca.org\/\",\"sameAs\":[\"https:\/\/www.youtube.com\/c\/cudecamalaga\",\"https:\/\/www.facebook.com\/AmigosDeCudeca\",\"https:\/\/twitter.com\/cudeca\"],\"logo\":{\"@type\":\"ImageObject\",\"inLanguage\":\"en-US\",\"@id\":\"https:\/\/www.cudeca.org\/#\/schema\/logo\/image\/\",\"url\":\"https:\/\/www.cudeca.org\/wp-content\/uploads\/2018\/02\/cudeca-logo.png\",\"contentUrl\":\"https:\/\/www.cudeca.org\/wp-content\/uploads\/2018\/02\/cudeca-logo.png\",\"width\":2121,\"height\":984,\"caption\":\"Fundaci\u00f3n Cudeca\"},\"image\":{\"@id\":\"https:\/\/www.cudeca.org\/#\/schema\/logo\/image\/\"}},{\"@type\":\"WebSite\",\"@id\":\"https:\/\/www.cudeca.org\/#website\",\"url\":\"https:\/\/www.cudeca.org\/\",\"name\":\"Fundaci\u00f3n Cudeca\",\"description\":\"Cudeca Hospice\",\"publisher\":{\"@id\":\"https:\/\/www.cudeca.org\/#organization\"},\"potentialAction\":[{\"@type\":\"SearchAction\",\"target\":{\"@type\":\"EntryPoint\",\"urlTemplate\":\"https:\/\/www.cudeca.org\/?s={search_term_string}\"},\"query-input\":\"required name=search_term_string\"}],\"inLanguage\":\"en-US\"},{\"@type\":\"WebPage\",\"@id\":\"https:\/\/www.cudeca.org\/?p=16526\",\"url\":\"https:\/\/www.cudeca.org\/?p=16526\",\"name\":\"1.600 at the Cudeca Walkathon 2017 - Cudeca Cancer Care Hospice\",\"isPartOf\":{\"@id\":\"https:\/\/www.cudeca.org\/#website\"},\"datePublished\":\"2017-05-21T19:12:23+00:00\",\"dateModified\":\"2022-03-31T14:18:48+00:00\",\"breadcrumb\":{\"@id\":\"https:\/\/www.cudeca.org\/?p=16526#breadcrumb\"},\"inLanguage\":\"en-US\",\"potentialAction\":[{\"@type\":\"ReadAction\",\"target\":[\"https:\/\/www.cudeca.org\/?p=16526\"]}]},{\"@type\":\"BreadcrumbList\",\"@id\":\"https:\/\/www.cudeca.org\/?p=16526#breadcrumb\",\"itemListElement\":[{\"@type\":\"ListItem\",\"position\":1,\"name\":\"Portada\",\"item\":\"https:\/\/www.cudeca.org\/\"},{\"@type\":\"ListItem\",\"position\":2,\"name\":\"1.600 participantes en la Marcha por Cudeca \u2013 Walkathon 2017\"}]},{\"@type\":\"Article\",\"@id\":\"https:\/\/www.cudeca.org\/?p=16526#article\",\"isPartOf\":{\"@id\":\"https:\/\/www.cudeca.org\/?p=16526\"},\"author\":{\"name\":\"alejandro\",\"@id\":\"https:\/\/www.cudeca.org\/#\/schema\/person\/dfee2448fca08abc2285ca9258908995\"},\"headline\":\"1.600 at the Cudeca Walkathon 2017\",\"datePublished\":\"2017-05-21T19:12:23+00:00\",\"dateModified\":\"2022-03-31T14:18:48+00:00\",\"mainEntityOfPage\":{\"@id\":\"https:\/\/www.cudeca.org\/?p=16526\"},\"wordCount\":1483,\"commentCount\":0,\"publisher\":{\"@id\":\"https:\/\/www.cudeca.org\/#organization\"},\"articleSection\":[\"\"],\"inLanguage\":\"en-US\",\"potentialAction\":[{\"@type\":\"CommentAction\",\"name\":\"Comment\",\"target\":[\"https:\/\/www.cudeca.org\/?p=16526#respond\"]}]},{\"@type\":\"Person\",\"@id\":\"https:\/\/www.cudeca.org\/#\/schema\/person\/dfee2448fca08abc2285ca9258908995\",\"name\":\"alejandro\",\"image\":{\"@type\":\"ImageObject\",\"inLanguage\":\"en-US\",\"@id\":\"https:\/\/www.cudeca.org\/#\/schema\/person\/image\/\",\"url\":\"https:\/\/secure.gravatar.com\/avatar\/f08f1fdaee7bbdfa207690fd4dfaecd9?s=96&d=mm&r=g\",\"contentUrl\":\"https:\/\/secure.gravatar.com\/avatar\/f08f1fdaee7bbdfa207690fd4dfaecd9?s=96&d=mm&r=g\",\"caption\":\"alejandro\"}}]}<\/script>\n<!-- \/ Yoast SEO plugin. -->","yoast_head_json":{"title":"1.600 at the Cudeca Walkathon 2017 - Cudeca Cancer Care Hospice","robots":{"index":"index","follow":"follow","max-snippet":"max-snippet:-1","max-image-preview":"max-image-preview:large","max-video-preview":"max-video-preview:-1"},"canonical":"https:\/\/www.cudeca.org\/?p=16526","og_locale":"en_US","og_type":"article","og_title":"1.600 at the Cudeca Walkathon 2017 - Cudeca Cancer Care Hospice","og_description":"On Sunday 21 May, Cudeca Cancer Care Hospice, together with 1,600 participants, celebrated its annual walk along Benalm\u00e1dena seafront. The solidarity campaign of CUDECA aims to raise awareness of its work as well as raising funds to cover the cost of its free Care Programmes provided by doctors, nurses, social workers, psychologists, physiotherapists and volunteers. [&hellip;]","og_url":"https:\/\/www.cudeca.org\/?p=16526","og_site_name":"Cudeca Cancer Care Hospice","article_publisher":"https:\/\/www.facebook.com\/AmigosDeCudeca","article_published_time":"2017-05-21T19:12:23+00:00","article_modified_time":"2022-03-31T14:18:48+00:00","author":"alejandro","twitter_card":"summary_large_image","twitter_creator":"@cudeca","twitter_site":"@cudeca","twitter_misc":{"Written by":"alejandro","Est. reading time":"4 minutes"},"schema":{"@context":"https:\/\/schema.org","@graph":[{"@type":"Organization","@id":"https:\/\/www.cudeca.org\/#organization","name":"Fundaci\u00f3n Cudeca","url":"https:\/\/www.cudeca.org\/","sameAs":["https:\/\/www.youtube.com\/c\/cudecamalaga","https:\/\/www.facebook.com\/AmigosDeCudeca","https:\/\/twitter.com\/cudeca"],"logo":{"@type":"ImageObject","inLanguage":"en-US","@id":"https:\/\/www.cudeca.org\/#\/schema\/logo\/image\/","url":"https:\/\/www.cudeca.org\/wp-content\/uploads\/2018\/02\/cudeca-logo.png","contentUrl":"https:\/\/www.cudeca.org\/wp-content\/uploads\/2018\/02\/cudeca-logo.png","width":2121,"height":984,"caption":"Fundaci\u00f3n Cudeca"},"image":{"@id":"https:\/\/www.cudeca.org\/#\/schema\/logo\/image\/"}},{"@type":"WebSite","@id":"https:\/\/www.cudeca.org\/#website","url":"https:\/\/www.cudeca.org\/","name":"Fundaci\u00f3n Cudeca","description":"Cudeca Hospice","publisher":{"@id":"https:\/\/www.cudeca.org\/#organization"},"potentialAction":[{"@type":"SearchAction","target":{"@type":"EntryPoint","urlTemplate":"https:\/\/www.cudeca.org\/?s={search_term_string}"},"query-input":"required name=search_term_string"}],"inLanguage":"en-US"},{"@type":"WebPage","@id":"https:\/\/www.cudeca.org\/?p=16526","url":"https:\/\/www.cudeca.org\/?p=16526","name":"1.600 at the Cudeca Walkathon 2017 - Cudeca Cancer Care Hospice","isPartOf":{"@id":"https:\/\/www.cudeca.org\/#website"},"datePublished":"2017-05-21T19:12:23+00:00","dateModified":"2022-03-31T14:18:48+00:00","breadcrumb":{"@id":"https:\/\/www.cudeca.org\/?p=16526#breadcrumb"},"inLanguage":"en-US","potentialAction":[{"@type":"ReadAction","target":["https:\/\/www.cudeca.org\/?p=16526"]}]},{"@type":"BreadcrumbList","@id":"https:\/\/www.cudeca.org\/?p=16526#breadcrumb","itemListElement":[{"@type":"ListItem","position":1,"name":"Portada","item":"https:\/\/www.cudeca.org\/"},{"@type":"ListItem","position":2,"name":"1.600 participantes en la Marcha por Cudeca \u2013 Walkathon 2017"}]},{"@type":"Article","@id":"https:\/\/www.cudeca.org\/?p=16526#article","isPartOf":{"@id":"https:\/\/www.cudeca.org\/?p=16526"},"author":{"name":"alejandro","@id":"https:\/\/www.cudeca.org\/#\/schema\/person\/dfee2448fca08abc2285ca9258908995"},"headline":"1.600 at the Cudeca Walkathon 2017","datePublished":"2017-05-21T19:12:23+00:00","dateModified":"2022-03-31T14:18:48+00:00","mainEntityOfPage":{"@id":"https:\/\/www.cudeca.org\/?p=16526"},"wordCount":1483,"commentCount":0,"publisher":{"@id":"https:\/\/www.cudeca.org\/#organization"},"articleSection":[""],"inLanguage":"en-US","potentialAction":[{"@type":"CommentAction","name":"Comment","target":["https:\/\/www.cudeca.org\/?p=16526#respond"]}]},{"@type":"Person","@id":"https:\/\/www.cudeca.org\/#\/schema\/person\/dfee2448fca08abc2285ca9258908995","name":"alejandro","image":{"@type":"ImageObject","inLanguage":"en-US","@id":"https:\/\/www.cudeca.org\/#\/schema\/person\/image\/","url":"https:\/\/secure.gravatar.com\/avatar\/f08f1fdaee7bbdfa207690fd4dfaecd9?s=96&d=mm&r=g","contentUrl":"https:\/\/secure.gravatar.com\/avatar\/f08f1fdaee7bbdfa207690fd4dfaecd9?s=96&d=mm&r=g","caption":"alejandro"}}]}},"_links":{"self":[{"href":"https:\/\/www.cudeca.org\/en\/wp-json\/wp\/v2\/posts\/16526"}],"collection":[{"href":"https:\/\/www.cudeca.org\/en\/wp-json\/wp\/v2\/posts"}],"about":[{"href":"https:\/\/www.cudeca.org\/en\/wp-json\/wp\/v2\/types\/post"}],"author":[{"embeddable":true,"href":"https:\/\/www.cudeca.org\/en\/wp-json\/wp\/v2\/users\/1"}],"replies":[{"embeddable":true,"href":"https:\/\/www.cudeca.org\/en\/wp-json\/wp\/v2\/comments?post=16526"}],"version-history":[{"count":1,"href":"https:\/\/www.cudeca.org\/en\/wp-json\/wp\/v2\/posts\/16526\/revisions"}],"predecessor-version":[{"id":27124,"href":"https:\/\/www.cudeca.org\/en\/wp-json\/wp\/v2\/posts\/16526\/revisions\/27124"}],"wp:attachment":[{"href":"https:\/\/www.cudeca.org\/en\/wp-json\/wp\/v2\/media?parent=16526"}],"wp:term":[{"taxonomy":"category","embeddable":true,"href":"https:\/\/www.cudeca.org\/en\/wp-json\/wp\/v2\/categories?post=16526"},{"taxonomy":"post_tag","embeddable":true,"href":"https:\/\/www.cudeca.org\/en\/wp-json\/wp\/v2\/tags?post=16526"}],"curies":[{"name":"wp","href":"https:\/\/api.w.org\/{rel}","templated":true}]}}