{"id":16521,"date":"2017-04-19T19:12:10","date_gmt":"2017-04-19T19:12:10","guid":{"rendered":"https:\/\/www.cudeca.org\/actualidad\/cudeca-hospice-2016-annual-results-presentation\/"},"modified":"2017-04-19T19:12:10","modified_gmt":"2017-04-19T19:12:10","slug":"cudeca-hospice-2016-annual-results-presentation","status":"publish","type":"post","link":"https:\/\/www.cudeca.org\/en\/actualidad\/cudeca-hospice-2016-annual-results-presentation\/","title":{"rendered":"Cudeca Hospice 2016 Annual Results Presentation"},"content":{"rendered":"<p><\/p>\n<div id=\"notCuerpo\">\n<div>We\u00a0celebrated\u00a0our <strong>Annual Results Presentation 2016 <\/strong>at the Cudeca Hospice in Benalm\u00e1dena. \u00a0<br \/>  \u00a0<br \/>  Attending were many representatives of public institutions, companies, organizations, together with volunteers, friends and many supporters, including <strong>Charmaine Arbouin <\/strong>British Consulate Consul; <strong>Adele Mutwalli<\/strong>, President of Baratillo Ben\u00e9fico San Pedro, <strong>Russell Riggs<\/strong> from Good Companions, <strong>Jos\u00e9 Lu\u00eds Mella<\/strong>, Resorts Manager CLC World and <strong>Martin Nathan<\/strong>, Chairman of Talk Radio Europe. And from Cudeca Hospice, <strong>Joan Hunt<\/strong>, Honorary President and Founder; <strong>Susan Hannam<\/strong>, Vice-President of Cudeca; <strong>Dr. Mar\u00eda Luisa Mart\u00edn<\/strong>, Chief Executive and Medical Director; <strong>Rafael Olalla<\/strong>, Deputy Chief Executive and Financial Director<br \/>  \u00a0<br \/>  <strong>Joan Hunt <\/strong>opened the presentation with a huge thank you to the attendees as well as all the people who have made it possible for CUDECA to care for over 13,000 patients and their families, completely free of charge. Right after, Joan Hunt was followed by Marisa Martin who summarizes the first 25 years of Cudeca\u00b4s History.<\/div>\n<div>  <strong>Dr. Mar\u00eda Luisa Mart\u00edn<\/strong>, Chief Executive &amp; Medical Director explained the result of the caring provided during 2016 to 1,270 patients by the 5 Home Care Teams and 235 patients cared for in the In-Patient Unit. She also announced that this year a Master Degree in Palliative Care had been developed in collaboration with the University of Malaga and the General Foundation of the University of Malaga. She also highlighted as future projects: the improvement of Palliative Care for children and also the construction of the Training Centre as a way to finance Cudeca\u00b4s care and spread the knowledge of Palliative Care among national &amp; international professionals. She ended saying: \u201cthe mission of Cudeca is to assure dignity, hope, election &amp; control for all the patients and their families at the end of life\u201d.<br \/>  \u00a0<br \/>  <strong>Rafael Olalla<\/strong>, Deputy Chief Executive and Finance Director highlighted the positive economic result for the fourth consecutive year. &#8220;It is 25 years of solid growth, with diversified revenues, and extraordinary support from the entire community globally,&#8221; he added. &#8220;Still, every year we must continue to strive to find the 3.5 million euros annual budget that the Cudeca project costs today. 15% of the income comes from a public source; the rest of it comes from the generosity of the community. &#8220;<\/div>\n<div>  Following the two reports, the 2016 <strong>Gold Pin <\/strong>was awarded by Joan Hunt, O.B.E. to <strong>Susan Hannam<\/strong>, Vice President, in recognition to her longstanding and highly valued collaboration. Susan Hannam expressed how an honour receiving this Gold Pin was to her and how gratifying all these years besides Joan Hunt had been. She decided to join up Joan\u00b4s project back in 1992 and still today this means a huge achievement for her to be part of Cudeca.\u00a0 During the Annual Presentation in Spanish, the psychologist <strong>Josefina Mateos <\/strong>was awarded with the Gold Pin in recognition to her collaboration during 25 years.<br \/>  \u00a0<br \/>  Finally, <strong>Joan Hunt <\/strong>expressed her wish to let everyone know how important all volunteers have been for Cudeca since the beginning, and how incredible the idea of having a hospice seemed in the first place. Joan Hunt explained how fulfilled she felt every time she thought of the more than 900 volunteers enabling Cudeca to open more shops to raise funds to help more patients who need Cudeca. After her speech, she invited all present to a cocktail served by Los Mellizos and thanked everybody for attending the Annual Results Presentation.<\/div><\/div>\n<p><\/p>","protected":false},"excerpt":{"rendered":"<p>We\u00a0celebrated\u00a0our Annual Results Presentation 2016 at the Cudeca Hospice in Benalm\u00e1dena. \u00a0 \u00a0 Attending were many representatives of public institutions, companies, organizations, together with volunteers, friends and many supporters, including Charmaine Arbouin British Consulate Consul; Adele Mutwalli, President of Baratillo Ben\u00e9fico San Pedro, Russell Riggs from Good Companions, Jos\u00e9 Lu\u00eds Mella, Resorts Manager CLC World [&hellip;]<\/p>\n","protected":false},"author":0,"featured_media":0,"comment_status":"open","ping_status":"open","sticky":false,"template":"","format":"standard","meta":[],"categories":[15],"tags":[],"yoast_head":"<!-- This site is optimized with the Yoast SEO plugin v19.4 - https:\/\/yoast.com\/wordpress\/plugins\/seo\/ -->\n<title>Cudeca Hospice 2016 Annual Results Presentation - Cudeca Cancer Care Hospice<\/title>\n<meta name=\"robots\" content=\"index, follow, max-snippet:-1, max-image-preview:large, max-video-preview:-1\" \/>\n<link rel=\"canonical\" href=\"https:\/\/www.cudeca.org\/actualidad\/cudeca-hospice-2016-annual-results-presentation\/\" \/>\n<meta property=\"og:locale\" content=\"en_US\" \/>\n<meta property=\"og:type\" content=\"article\" \/>\n<meta property=\"og:title\" content=\"Cudeca Hospice 2016 Annual Results Presentation - Cudeca Cancer Care Hospice\" \/>\n<meta property=\"og:description\" content=\"We\u00a0celebrated\u00a0our Annual Results Presentation 2016 at the Cudeca Hospice in Benalm\u00e1dena. \u00a0 \u00a0 Attending were many representatives of public institutions, companies, organizations, together with volunteers, friends and many supporters, including Charmaine Arbouin British Consulate Consul; Adele Mutwalli, President of Baratillo Ben\u00e9fico San Pedro, Russell Riggs from Good Companions, Jos\u00e9 Lu\u00eds Mella, Resorts Manager CLC World [&hellip;]\" \/>\n<meta property=\"og:url\" content=\"https:\/\/www.cudeca.org\/actualidad\/cudeca-hospice-2016-annual-results-presentation\/\" \/>\n<meta property=\"og:site_name\" content=\"Cudeca Cancer Care Hospice\" \/>\n<meta property=\"article:publisher\" content=\"https:\/\/www.facebook.com\/AmigosDeCudeca\" \/>\n<meta property=\"article:published_time\" content=\"2017-04-19T19:12:10+00:00\" \/>\n<meta name=\"twitter:card\" content=\"summary_large_image\" \/>\n<meta name=\"twitter:creator\" content=\"@cudeca\" \/>\n<meta name=\"twitter:site\" content=\"@cudeca\" \/>\n<meta name=\"twitter:label1\" content=\"Est. reading time\" \/>\n\t<meta name=\"twitter:data1\" content=\"3 minutes\" \/>\n<script type=\"application\/ld+json\" class=\"yoast-schema-graph\">{\"@context\":\"https:\/\/schema.org\",\"@graph\":[{\"@type\":\"Organization\",\"@id\":\"https:\/\/www.cudeca.org\/#organization\",\"name\":\"Fundaci\u00f3n Cudeca\",\"url\":\"https:\/\/www.cudeca.org\/\",\"sameAs\":[\"https:\/\/www.youtube.com\/c\/cudecamalaga\",\"https:\/\/www.facebook.com\/AmigosDeCudeca\",\"https:\/\/twitter.com\/cudeca\"],\"logo\":{\"@type\":\"ImageObject\",\"inLanguage\":\"en-US\",\"@id\":\"https:\/\/www.cudeca.org\/#\/schema\/logo\/image\/\",\"url\":\"https:\/\/www.cudeca.org\/wp-content\/uploads\/2018\/02\/cudeca-logo.png\",\"contentUrl\":\"https:\/\/www.cudeca.org\/wp-content\/uploads\/2018\/02\/cudeca-logo.png\",\"width\":2121,\"height\":984,\"caption\":\"Fundaci\u00f3n Cudeca\"},\"image\":{\"@id\":\"https:\/\/www.cudeca.org\/#\/schema\/logo\/image\/\"}},{\"@type\":\"WebSite\",\"@id\":\"https:\/\/www.cudeca.org\/#website\",\"url\":\"https:\/\/www.cudeca.org\/\",\"name\":\"Fundaci\u00f3n Cudeca\",\"description\":\"Cudeca Hospice\",\"publisher\":{\"@id\":\"https:\/\/www.cudeca.org\/#organization\"},\"potentialAction\":[{\"@type\":\"SearchAction\",\"target\":{\"@type\":\"EntryPoint\",\"urlTemplate\":\"https:\/\/www.cudeca.org\/?s={search_term_string}\"},\"query-input\":\"required name=search_term_string\"}],\"inLanguage\":\"en-US\"},{\"@type\":\"WebPage\",\"@id\":\"https:\/\/www.cudeca.org\/actualidad\/cudeca-hospice-2016-annual-results-presentation\/\",\"url\":\"https:\/\/www.cudeca.org\/actualidad\/cudeca-hospice-2016-annual-results-presentation\/\",\"name\":\"Cudeca Hospice 2016 Annual Results Presentation - Cudeca Cancer Care Hospice\",\"isPartOf\":{\"@id\":\"https:\/\/www.cudeca.org\/#website\"},\"datePublished\":\"2017-04-19T19:12:10+00:00\",\"dateModified\":\"2017-04-19T19:12:10+00:00\",\"breadcrumb\":{\"@id\":\"https:\/\/www.cudeca.org\/actualidad\/cudeca-hospice-2016-annual-results-presentation\/#breadcrumb\"},\"inLanguage\":\"en-US\",\"potentialAction\":[{\"@type\":\"ReadAction\",\"target\":[\"https:\/\/www.cudeca.org\/actualidad\/cudeca-hospice-2016-annual-results-presentation\/\"]}]},{\"@type\":\"BreadcrumbList\",\"@id\":\"https:\/\/www.cudeca.org\/actualidad\/cudeca-hospice-2016-annual-results-presentation\/#breadcrumb\",\"itemListElement\":[{\"@type\":\"ListItem\",\"position\":1,\"name\":\"Portada\",\"item\":\"https:\/\/www.cudeca.org\/\"},{\"@type\":\"ListItem\",\"position\":2,\"name\":\"Cudeca Hospice 2016 Annual Results Presentation\"}]},{\"@type\":\"Article\",\"@id\":\"https:\/\/www.cudeca.org\/actualidad\/cudeca-hospice-2016-annual-results-presentation\/#article\",\"isPartOf\":{\"@id\":\"https:\/\/www.cudeca.org\/actualidad\/cudeca-hospice-2016-annual-results-presentation\/\"},\"author\":{\"name\":\"\",\"@id\":\"\"},\"headline\":\"Cudeca Hospice 2016 Annual Results Presentation\",\"datePublished\":\"2017-04-19T19:12:10+00:00\",\"dateModified\":\"2017-04-19T19:12:10+00:00\",\"mainEntityOfPage\":{\"@id\":\"https:\/\/www.cudeca.org\/actualidad\/cudeca-hospice-2016-annual-results-presentation\/\"},\"wordCount\":563,\"commentCount\":0,\"publisher\":{\"@id\":\"https:\/\/www.cudeca.org\/#organization\"},\"articleSection\":[\"\"],\"inLanguage\":\"en-US\",\"potentialAction\":[{\"@type\":\"CommentAction\",\"name\":\"Comment\",\"target\":[\"https:\/\/www.cudeca.org\/actualidad\/cudeca-hospice-2016-annual-results-presentation\/#respond\"]}]}]}<\/script>\n<!-- \/ Yoast SEO plugin. -->","yoast_head_json":{"title":"Cudeca Hospice 2016 Annual Results Presentation - Cudeca Cancer Care Hospice","robots":{"index":"index","follow":"follow","max-snippet":"max-snippet:-1","max-image-preview":"max-image-preview:large","max-video-preview":"max-video-preview:-1"},"canonical":"https:\/\/www.cudeca.org\/actualidad\/cudeca-hospice-2016-annual-results-presentation\/","og_locale":"en_US","og_type":"article","og_title":"Cudeca Hospice 2016 Annual Results Presentation - Cudeca Cancer Care Hospice","og_description":"We\u00a0celebrated\u00a0our Annual Results Presentation 2016 at the Cudeca Hospice in Benalm\u00e1dena. \u00a0 \u00a0 Attending were many representatives of public institutions, companies, organizations, together with volunteers, friends and many supporters, including Charmaine Arbouin British Consulate Consul; Adele Mutwalli, President of Baratillo Ben\u00e9fico San Pedro, Russell Riggs from Good Companions, Jos\u00e9 Lu\u00eds Mella, Resorts Manager CLC World [&hellip;]","og_url":"https:\/\/www.cudeca.org\/actualidad\/cudeca-hospice-2016-annual-results-presentation\/","og_site_name":"Cudeca Cancer Care Hospice","article_publisher":"https:\/\/www.facebook.com\/AmigosDeCudeca","article_published_time":"2017-04-19T19:12:10+00:00","twitter_card":"summary_large_image","twitter_creator":"@cudeca","twitter_site":"@cudeca","twitter_misc":{"Est. reading time":"3 minutes"},"schema":{"@context":"https:\/\/schema.org","@graph":[{"@type":"Organization","@id":"https:\/\/www.cudeca.org\/#organization","name":"Fundaci\u00f3n Cudeca","url":"https:\/\/www.cudeca.org\/","sameAs":["https:\/\/www.youtube.com\/c\/cudecamalaga","https:\/\/www.facebook.com\/AmigosDeCudeca","https:\/\/twitter.com\/cudeca"],"logo":{"@type":"ImageObject","inLanguage":"en-US","@id":"https:\/\/www.cudeca.org\/#\/schema\/logo\/image\/","url":"https:\/\/www.cudeca.org\/wp-content\/uploads\/2018\/02\/cudeca-logo.png","contentUrl":"https:\/\/www.cudeca.org\/wp-content\/uploads\/2018\/02\/cudeca-logo.png","width":2121,"height":984,"caption":"Fundaci\u00f3n Cudeca"},"image":{"@id":"https:\/\/www.cudeca.org\/#\/schema\/logo\/image\/"}},{"@type":"WebSite","@id":"https:\/\/www.cudeca.org\/#website","url":"https:\/\/www.cudeca.org\/","name":"Fundaci\u00f3n Cudeca","description":"Cudeca Hospice","publisher":{"@id":"https:\/\/www.cudeca.org\/#organization"},"potentialAction":[{"@type":"SearchAction","target":{"@type":"EntryPoint","urlTemplate":"https:\/\/www.cudeca.org\/?s={search_term_string}"},"query-input":"required name=search_term_string"}],"inLanguage":"en-US"},{"@type":"WebPage","@id":"https:\/\/www.cudeca.org\/actualidad\/cudeca-hospice-2016-annual-results-presentation\/","url":"https:\/\/www.cudeca.org\/actualidad\/cudeca-hospice-2016-annual-results-presentation\/","name":"Cudeca Hospice 2016 Annual Results Presentation - Cudeca Cancer Care Hospice","isPartOf":{"@id":"https:\/\/www.cudeca.org\/#website"},"datePublished":"2017-04-19T19:12:10+00:00","dateModified":"2017-04-19T19:12:10+00:00","breadcrumb":{"@id":"https:\/\/www.cudeca.org\/actualidad\/cudeca-hospice-2016-annual-results-presentation\/#breadcrumb"},"inLanguage":"en-US","potentialAction":[{"@type":"ReadAction","target":["https:\/\/www.cudeca.org\/actualidad\/cudeca-hospice-2016-annual-results-presentation\/"]}]},{"@type":"BreadcrumbList","@id":"https:\/\/www.cudeca.org\/actualidad\/cudeca-hospice-2016-annual-results-presentation\/#breadcrumb","itemListElement":[{"@type":"ListItem","position":1,"name":"Portada","item":"https:\/\/www.cudeca.org\/"},{"@type":"ListItem","position":2,"name":"Cudeca Hospice 2016 Annual Results Presentation"}]},{"@type":"Article","@id":"https:\/\/www.cudeca.org\/actualidad\/cudeca-hospice-2016-annual-results-presentation\/#article","isPartOf":{"@id":"https:\/\/www.cudeca.org\/actualidad\/cudeca-hospice-2016-annual-results-presentation\/"},"author":{"name":"","@id":""},"headline":"Cudeca Hospice 2016 Annual Results Presentation","datePublished":"2017-04-19T19:12:10+00:00","dateModified":"2017-04-19T19:12:10+00:00","mainEntityOfPage":{"@id":"https:\/\/www.cudeca.org\/actualidad\/cudeca-hospice-2016-annual-results-presentation\/"},"wordCount":563,"commentCount":0,"publisher":{"@id":"https:\/\/www.cudeca.org\/#organization"},"articleSection":[""],"inLanguage":"en-US","potentialAction":[{"@type":"CommentAction","name":"Comment","target":["https:\/\/www.cudeca.org\/actualidad\/cudeca-hospice-2016-annual-results-presentation\/#respond"]}]}]}},"_links":{"self":[{"href":"https:\/\/www.cudeca.org\/en\/wp-json\/wp\/v2\/posts\/16521"}],"collection":[{"href":"https:\/\/www.cudeca.org\/en\/wp-json\/wp\/v2\/posts"}],"about":[{"href":"https:\/\/www.cudeca.org\/en\/wp-json\/wp\/v2\/types\/post"}],"replies":[{"embeddable":true,"href":"https:\/\/www.cudeca.org\/en\/wp-json\/wp\/v2\/comments?post=16521"}],"version-history":[{"count":0,"href":"https:\/\/www.cudeca.org\/en\/wp-json\/wp\/v2\/posts\/16521\/revisions"}],"wp:attachment":[{"href":"https:\/\/www.cudeca.org\/en\/wp-json\/wp\/v2\/media?parent=16521"}],"wp:term":[{"taxonomy":"category","embeddable":true,"href":"https:\/\/www.cudeca.org\/en\/wp-json\/wp\/v2\/categories?post=16521"},{"taxonomy":"post_tag","embeddable":true,"href":"https:\/\/www.cudeca.org\/en\/wp-json\/wp\/v2\/tags?post=16521"}],"curies":[{"name":"wp","href":"https:\/\/api.w.org\/{rel}","templated":true}]}}