{"id":16479,"date":"2016-08-22T19:03:41","date_gmt":"2016-08-22T19:03:41","guid":{"rendered":"https:\/\/www.cudeca.org\/actualidad\/cmpeta-awards-cudeca-hospice-for-its-charity-work\/"},"modified":"2016-08-22T19:03:41","modified_gmt":"2016-08-22T19:03:41","slug":"cmpeta-awards-cudeca-hospice-for-its-charity-work","status":"publish","type":"post","link":"https:\/\/www.cudeca.org\/en\/actualidad\/cmpeta-awards-cudeca-hospice-for-its-charity-work\/","title":{"rendered":"C&#243;mpeta awards Cudeca Hospice for its charity work"},"content":{"rendered":"<p><\/p>\n<div id=\"notCuerpo\">\n<div style=\"text-align: justify\">Benalm\u00e1dena, 22nd August 2016<br \/>  Author: Natividad G\u00f3mez<br \/>  \u00a0<br \/>  \u00a0<br \/>  On 15th August, <strong>C\u00f3mpeta Town Hall<\/strong> presented Cudeca Cancer Care Hospice with an award in recognition of their outstanding charity work, at <strong>C\u00f3mpeta\u00b4s Noche del Vino Celebrations.<\/strong><br \/>  \u00a0<br \/>  <strong>Cindy Jones<\/strong>, supporter and volunteer of the Cudeca Hospice, was delighted to receive the award <strong>\u201cVendimiador de Honor 2016\u201d<\/strong>, along with more volunteers and supporters of Cudeca. The Mayor of C\u00f3mpeta, <strong>D. Obdulio P\u00e9rez Fern\u00e1ndez<\/strong> was responsible for presenting the awards.<br \/>  \u00a0<br \/>  Cudeca is sincerely grateful to Cindy Jones and her wonderful volunteer team for their continue support.<br \/>  \u00a0<br \/>  \u00a0<span style=\"text-align: center\">\u00a0<\/span><\/div>\n<div style=\"text-align: center\"><strong>YOUR HELP GIVES LIFE TO THEIR DAYS<\/strong><br \/>  \u00a0<br \/>  \u00a0<br \/>  \u00a0<\/div><\/div>\n<p><\/p>","protected":false},"excerpt":{"rendered":"<p>Benalm\u00e1dena, 22nd August 2016 Author: Natividad G\u00f3mez \u00a0 \u00a0 On 15th August, C\u00f3mpeta Town Hall presented Cudeca Cancer Care Hospice with an award in recognition of their outstanding charity work, at C\u00f3mpeta\u00b4s Noche del Vino Celebrations. \u00a0 Cindy Jones, supporter and volunteer of the Cudeca Hospice, was delighted to receive the award \u201cVendimiador de Honor [&hellip;]<\/p>\n","protected":false},"author":0,"featured_media":0,"comment_status":"open","ping_status":"open","sticky":false,"template":"","format":"standard","meta":[],"categories":[15],"tags":[],"yoast_head":"<!-- This site is optimized with the Yoast SEO plugin v19.4 - https:\/\/yoast.com\/wordpress\/plugins\/seo\/ -->\n<title>C&#243;mpeta awards Cudeca Hospice for its charity work - Cudeca Cancer Care Hospice<\/title>\n<meta name=\"robots\" content=\"index, follow, max-snippet:-1, max-image-preview:large, max-video-preview:-1\" \/>\n<link rel=\"canonical\" href=\"https:\/\/www.cudeca.org\/en\/actualidad\/cmpeta-awards-cudeca-hospice-for-its-charity-work\/\" \/>\n<meta property=\"og:locale\" content=\"en_US\" \/>\n<meta property=\"og:type\" content=\"article\" \/>\n<meta property=\"og:title\" content=\"C&#243;mpeta awards Cudeca Hospice for its charity work - Cudeca Cancer Care Hospice\" \/>\n<meta property=\"og:description\" content=\"Benalm\u00e1dena, 22nd August 2016 Author: Natividad G\u00f3mez \u00a0 \u00a0 On 15th August, C\u00f3mpeta Town Hall presented Cudeca Cancer Care Hospice with an award in recognition of their outstanding charity work, at C\u00f3mpeta\u00b4s Noche del Vino Celebrations. \u00a0 Cindy Jones, supporter and volunteer of the Cudeca Hospice, was delighted to receive the award \u201cVendimiador de Honor [&hellip;]\" \/>\n<meta property=\"og:url\" content=\"https:\/\/www.cudeca.org\/en\/actualidad\/cmpeta-awards-cudeca-hospice-for-its-charity-work\/\" \/>\n<meta property=\"og:site_name\" content=\"Cudeca Cancer Care Hospice\" \/>\n<meta property=\"article:publisher\" content=\"https:\/\/www.facebook.com\/AmigosDeCudeca\" \/>\n<meta property=\"article:published_time\" content=\"2016-08-22T19:03:41+00:00\" \/>\n<meta name=\"twitter:card\" content=\"summary_large_image\" \/>\n<meta name=\"twitter:creator\" content=\"@cudeca\" \/>\n<meta name=\"twitter:site\" content=\"@cudeca\" \/>\n<meta name=\"twitter:label1\" content=\"Est. reading time\" \/>\n\t<meta name=\"twitter:data1\" content=\"1 minute\" \/>\n<script type=\"application\/ld+json\" class=\"yoast-schema-graph\">{\"@context\":\"https:\/\/schema.org\",\"@graph\":[{\"@type\":\"Organization\",\"@id\":\"https:\/\/www.cudeca.org\/#organization\",\"name\":\"Fundaci\u00f3n Cudeca\",\"url\":\"https:\/\/www.cudeca.org\/\",\"sameAs\":[\"https:\/\/www.youtube.com\/c\/cudecamalaga\",\"https:\/\/www.facebook.com\/AmigosDeCudeca\",\"https:\/\/twitter.com\/cudeca\"],\"logo\":{\"@type\":\"ImageObject\",\"inLanguage\":\"en-US\",\"@id\":\"https:\/\/www.cudeca.org\/#\/schema\/logo\/image\/\",\"url\":\"https:\/\/www.cudeca.org\/wp-content\/uploads\/2018\/02\/cudeca-logo.png\",\"contentUrl\":\"https:\/\/www.cudeca.org\/wp-content\/uploads\/2018\/02\/cudeca-logo.png\",\"width\":2121,\"height\":984,\"caption\":\"Fundaci\u00f3n Cudeca\"},\"image\":{\"@id\":\"https:\/\/www.cudeca.org\/#\/schema\/logo\/image\/\"}},{\"@type\":\"WebSite\",\"@id\":\"https:\/\/www.cudeca.org\/#website\",\"url\":\"https:\/\/www.cudeca.org\/\",\"name\":\"Fundaci\u00f3n Cudeca\",\"description\":\"Cudeca Hospice\",\"publisher\":{\"@id\":\"https:\/\/www.cudeca.org\/#organization\"},\"potentialAction\":[{\"@type\":\"SearchAction\",\"target\":{\"@type\":\"EntryPoint\",\"urlTemplate\":\"https:\/\/www.cudeca.org\/?s={search_term_string}\"},\"query-input\":\"required name=search_term_string\"}],\"inLanguage\":\"en-US\"},{\"@type\":\"WebPage\",\"@id\":\"https:\/\/www.cudeca.org\/en\/actualidad\/cmpeta-awards-cudeca-hospice-for-its-charity-work\/\",\"url\":\"https:\/\/www.cudeca.org\/en\/actualidad\/cmpeta-awards-cudeca-hospice-for-its-charity-work\/\",\"name\":\"C&#243;mpeta awards Cudeca Hospice for its charity work - Cudeca Cancer Care Hospice\",\"isPartOf\":{\"@id\":\"https:\/\/www.cudeca.org\/#website\"},\"datePublished\":\"2016-08-22T19:03:41+00:00\",\"dateModified\":\"2016-08-22T19:03:41+00:00\",\"breadcrumb\":{\"@id\":\"https:\/\/www.cudeca.org\/en\/actualidad\/cmpeta-awards-cudeca-hospice-for-its-charity-work\/#breadcrumb\"},\"inLanguage\":\"en-US\",\"potentialAction\":[{\"@type\":\"ReadAction\",\"target\":[\"https:\/\/www.cudeca.org\/en\/actualidad\/cmpeta-awards-cudeca-hospice-for-its-charity-work\/\"]}]},{\"@type\":\"BreadcrumbList\",\"@id\":\"https:\/\/www.cudeca.org\/en\/actualidad\/cmpeta-awards-cudeca-hospice-for-its-charity-work\/#breadcrumb\",\"itemListElement\":[{\"@type\":\"ListItem\",\"position\":1,\"name\":\"Portada\",\"item\":\"https:\/\/www.cudeca.org\/\"},{\"@type\":\"ListItem\",\"position\":2,\"name\":\"C&#243;mpeta awards Cudeca Hospice for its charity work\"}]},{\"@type\":\"Article\",\"@id\":\"https:\/\/www.cudeca.org\/en\/actualidad\/cmpeta-awards-cudeca-hospice-for-its-charity-work\/#article\",\"isPartOf\":{\"@id\":\"https:\/\/www.cudeca.org\/en\/actualidad\/cmpeta-awards-cudeca-hospice-for-its-charity-work\/\"},\"author\":{\"name\":\"\",\"@id\":\"\"},\"headline\":\"C&#243;mpeta awards Cudeca Hospice for its charity work\",\"datePublished\":\"2016-08-22T19:03:41+00:00\",\"dateModified\":\"2016-08-22T19:03:41+00:00\",\"mainEntityOfPage\":{\"@id\":\"https:\/\/www.cudeca.org\/en\/actualidad\/cmpeta-awards-cudeca-hospice-for-its-charity-work\/\"},\"wordCount\":115,\"commentCount\":0,\"publisher\":{\"@id\":\"https:\/\/www.cudeca.org\/#organization\"},\"articleSection\":[\"\"],\"inLanguage\":\"en-US\",\"potentialAction\":[{\"@type\":\"CommentAction\",\"name\":\"Comment\",\"target\":[\"https:\/\/www.cudeca.org\/en\/actualidad\/cmpeta-awards-cudeca-hospice-for-its-charity-work\/#respond\"]}]}]}<\/script>\n<!-- \/ Yoast SEO plugin. -->","yoast_head_json":{"title":"C&#243;mpeta awards Cudeca Hospice for its charity work - Cudeca Cancer Care Hospice","robots":{"index":"index","follow":"follow","max-snippet":"max-snippet:-1","max-image-preview":"max-image-preview:large","max-video-preview":"max-video-preview:-1"},"canonical":"https:\/\/www.cudeca.org\/en\/actualidad\/cmpeta-awards-cudeca-hospice-for-its-charity-work\/","og_locale":"en_US","og_type":"article","og_title":"C&#243;mpeta awards Cudeca Hospice for its charity work - Cudeca Cancer Care Hospice","og_description":"Benalm\u00e1dena, 22nd August 2016 Author: Natividad G\u00f3mez \u00a0 \u00a0 On 15th August, C\u00f3mpeta Town Hall presented Cudeca Cancer Care Hospice with an award in recognition of their outstanding charity work, at C\u00f3mpeta\u00b4s Noche del Vino Celebrations. \u00a0 Cindy Jones, supporter and volunteer of the Cudeca Hospice, was delighted to receive the award \u201cVendimiador de Honor [&hellip;]","og_url":"https:\/\/www.cudeca.org\/en\/actualidad\/cmpeta-awards-cudeca-hospice-for-its-charity-work\/","og_site_name":"Cudeca Cancer Care Hospice","article_publisher":"https:\/\/www.facebook.com\/AmigosDeCudeca","article_published_time":"2016-08-22T19:03:41+00:00","twitter_card":"summary_large_image","twitter_creator":"@cudeca","twitter_site":"@cudeca","twitter_misc":{"Est. reading time":"1 minute"},"schema":{"@context":"https:\/\/schema.org","@graph":[{"@type":"Organization","@id":"https:\/\/www.cudeca.org\/#organization","name":"Fundaci\u00f3n Cudeca","url":"https:\/\/www.cudeca.org\/","sameAs":["https:\/\/www.youtube.com\/c\/cudecamalaga","https:\/\/www.facebook.com\/AmigosDeCudeca","https:\/\/twitter.com\/cudeca"],"logo":{"@type":"ImageObject","inLanguage":"en-US","@id":"https:\/\/www.cudeca.org\/#\/schema\/logo\/image\/","url":"https:\/\/www.cudeca.org\/wp-content\/uploads\/2018\/02\/cudeca-logo.png","contentUrl":"https:\/\/www.cudeca.org\/wp-content\/uploads\/2018\/02\/cudeca-logo.png","width":2121,"height":984,"caption":"Fundaci\u00f3n Cudeca"},"image":{"@id":"https:\/\/www.cudeca.org\/#\/schema\/logo\/image\/"}},{"@type":"WebSite","@id":"https:\/\/www.cudeca.org\/#website","url":"https:\/\/www.cudeca.org\/","name":"Fundaci\u00f3n Cudeca","description":"Cudeca Hospice","publisher":{"@id":"https:\/\/www.cudeca.org\/#organization"},"potentialAction":[{"@type":"SearchAction","target":{"@type":"EntryPoint","urlTemplate":"https:\/\/www.cudeca.org\/?s={search_term_string}"},"query-input":"required name=search_term_string"}],"inLanguage":"en-US"},{"@type":"WebPage","@id":"https:\/\/www.cudeca.org\/en\/actualidad\/cmpeta-awards-cudeca-hospice-for-its-charity-work\/","url":"https:\/\/www.cudeca.org\/en\/actualidad\/cmpeta-awards-cudeca-hospice-for-its-charity-work\/","name":"C&#243;mpeta awards Cudeca Hospice for its charity work - Cudeca Cancer Care Hospice","isPartOf":{"@id":"https:\/\/www.cudeca.org\/#website"},"datePublished":"2016-08-22T19:03:41+00:00","dateModified":"2016-08-22T19:03:41+00:00","breadcrumb":{"@id":"https:\/\/www.cudeca.org\/en\/actualidad\/cmpeta-awards-cudeca-hospice-for-its-charity-work\/#breadcrumb"},"inLanguage":"en-US","potentialAction":[{"@type":"ReadAction","target":["https:\/\/www.cudeca.org\/en\/actualidad\/cmpeta-awards-cudeca-hospice-for-its-charity-work\/"]}]},{"@type":"BreadcrumbList","@id":"https:\/\/www.cudeca.org\/en\/actualidad\/cmpeta-awards-cudeca-hospice-for-its-charity-work\/#breadcrumb","itemListElement":[{"@type":"ListItem","position":1,"name":"Portada","item":"https:\/\/www.cudeca.org\/"},{"@type":"ListItem","position":2,"name":"C&#243;mpeta awards Cudeca Hospice for its charity work"}]},{"@type":"Article","@id":"https:\/\/www.cudeca.org\/en\/actualidad\/cmpeta-awards-cudeca-hospice-for-its-charity-work\/#article","isPartOf":{"@id":"https:\/\/www.cudeca.org\/en\/actualidad\/cmpeta-awards-cudeca-hospice-for-its-charity-work\/"},"author":{"name":"","@id":""},"headline":"C&#243;mpeta awards Cudeca Hospice for its charity work","datePublished":"2016-08-22T19:03:41+00:00","dateModified":"2016-08-22T19:03:41+00:00","mainEntityOfPage":{"@id":"https:\/\/www.cudeca.org\/en\/actualidad\/cmpeta-awards-cudeca-hospice-for-its-charity-work\/"},"wordCount":115,"commentCount":0,"publisher":{"@id":"https:\/\/www.cudeca.org\/#organization"},"articleSection":[""],"inLanguage":"en-US","potentialAction":[{"@type":"CommentAction","name":"Comment","target":["https:\/\/www.cudeca.org\/en\/actualidad\/cmpeta-awards-cudeca-hospice-for-its-charity-work\/#respond"]}]}]}},"_links":{"self":[{"href":"https:\/\/www.cudeca.org\/en\/wp-json\/wp\/v2\/posts\/16479"}],"collection":[{"href":"https:\/\/www.cudeca.org\/en\/wp-json\/wp\/v2\/posts"}],"about":[{"href":"https:\/\/www.cudeca.org\/en\/wp-json\/wp\/v2\/types\/post"}],"replies":[{"embeddable":true,"href":"https:\/\/www.cudeca.org\/en\/wp-json\/wp\/v2\/comments?post=16479"}],"version-history":[{"count":0,"href":"https:\/\/www.cudeca.org\/en\/wp-json\/wp\/v2\/posts\/16479\/revisions"}],"wp:attachment":[{"href":"https:\/\/www.cudeca.org\/en\/wp-json\/wp\/v2\/media?parent=16479"}],"wp:term":[{"taxonomy":"category","embeddable":true,"href":"https:\/\/www.cudeca.org\/en\/wp-json\/wp\/v2\/categories?post=16479"},{"taxonomy":"post_tag","embeddable":true,"href":"https:\/\/www.cudeca.org\/en\/wp-json\/wp\/v2\/tags?post=16479"}],"curies":[{"name":"wp","href":"https:\/\/api.w.org\/{rel}","templated":true}]}}