{"id":16402,"date":"2016-01-25T18:45:41","date_gmt":"2016-01-25T18:45:41","guid":{"rendered":"https:\/\/www.cudeca.org\/actualidad\/light-a-light-2015\/"},"modified":"2016-01-25T18:45:41","modified_gmt":"2016-01-25T18:45:41","slug":"light-a-light-2015","status":"publish","type":"post","link":"https:\/\/www.cudeca.org\/en\/actualidad\/light-a-light-2015\/","title":{"rendered":"Light a Light 2015"},"content":{"rendered":"<p><\/p>\n<div id=\"notCuerpo\">\n<div>On Friday 18th December, <strong>Cudeca Hospice <\/strong>once again celebrates <strong>Light a Light in memory of loved ones<\/strong>.<br \/>  \u00a0<br \/>  At this special celebration, the lights on the Hospice building were switched on by <strong>Joan Hunt O.B.E.<\/strong>, Founder and Honorary President together with Vice President, <strong>Susan Hannam<\/strong>, CEO and Medical Director, <strong>Marisa Martin<\/strong>, Deputy CEO and Financial Director, <strong>Rafael Olalla<\/strong>, Mayor of Benalm\u00e1dena,<strong> V\u00edctor Navas<\/strong>, \u00a0Councillor for Entertainment, <strong>Ana Scherman<\/strong> and Councillor for Health, <strong>Alicia Laddaga<\/strong>.\u00a0<\/p>\n<p>  In addition to the switching on of lights, <strong>Father Christmas<\/strong> visited, face painters from <strong>Alma Animaci\u00f3n<\/strong> and there were performances from pianist, <strong>Marina Berlanga<\/strong>, <strong>the Santa Cecilia Choir, children from Sunny View School and the Cantando Entre Amigos Choir<\/strong>.<br \/>  \u00a0<br \/>  The\u00a0total amount raised for Cudeca was 9,500\u20ac.<\/p>\n<p>  A <strong>website has been created to light a light i<\/strong>n memory of a loved one at<a href=\"http:\/\/www.cudeca-events.org\/evento\/lightalight2015\" target=\"_blank\">\u00a0www.cudeca-events.org\/evento\/lightalight2015<\/a><\/p>\n<p>  This event was \u00a0made possible <strong>thanks to the unconditional support<\/strong> of our volunteers and the collaboration of <strong>Pe\u00f1a Virgen de la Cruz de Benalm\u00e1dena, Rimicol, El Corte Ingl\u00e9s , Coca Cola, Nagomi Spa, Cocodrilo Park, Club de Hielo Benalm\u00e1dena, Campo de Golf Sensara, Carrefour Torremolinos, Mariposario de Benalm\u00e1dena, Restaurante Rinc\u00f3n Asturiano, Restaurante Baboo, Selwo, Restaurante The Beefeater, Restaurante La Calma, M\u00e1laga CF and Unicaja Baloncesto. \u00a0<\/strong><br \/>  \u00a0<\/div><\/div>\n<p><\/p>","protected":false},"excerpt":{"rendered":"<p>On Friday 18th December, Cudeca Hospice once again celebrates Light a Light in memory of loved ones. \u00a0 At this special celebration, the lights on the Hospice building were switched on by Joan Hunt O.B.E., Founder and Honorary President together with Vice President, Susan Hannam, CEO and Medical Director, Marisa Martin, Deputy CEO and Financial [&hellip;]<\/p>\n","protected":false},"author":0,"featured_media":0,"comment_status":"open","ping_status":"open","sticky":false,"template":"","format":"standard","meta":[],"categories":[15],"tags":[],"yoast_head":"<!-- This site is optimized with the Yoast SEO plugin v19.4 - https:\/\/yoast.com\/wordpress\/plugins\/seo\/ -->\n<title>Light a Light 2015 - Cudeca Cancer Care Hospice<\/title>\n<meta name=\"robots\" content=\"index, follow, max-snippet:-1, max-image-preview:large, max-video-preview:-1\" \/>\n<link rel=\"canonical\" href=\"https:\/\/www.cudeca.org\/en\/actualidad\/light-a-light-2015\/\" \/>\n<meta property=\"og:locale\" content=\"en_US\" \/>\n<meta property=\"og:type\" content=\"article\" \/>\n<meta property=\"og:title\" content=\"Light a Light 2015 - Cudeca Cancer Care Hospice\" \/>\n<meta property=\"og:description\" content=\"On Friday 18th December, Cudeca Hospice once again celebrates Light a Light in memory of loved ones. \u00a0 At this special celebration, the lights on the Hospice building were switched on by Joan Hunt O.B.E., Founder and Honorary President together with Vice President, Susan Hannam, CEO and Medical Director, Marisa Martin, Deputy CEO and Financial [&hellip;]\" \/>\n<meta property=\"og:url\" content=\"https:\/\/www.cudeca.org\/en\/actualidad\/light-a-light-2015\/\" \/>\n<meta property=\"og:site_name\" content=\"Cudeca Cancer Care Hospice\" \/>\n<meta property=\"article:publisher\" content=\"https:\/\/www.facebook.com\/AmigosDeCudeca\" \/>\n<meta property=\"article:published_time\" content=\"2016-01-25T18:45:41+00:00\" \/>\n<meta name=\"twitter:card\" content=\"summary_large_image\" \/>\n<meta name=\"twitter:creator\" content=\"@cudeca\" \/>\n<meta name=\"twitter:site\" content=\"@cudeca\" \/>\n<meta name=\"twitter:label1\" content=\"Est. reading time\" \/>\n\t<meta name=\"twitter:data1\" content=\"1 minute\" \/>\n<script type=\"application\/ld+json\" class=\"yoast-schema-graph\">{\"@context\":\"https:\/\/schema.org\",\"@graph\":[{\"@type\":\"Organization\",\"@id\":\"https:\/\/www.cudeca.org\/#organization\",\"name\":\"Fundaci\u00f3n Cudeca\",\"url\":\"https:\/\/www.cudeca.org\/\",\"sameAs\":[\"https:\/\/www.youtube.com\/c\/cudecamalaga\",\"https:\/\/www.facebook.com\/AmigosDeCudeca\",\"https:\/\/twitter.com\/cudeca\"],\"logo\":{\"@type\":\"ImageObject\",\"inLanguage\":\"en-US\",\"@id\":\"https:\/\/www.cudeca.org\/#\/schema\/logo\/image\/\",\"url\":\"https:\/\/www.cudeca.org\/wp-content\/uploads\/2018\/02\/cudeca-logo.png\",\"contentUrl\":\"https:\/\/www.cudeca.org\/wp-content\/uploads\/2018\/02\/cudeca-logo.png\",\"width\":2121,\"height\":984,\"caption\":\"Fundaci\u00f3n Cudeca\"},\"image\":{\"@id\":\"https:\/\/www.cudeca.org\/#\/schema\/logo\/image\/\"}},{\"@type\":\"WebSite\",\"@id\":\"https:\/\/www.cudeca.org\/#website\",\"url\":\"https:\/\/www.cudeca.org\/\",\"name\":\"Fundaci\u00f3n Cudeca\",\"description\":\"Cudeca Hospice\",\"publisher\":{\"@id\":\"https:\/\/www.cudeca.org\/#organization\"},\"potentialAction\":[{\"@type\":\"SearchAction\",\"target\":{\"@type\":\"EntryPoint\",\"urlTemplate\":\"https:\/\/www.cudeca.org\/?s={search_term_string}\"},\"query-input\":\"required name=search_term_string\"}],\"inLanguage\":\"en-US\"},{\"@type\":\"WebPage\",\"@id\":\"https:\/\/www.cudeca.org\/en\/actualidad\/light-a-light-2015\/\",\"url\":\"https:\/\/www.cudeca.org\/en\/actualidad\/light-a-light-2015\/\",\"name\":\"Light a Light 2015 - Cudeca Cancer Care Hospice\",\"isPartOf\":{\"@id\":\"https:\/\/www.cudeca.org\/#website\"},\"datePublished\":\"2016-01-25T18:45:41+00:00\",\"dateModified\":\"2016-01-25T18:45:41+00:00\",\"breadcrumb\":{\"@id\":\"https:\/\/www.cudeca.org\/en\/actualidad\/light-a-light-2015\/#breadcrumb\"},\"inLanguage\":\"en-US\",\"potentialAction\":[{\"@type\":\"ReadAction\",\"target\":[\"https:\/\/www.cudeca.org\/en\/actualidad\/light-a-light-2015\/\"]}]},{\"@type\":\"BreadcrumbList\",\"@id\":\"https:\/\/www.cudeca.org\/en\/actualidad\/light-a-light-2015\/#breadcrumb\",\"itemListElement\":[{\"@type\":\"ListItem\",\"position\":1,\"name\":\"Portada\",\"item\":\"https:\/\/www.cudeca.org\/\"},{\"@type\":\"ListItem\",\"position\":2,\"name\":\"Light a Light 2015\"}]},{\"@type\":\"Article\",\"@id\":\"https:\/\/www.cudeca.org\/en\/actualidad\/light-a-light-2015\/#article\",\"isPartOf\":{\"@id\":\"https:\/\/www.cudeca.org\/en\/actualidad\/light-a-light-2015\/\"},\"author\":{\"name\":\"\",\"@id\":\"\"},\"headline\":\"Light a Light 2015\",\"datePublished\":\"2016-01-25T18:45:41+00:00\",\"dateModified\":\"2016-01-25T18:45:41+00:00\",\"mainEntityOfPage\":{\"@id\":\"https:\/\/www.cudeca.org\/en\/actualidad\/light-a-light-2015\/\"},\"wordCount\":221,\"commentCount\":0,\"publisher\":{\"@id\":\"https:\/\/www.cudeca.org\/#organization\"},\"articleSection\":[\"\"],\"inLanguage\":\"en-US\",\"potentialAction\":[{\"@type\":\"CommentAction\",\"name\":\"Comment\",\"target\":[\"https:\/\/www.cudeca.org\/en\/actualidad\/light-a-light-2015\/#respond\"]}]}]}<\/script>\n<!-- \/ Yoast SEO plugin. -->","yoast_head_json":{"title":"Light a Light 2015 - Cudeca Cancer Care Hospice","robots":{"index":"index","follow":"follow","max-snippet":"max-snippet:-1","max-image-preview":"max-image-preview:large","max-video-preview":"max-video-preview:-1"},"canonical":"https:\/\/www.cudeca.org\/en\/actualidad\/light-a-light-2015\/","og_locale":"en_US","og_type":"article","og_title":"Light a Light 2015 - Cudeca Cancer Care Hospice","og_description":"On Friday 18th December, Cudeca Hospice once again celebrates Light a Light in memory of loved ones. \u00a0 At this special celebration, the lights on the Hospice building were switched on by Joan Hunt O.B.E., Founder and Honorary President together with Vice President, Susan Hannam, CEO and Medical Director, Marisa Martin, Deputy CEO and Financial [&hellip;]","og_url":"https:\/\/www.cudeca.org\/en\/actualidad\/light-a-light-2015\/","og_site_name":"Cudeca Cancer Care Hospice","article_publisher":"https:\/\/www.facebook.com\/AmigosDeCudeca","article_published_time":"2016-01-25T18:45:41+00:00","twitter_card":"summary_large_image","twitter_creator":"@cudeca","twitter_site":"@cudeca","twitter_misc":{"Est. reading time":"1 minute"},"schema":{"@context":"https:\/\/schema.org","@graph":[{"@type":"Organization","@id":"https:\/\/www.cudeca.org\/#organization","name":"Fundaci\u00f3n Cudeca","url":"https:\/\/www.cudeca.org\/","sameAs":["https:\/\/www.youtube.com\/c\/cudecamalaga","https:\/\/www.facebook.com\/AmigosDeCudeca","https:\/\/twitter.com\/cudeca"],"logo":{"@type":"ImageObject","inLanguage":"en-US","@id":"https:\/\/www.cudeca.org\/#\/schema\/logo\/image\/","url":"https:\/\/www.cudeca.org\/wp-content\/uploads\/2018\/02\/cudeca-logo.png","contentUrl":"https:\/\/www.cudeca.org\/wp-content\/uploads\/2018\/02\/cudeca-logo.png","width":2121,"height":984,"caption":"Fundaci\u00f3n Cudeca"},"image":{"@id":"https:\/\/www.cudeca.org\/#\/schema\/logo\/image\/"}},{"@type":"WebSite","@id":"https:\/\/www.cudeca.org\/#website","url":"https:\/\/www.cudeca.org\/","name":"Fundaci\u00f3n Cudeca","description":"Cudeca Hospice","publisher":{"@id":"https:\/\/www.cudeca.org\/#organization"},"potentialAction":[{"@type":"SearchAction","target":{"@type":"EntryPoint","urlTemplate":"https:\/\/www.cudeca.org\/?s={search_term_string}"},"query-input":"required name=search_term_string"}],"inLanguage":"en-US"},{"@type":"WebPage","@id":"https:\/\/www.cudeca.org\/en\/actualidad\/light-a-light-2015\/","url":"https:\/\/www.cudeca.org\/en\/actualidad\/light-a-light-2015\/","name":"Light a Light 2015 - Cudeca Cancer Care Hospice","isPartOf":{"@id":"https:\/\/www.cudeca.org\/#website"},"datePublished":"2016-01-25T18:45:41+00:00","dateModified":"2016-01-25T18:45:41+00:00","breadcrumb":{"@id":"https:\/\/www.cudeca.org\/en\/actualidad\/light-a-light-2015\/#breadcrumb"},"inLanguage":"en-US","potentialAction":[{"@type":"ReadAction","target":["https:\/\/www.cudeca.org\/en\/actualidad\/light-a-light-2015\/"]}]},{"@type":"BreadcrumbList","@id":"https:\/\/www.cudeca.org\/en\/actualidad\/light-a-light-2015\/#breadcrumb","itemListElement":[{"@type":"ListItem","position":1,"name":"Portada","item":"https:\/\/www.cudeca.org\/"},{"@type":"ListItem","position":2,"name":"Light a Light 2015"}]},{"@type":"Article","@id":"https:\/\/www.cudeca.org\/en\/actualidad\/light-a-light-2015\/#article","isPartOf":{"@id":"https:\/\/www.cudeca.org\/en\/actualidad\/light-a-light-2015\/"},"author":{"name":"","@id":""},"headline":"Light a Light 2015","datePublished":"2016-01-25T18:45:41+00:00","dateModified":"2016-01-25T18:45:41+00:00","mainEntityOfPage":{"@id":"https:\/\/www.cudeca.org\/en\/actualidad\/light-a-light-2015\/"},"wordCount":221,"commentCount":0,"publisher":{"@id":"https:\/\/www.cudeca.org\/#organization"},"articleSection":[""],"inLanguage":"en-US","potentialAction":[{"@type":"CommentAction","name":"Comment","target":["https:\/\/www.cudeca.org\/en\/actualidad\/light-a-light-2015\/#respond"]}]}]}},"_links":{"self":[{"href":"https:\/\/www.cudeca.org\/en\/wp-json\/wp\/v2\/posts\/16402"}],"collection":[{"href":"https:\/\/www.cudeca.org\/en\/wp-json\/wp\/v2\/posts"}],"about":[{"href":"https:\/\/www.cudeca.org\/en\/wp-json\/wp\/v2\/types\/post"}],"replies":[{"embeddable":true,"href":"https:\/\/www.cudeca.org\/en\/wp-json\/wp\/v2\/comments?post=16402"}],"version-history":[{"count":0,"href":"https:\/\/www.cudeca.org\/en\/wp-json\/wp\/v2\/posts\/16402\/revisions"}],"wp:attachment":[{"href":"https:\/\/www.cudeca.org\/en\/wp-json\/wp\/v2\/media?parent=16402"}],"wp:term":[{"taxonomy":"category","embeddable":true,"href":"https:\/\/www.cudeca.org\/en\/wp-json\/wp\/v2\/categories?post=16402"},{"taxonomy":"post_tag","embeddable":true,"href":"https:\/\/www.cudeca.org\/en\/wp-json\/wp\/v2\/tags?post=16402"}],"curies":[{"name":"wp","href":"https:\/\/api.w.org\/{rel}","templated":true}]}}