{"id":16378,"date":"2015-11-10T18:45:03","date_gmt":"2015-11-10T18:45:03","guid":{"rendered":"https:\/\/www.cudeca.org\/actualidad\/10th-anniversary-of-the-in-patient-unit\/"},"modified":"2022-03-31T14:22:31","modified_gmt":"2022-03-31T14:22:31","slug":"10th-anniversary-of-the-in-patient-unit","status":"publish","type":"post","link":"https:\/\/www.cudeca.org\/en\/actualidad\/10th-anniversary-of-the-in-patient-unit\/","title":{"rendered":"10th Anniversary of the In-Patient Unit"},"content":{"rendered":"<div class=\"wpb-content-wrapper\"><p>[vc_row][vc_column][vc_column_text]<\/p>\n<div id=\"notCuerpo\">\n<div style=\"text-align: justify;\">On 26th September Cudeca Foundation celebrated the <strong>10th Anniversary of the opening of the In-Patient Unit<\/strong> with tributes paid to people and institutions most relevant to the history of the Unit.<\/div>\n<div style=\"text-align: justify;\"><\/div>\n<div style=\"text-align: justify;\">\n<p>The ceremony took place in the <strong>Sal\u00f3n de Los Espejos of the M\u00e1laga Town Hall<\/strong> in the presence of <strong>Francisco de la Torre, Mayor of Malaga<\/strong>, Julio Andrade, Deputy Mayor Delegation of Security, Tourism and International Institutional Relations, Ana Carmen Mata, Vice President Deputation of M\u00e1laga, Victor Navas, \u00a0Mayor of Benalm\u00e1dena, Mercedes Meng\u00edbar, Director of Vithas Xanit International Hospital, Juan Carlos Barroso, Manager M\u00e1laga Area of La Caixa Foundation, Manuel Arenas, Director of Bank Institutions of Eastern Andaluc\u00eda, Rafael C\u00eda, Director of Plan Andaluz for Palliative Care, Bego\u00f1a Tundidor, Delegate of Health for the Junta de Andaluc\u00eda, Francisco Martos and Emilio Montenegro representing the Sanitary Agency Costa del Sol, Juan Luis Pe\u00f1a, President Volunteers Programme of M\u00e1laga, Antonio Ben\u00edtez, Antonio Herrera and Salvador Naranjo, representatives of the Organising Committee for the &#8220;Fernando Martin Pinto&#8221; Tournament and representing Cudeca Foundation, Joan Hunt OBE, Founder and Honorary President, Ricardo Urdiales, President, Marisa Mart\u00edn, CEO and Medical Director, Susan Hannam, Vice President, Rafael Olalla, Deputy CEO Financial Director, Domi del Postigo, Ambassador, Rocio Torres, Manager Communications &amp; Fund Raising.<\/p>\n<\/div>\n<div style=\"text-align: justify;\">\n<p>The ceremony started with some words of welcome from <strong>Joan Hunt OBE<\/strong>, highlighting that &#8220;the In-Patient Unit was the culmination of a vision which a group of people shared in 1992 when we started our home care. \u00a0It is a place where patients and their family members can be attended to by professionals free of charge&#8221;.<\/p>\n<\/div>\n<div style=\"text-align: justify;\">Following on, Francisco de la Torre had words of appreciation for Cudeca Hospice focusing on &#8220;the important plan of Joan Hunt which started this project 23 years ago and which has resulted in helping more than 10,000 people&#8221;. \u00a0At this point, the distinctions in the form of hand painted dedicated ceramic tiles were presented to the team of people who contributed towards the birth of the In-Patient Unit 10 years ago: Jorge Muchico, Ana Hu\u00e9rcano, Rafael Trujillo, Chus de la Ossa, Josefina Mateos, Nati Lillo, Charo Rodr\u00edguez and Ana Godoy.<\/div>\n<div style=\"text-align: justify;\">\n<p>The Mayor received a special distinction of appreciation from Joan Hunt for the help and support received from the M\u00e1laga Town Hall over these last 10 years.<\/p>\n<p>Domi del Postigo, together with the Foundation Trustees, continued with the presentation of insignias of distinction to Ana Carmen Mata, representing the \u00a0Deputation of M\u00e1laga, to V\u00edctor Navas representing the Town Hall of Benalm\u00e1dena, to Bego\u00f1a Tunidor representing the Delegation of Health for the Junta de Andaluc\u00eda, to Rafael C\u00eda representing Plan Andaluz for Palliative Care, to Francisco Martos representing the Costa del Sol Hospital, to Mercedes Meng\u00edbar representing Vithas Xanit International Hospital, to Juan Carlos Barroso and Manuel Arenas representing La Caixa Foundation and Caixa Bank, to Juan Luis Pe\u00f1a representing the Volunteers Programme of M\u00e1laga, to the Organising Committee of the Fernando Martin Pinto Tournament and to the professionals and volunteers of the In-Patient Unit.<\/p>\n<p>At this point Victor Navas and Julio Andrade unveiled the ceramic tiles dedicated to those who made the In-Patient Unit possible.<\/p>\n<\/div>\n<div style=\"text-align: justify;\">Ending the ceremony, Ricardo Urdiales said that &#8220;the In-Patient Unit would not have been possible without the conviction of Joan Hunt and those involved, however, we still need the support and collaboration of the community, through Socio membership, events, our charity shops etc. \u00a0This will enable us to continue caring free of charge to more than 1,000 people every year with\u00a0cancer and other illnesses in an advanced stage and without the possibility of a cure, and to give support to their families&#8221;.<\/div>\n<div style=\"text-align: justify;\"><\/div>\n<div style=\"text-align: center;\">YOUR HELP GIVES LIFE TO THEIR DAYS<\/div>\n<\/div>\n<p>[\/vc_column_text][\/vc_column][\/vc_row]<\/p>\n<\/div>","protected":false},"excerpt":{"rendered":"<p>[vc_row][vc_column][vc_column_text] On 26th September Cudeca Foundation celebrated the 10th Anniversary of the opening of the In-Patient Unit with tributes paid to people and institutions most relevant to the history of the Unit. The ceremony took place in the Sal\u00f3n de Los Espejos of the M\u00e1laga Town Hall in the presence of Francisco de la Torre, [&hellip;]<\/p>\n","protected":false},"author":1,"featured_media":0,"comment_status":"open","ping_status":"open","sticky":false,"template":"","format":"standard","meta":[],"categories":[15],"tags":[],"yoast_head":"<!-- This site is optimized with the Yoast SEO plugin v19.4 - https:\/\/yoast.com\/wordpress\/plugins\/seo\/ -->\n<title>10th Anniversary of the In-Patient Unit - Cudeca Cancer Care Hospice<\/title>\n<meta name=\"robots\" content=\"index, follow, max-snippet:-1, max-image-preview:large, max-video-preview:-1\" \/>\n<link rel=\"canonical\" href=\"https:\/\/www.cudeca.org\/?p=16378\" \/>\n<meta property=\"og:locale\" content=\"en_US\" \/>\n<meta property=\"og:type\" content=\"article\" \/>\n<meta property=\"og:title\" content=\"10th Anniversary of the In-Patient Unit - Cudeca Cancer Care Hospice\" \/>\n<meta property=\"og:description\" content=\"[vc_row][vc_column][vc_column_text] On 26th September Cudeca Foundation celebrated the 10th Anniversary of the opening of the In-Patient Unit with tributes paid to people and institutions most relevant to the history of the Unit. The ceremony took place in the Sal\u00f3n de Los Espejos of the M\u00e1laga Town Hall in the presence of Francisco de la Torre, [&hellip;]\" \/>\n<meta property=\"og:url\" content=\"https:\/\/www.cudeca.org\/?p=16378\" \/>\n<meta property=\"og:site_name\" content=\"Cudeca Cancer Care Hospice\" \/>\n<meta property=\"article:publisher\" content=\"https:\/\/www.facebook.com\/AmigosDeCudeca\" \/>\n<meta property=\"article:published_time\" content=\"2015-11-10T18:45:03+00:00\" \/>\n<meta property=\"article:modified_time\" content=\"2022-03-31T14:22:31+00:00\" \/>\n<meta name=\"author\" content=\"alejandro\" \/>\n<meta name=\"twitter:card\" content=\"summary_large_image\" \/>\n<meta name=\"twitter:creator\" content=\"@cudeca\" \/>\n<meta name=\"twitter:site\" content=\"@cudeca\" \/>\n<meta name=\"twitter:label1\" content=\"Written by\" \/>\n\t<meta name=\"twitter:data1\" content=\"alejandro\" \/>\n\t<meta name=\"twitter:label2\" content=\"Est. reading time\" \/>\n\t<meta name=\"twitter:data2\" content=\"3 minutes\" \/>\n<script type=\"application\/ld+json\" class=\"yoast-schema-graph\">{\"@context\":\"https:\/\/schema.org\",\"@graph\":[{\"@type\":\"Organization\",\"@id\":\"https:\/\/www.cudeca.org\/#organization\",\"name\":\"Fundaci\u00f3n Cudeca\",\"url\":\"https:\/\/www.cudeca.org\/\",\"sameAs\":[\"https:\/\/www.youtube.com\/c\/cudecamalaga\",\"https:\/\/www.facebook.com\/AmigosDeCudeca\",\"https:\/\/twitter.com\/cudeca\"],\"logo\":{\"@type\":\"ImageObject\",\"inLanguage\":\"en-US\",\"@id\":\"https:\/\/www.cudeca.org\/#\/schema\/logo\/image\/\",\"url\":\"https:\/\/www.cudeca.org\/wp-content\/uploads\/2018\/02\/cudeca-logo.png\",\"contentUrl\":\"https:\/\/www.cudeca.org\/wp-content\/uploads\/2018\/02\/cudeca-logo.png\",\"width\":2121,\"height\":984,\"caption\":\"Fundaci\u00f3n Cudeca\"},\"image\":{\"@id\":\"https:\/\/www.cudeca.org\/#\/schema\/logo\/image\/\"}},{\"@type\":\"WebSite\",\"@id\":\"https:\/\/www.cudeca.org\/#website\",\"url\":\"https:\/\/www.cudeca.org\/\",\"name\":\"Fundaci\u00f3n Cudeca\",\"description\":\"Cudeca Hospice\",\"publisher\":{\"@id\":\"https:\/\/www.cudeca.org\/#organization\"},\"potentialAction\":[{\"@type\":\"SearchAction\",\"target\":{\"@type\":\"EntryPoint\",\"urlTemplate\":\"https:\/\/www.cudeca.org\/?s={search_term_string}\"},\"query-input\":\"required name=search_term_string\"}],\"inLanguage\":\"en-US\"},{\"@type\":\"WebPage\",\"@id\":\"https:\/\/www.cudeca.org\/?p=16378\",\"url\":\"https:\/\/www.cudeca.org\/?p=16378\",\"name\":\"10th Anniversary of the In-Patient Unit - Cudeca Cancer Care Hospice\",\"isPartOf\":{\"@id\":\"https:\/\/www.cudeca.org\/#website\"},\"datePublished\":\"2015-11-10T18:45:03+00:00\",\"dateModified\":\"2022-03-31T14:22:31+00:00\",\"breadcrumb\":{\"@id\":\"https:\/\/www.cudeca.org\/?p=16378#breadcrumb\"},\"inLanguage\":\"en-US\",\"potentialAction\":[{\"@type\":\"ReadAction\",\"target\":[\"https:\/\/www.cudeca.org\/?p=16378\"]}]},{\"@type\":\"BreadcrumbList\",\"@id\":\"https:\/\/www.cudeca.org\/?p=16378#breadcrumb\",\"itemListElement\":[{\"@type\":\"ListItem\",\"position\":1,\"name\":\"Portada\",\"item\":\"https:\/\/www.cudeca.org\/\"},{\"@type\":\"ListItem\",\"position\":2,\"name\":\"10\u00ba aniversario de la Unidad de Hospitalizaci\u00f3n\"}]},{\"@type\":\"Article\",\"@id\":\"https:\/\/www.cudeca.org\/?p=16378#article\",\"isPartOf\":{\"@id\":\"https:\/\/www.cudeca.org\/?p=16378\"},\"author\":{\"name\":\"alejandro\",\"@id\":\"https:\/\/www.cudeca.org\/#\/schema\/person\/dfee2448fca08abc2285ca9258908995\"},\"headline\":\"10th Anniversary of the In-Patient Unit\",\"datePublished\":\"2015-11-10T18:45:03+00:00\",\"dateModified\":\"2022-03-31T14:22:31+00:00\",\"mainEntityOfPage\":{\"@id\":\"https:\/\/www.cudeca.org\/?p=16378\"},\"wordCount\":1370,\"commentCount\":0,\"publisher\":{\"@id\":\"https:\/\/www.cudeca.org\/#organization\"},\"articleSection\":[\"\"],\"inLanguage\":\"en-US\",\"potentialAction\":[{\"@type\":\"CommentAction\",\"name\":\"Comment\",\"target\":[\"https:\/\/www.cudeca.org\/?p=16378#respond\"]}]},{\"@type\":\"Person\",\"@id\":\"https:\/\/www.cudeca.org\/#\/schema\/person\/dfee2448fca08abc2285ca9258908995\",\"name\":\"alejandro\",\"image\":{\"@type\":\"ImageObject\",\"inLanguage\":\"en-US\",\"@id\":\"https:\/\/www.cudeca.org\/#\/schema\/person\/image\/\",\"url\":\"https:\/\/secure.gravatar.com\/avatar\/f08f1fdaee7bbdfa207690fd4dfaecd9?s=96&d=mm&r=g\",\"contentUrl\":\"https:\/\/secure.gravatar.com\/avatar\/f08f1fdaee7bbdfa207690fd4dfaecd9?s=96&d=mm&r=g\",\"caption\":\"alejandro\"}}]}<\/script>\n<!-- \/ Yoast SEO plugin. -->","yoast_head_json":{"title":"10th Anniversary of the In-Patient Unit - Cudeca Cancer Care Hospice","robots":{"index":"index","follow":"follow","max-snippet":"max-snippet:-1","max-image-preview":"max-image-preview:large","max-video-preview":"max-video-preview:-1"},"canonical":"https:\/\/www.cudeca.org\/?p=16378","og_locale":"en_US","og_type":"article","og_title":"10th Anniversary of the In-Patient Unit - Cudeca Cancer Care Hospice","og_description":"[vc_row][vc_column][vc_column_text] On 26th September Cudeca Foundation celebrated the 10th Anniversary of the opening of the In-Patient Unit with tributes paid to people and institutions most relevant to the history of the Unit. The ceremony took place in the Sal\u00f3n de Los Espejos of the M\u00e1laga Town Hall in the presence of Francisco de la Torre, [&hellip;]","og_url":"https:\/\/www.cudeca.org\/?p=16378","og_site_name":"Cudeca Cancer Care Hospice","article_publisher":"https:\/\/www.facebook.com\/AmigosDeCudeca","article_published_time":"2015-11-10T18:45:03+00:00","article_modified_time":"2022-03-31T14:22:31+00:00","author":"alejandro","twitter_card":"summary_large_image","twitter_creator":"@cudeca","twitter_site":"@cudeca","twitter_misc":{"Written by":"alejandro","Est. reading time":"3 minutes"},"schema":{"@context":"https:\/\/schema.org","@graph":[{"@type":"Organization","@id":"https:\/\/www.cudeca.org\/#organization","name":"Fundaci\u00f3n Cudeca","url":"https:\/\/www.cudeca.org\/","sameAs":["https:\/\/www.youtube.com\/c\/cudecamalaga","https:\/\/www.facebook.com\/AmigosDeCudeca","https:\/\/twitter.com\/cudeca"],"logo":{"@type":"ImageObject","inLanguage":"en-US","@id":"https:\/\/www.cudeca.org\/#\/schema\/logo\/image\/","url":"https:\/\/www.cudeca.org\/wp-content\/uploads\/2018\/02\/cudeca-logo.png","contentUrl":"https:\/\/www.cudeca.org\/wp-content\/uploads\/2018\/02\/cudeca-logo.png","width":2121,"height":984,"caption":"Fundaci\u00f3n Cudeca"},"image":{"@id":"https:\/\/www.cudeca.org\/#\/schema\/logo\/image\/"}},{"@type":"WebSite","@id":"https:\/\/www.cudeca.org\/#website","url":"https:\/\/www.cudeca.org\/","name":"Fundaci\u00f3n Cudeca","description":"Cudeca Hospice","publisher":{"@id":"https:\/\/www.cudeca.org\/#organization"},"potentialAction":[{"@type":"SearchAction","target":{"@type":"EntryPoint","urlTemplate":"https:\/\/www.cudeca.org\/?s={search_term_string}"},"query-input":"required name=search_term_string"}],"inLanguage":"en-US"},{"@type":"WebPage","@id":"https:\/\/www.cudeca.org\/?p=16378","url":"https:\/\/www.cudeca.org\/?p=16378","name":"10th Anniversary of the In-Patient Unit - Cudeca Cancer Care Hospice","isPartOf":{"@id":"https:\/\/www.cudeca.org\/#website"},"datePublished":"2015-11-10T18:45:03+00:00","dateModified":"2022-03-31T14:22:31+00:00","breadcrumb":{"@id":"https:\/\/www.cudeca.org\/?p=16378#breadcrumb"},"inLanguage":"en-US","potentialAction":[{"@type":"ReadAction","target":["https:\/\/www.cudeca.org\/?p=16378"]}]},{"@type":"BreadcrumbList","@id":"https:\/\/www.cudeca.org\/?p=16378#breadcrumb","itemListElement":[{"@type":"ListItem","position":1,"name":"Portada","item":"https:\/\/www.cudeca.org\/"},{"@type":"ListItem","position":2,"name":"10\u00ba aniversario de la Unidad de Hospitalizaci\u00f3n"}]},{"@type":"Article","@id":"https:\/\/www.cudeca.org\/?p=16378#article","isPartOf":{"@id":"https:\/\/www.cudeca.org\/?p=16378"},"author":{"name":"alejandro","@id":"https:\/\/www.cudeca.org\/#\/schema\/person\/dfee2448fca08abc2285ca9258908995"},"headline":"10th Anniversary of the In-Patient Unit","datePublished":"2015-11-10T18:45:03+00:00","dateModified":"2022-03-31T14:22:31+00:00","mainEntityOfPage":{"@id":"https:\/\/www.cudeca.org\/?p=16378"},"wordCount":1370,"commentCount":0,"publisher":{"@id":"https:\/\/www.cudeca.org\/#organization"},"articleSection":[""],"inLanguage":"en-US","potentialAction":[{"@type":"CommentAction","name":"Comment","target":["https:\/\/www.cudeca.org\/?p=16378#respond"]}]},{"@type":"Person","@id":"https:\/\/www.cudeca.org\/#\/schema\/person\/dfee2448fca08abc2285ca9258908995","name":"alejandro","image":{"@type":"ImageObject","inLanguage":"en-US","@id":"https:\/\/www.cudeca.org\/#\/schema\/person\/image\/","url":"https:\/\/secure.gravatar.com\/avatar\/f08f1fdaee7bbdfa207690fd4dfaecd9?s=96&d=mm&r=g","contentUrl":"https:\/\/secure.gravatar.com\/avatar\/f08f1fdaee7bbdfa207690fd4dfaecd9?s=96&d=mm&r=g","caption":"alejandro"}}]}},"_links":{"self":[{"href":"https:\/\/www.cudeca.org\/en\/wp-json\/wp\/v2\/posts\/16378"}],"collection":[{"href":"https:\/\/www.cudeca.org\/en\/wp-json\/wp\/v2\/posts"}],"about":[{"href":"https:\/\/www.cudeca.org\/en\/wp-json\/wp\/v2\/types\/post"}],"author":[{"embeddable":true,"href":"https:\/\/www.cudeca.org\/en\/wp-json\/wp\/v2\/users\/1"}],"replies":[{"embeddable":true,"href":"https:\/\/www.cudeca.org\/en\/wp-json\/wp\/v2\/comments?post=16378"}],"version-history":[{"count":1,"href":"https:\/\/www.cudeca.org\/en\/wp-json\/wp\/v2\/posts\/16378\/revisions"}],"predecessor-version":[{"id":27125,"href":"https:\/\/www.cudeca.org\/en\/wp-json\/wp\/v2\/posts\/16378\/revisions\/27125"}],"wp:attachment":[{"href":"https:\/\/www.cudeca.org\/en\/wp-json\/wp\/v2\/media?parent=16378"}],"wp:term":[{"taxonomy":"category","embeddable":true,"href":"https:\/\/www.cudeca.org\/en\/wp-json\/wp\/v2\/categories?post=16378"},{"taxonomy":"post_tag","embeddable":true,"href":"https:\/\/www.cudeca.org\/en\/wp-json\/wp\/v2\/tags?post=16378"}],"curies":[{"name":"wp","href":"https:\/\/api.w.org\/{rel}","templated":true}]}}