{"id":16297,"date":"2014-11-06T18:33:12","date_gmt":"2014-11-06T18:33:12","guid":{"rendered":"https:\/\/www.cudeca.org\/actualidad\/the-mlaga-red-cross-bronze-medal-to-cudeca-hospice\/"},"modified":"2014-11-06T18:33:12","modified_gmt":"2014-11-06T18:33:12","slug":"the-mlaga-red-cross-bronze-medal-to-cudeca-hospice","status":"publish","type":"post","link":"https:\/\/www.cudeca.org\/en\/actualidad\/the-mlaga-red-cross-bronze-medal-to-cudeca-hospice\/","title":{"rendered":"The M&#225;laga Red Cross Bronze Medal to Cudeca Hospice"},"content":{"rendered":"<p><\/p>\n<div id=\"notCuerpo\">\n<div style=\"text-align: justify\">On the 14th of october, Cudeca Hospice received <a href=\"http:\/\/www.cruzroja.es\/portada\/\" target=\"_blank\"><strong>M\u00e1laga\u00b4s Red Cross<\/strong><\/a>, <strong>The bronze medal 2014<\/strong>, for their efforts and solidarity.<br \/>  \u00a0<br \/>  The <strong>prize<\/strong>, was collected by our president Ricardo Urdiales and our financial director, Rafael Olalla, is a important sign of recognition for the efforts every year that Cudeca Hospice carries out to assist free of charge more than 850 people with non curable cancer and other illnesses in an advanced stage as well as offer support to their families in the province of M\u00e1laga. \u00a0<br \/>  \u00a0<\/div>\n<div style=\"text-align: justify\">Cudeca Hospice as well as this act taken place in Mijas, there were bronze medals given to Lu\u00eds Miguel Jurado, Miguel Rodr\u00edguez Ruiz, Alejandro Fern\u00e1ndez Mel\u00e9ndez and ONCE Foundation.<\/div>\n<div style=\"text-align: justify\">\u00a0<\/div>\n<div style=\"text-align: justify\"><a href=\"http:\/\/www.europapress.es\/andalucia\/malaga-00356\/noticia-cruz-roja-premia-medallas-bronce-cinco-personas-entidades-esfuerzo-solidaridad-20141015105348.html#.VFiSM4Q0sC8.email\" target=\"_blank\">Europa Press<\/a><br \/>  \u00a0<\/div><\/div>\n<p><\/p>","protected":false},"excerpt":{"rendered":"<p>On the 14th of october, Cudeca Hospice received M\u00e1laga\u00b4s Red Cross, The bronze medal 2014, for their efforts and solidarity. \u00a0 The prize, was collected by our president Ricardo Urdiales and our financial director, Rafael Olalla, is a important sign of recognition for the efforts every year that Cudeca Hospice carries out to assist free [&hellip;]<\/p>\n","protected":false},"author":0,"featured_media":0,"comment_status":"open","ping_status":"open","sticky":false,"template":"","format":"standard","meta":[],"categories":[15],"tags":[],"yoast_head":"<!-- This site is optimized with the Yoast SEO plugin v19.4 - https:\/\/yoast.com\/wordpress\/plugins\/seo\/ -->\n<title>The M&#225;laga Red Cross Bronze Medal to Cudeca Hospice - Cudeca Cancer Care Hospice<\/title>\n<meta name=\"robots\" content=\"index, follow, max-snippet:-1, max-image-preview:large, max-video-preview:-1\" \/>\n<link rel=\"canonical\" href=\"https:\/\/www.cudeca.org\/en\/actualidad\/the-mlaga-red-cross-bronze-medal-to-cudeca-hospice\/\" \/>\n<meta property=\"og:locale\" content=\"en_US\" \/>\n<meta property=\"og:type\" content=\"article\" \/>\n<meta property=\"og:title\" content=\"The M&#225;laga Red Cross Bronze Medal to Cudeca Hospice - Cudeca Cancer Care Hospice\" \/>\n<meta property=\"og:description\" content=\"On the 14th of october, Cudeca Hospice received M\u00e1laga\u00b4s Red Cross, The bronze medal 2014, for their efforts and solidarity. \u00a0 The prize, was collected by our president Ricardo Urdiales and our financial director, Rafael Olalla, is a important sign of recognition for the efforts every year that Cudeca Hospice carries out to assist free [&hellip;]\" \/>\n<meta property=\"og:url\" content=\"https:\/\/www.cudeca.org\/en\/actualidad\/the-mlaga-red-cross-bronze-medal-to-cudeca-hospice\/\" \/>\n<meta property=\"og:site_name\" content=\"Cudeca Cancer Care Hospice\" \/>\n<meta property=\"article:publisher\" content=\"https:\/\/www.facebook.com\/AmigosDeCudeca\" \/>\n<meta property=\"article:published_time\" content=\"2014-11-06T18:33:12+00:00\" \/>\n<meta name=\"twitter:card\" content=\"summary_large_image\" \/>\n<meta name=\"twitter:creator\" content=\"@cudeca\" \/>\n<meta name=\"twitter:site\" content=\"@cudeca\" \/>\n<meta name=\"twitter:label1\" content=\"Est. reading time\" \/>\n\t<meta name=\"twitter:data1\" content=\"1 minute\" \/>\n<script type=\"application\/ld+json\" class=\"yoast-schema-graph\">{\"@context\":\"https:\/\/schema.org\",\"@graph\":[{\"@type\":\"Organization\",\"@id\":\"https:\/\/www.cudeca.org\/#organization\",\"name\":\"Fundaci\u00f3n Cudeca\",\"url\":\"https:\/\/www.cudeca.org\/\",\"sameAs\":[\"https:\/\/www.youtube.com\/c\/cudecamalaga\",\"https:\/\/www.facebook.com\/AmigosDeCudeca\",\"https:\/\/twitter.com\/cudeca\"],\"logo\":{\"@type\":\"ImageObject\",\"inLanguage\":\"en-US\",\"@id\":\"https:\/\/www.cudeca.org\/#\/schema\/logo\/image\/\",\"url\":\"https:\/\/www.cudeca.org\/wp-content\/uploads\/2018\/02\/cudeca-logo.png\",\"contentUrl\":\"https:\/\/www.cudeca.org\/wp-content\/uploads\/2018\/02\/cudeca-logo.png\",\"width\":2121,\"height\":984,\"caption\":\"Fundaci\u00f3n Cudeca\"},\"image\":{\"@id\":\"https:\/\/www.cudeca.org\/#\/schema\/logo\/image\/\"}},{\"@type\":\"WebSite\",\"@id\":\"https:\/\/www.cudeca.org\/#website\",\"url\":\"https:\/\/www.cudeca.org\/\",\"name\":\"Fundaci\u00f3n Cudeca\",\"description\":\"Cudeca Hospice\",\"publisher\":{\"@id\":\"https:\/\/www.cudeca.org\/#organization\"},\"potentialAction\":[{\"@type\":\"SearchAction\",\"target\":{\"@type\":\"EntryPoint\",\"urlTemplate\":\"https:\/\/www.cudeca.org\/?s={search_term_string}\"},\"query-input\":\"required name=search_term_string\"}],\"inLanguage\":\"en-US\"},{\"@type\":\"WebPage\",\"@id\":\"https:\/\/www.cudeca.org\/en\/actualidad\/the-mlaga-red-cross-bronze-medal-to-cudeca-hospice\/\",\"url\":\"https:\/\/www.cudeca.org\/en\/actualidad\/the-mlaga-red-cross-bronze-medal-to-cudeca-hospice\/\",\"name\":\"The M&#225;laga Red Cross Bronze Medal to Cudeca Hospice - Cudeca Cancer Care Hospice\",\"isPartOf\":{\"@id\":\"https:\/\/www.cudeca.org\/#website\"},\"datePublished\":\"2014-11-06T18:33:12+00:00\",\"dateModified\":\"2014-11-06T18:33:12+00:00\",\"breadcrumb\":{\"@id\":\"https:\/\/www.cudeca.org\/en\/actualidad\/the-mlaga-red-cross-bronze-medal-to-cudeca-hospice\/#breadcrumb\"},\"inLanguage\":\"en-US\",\"potentialAction\":[{\"@type\":\"ReadAction\",\"target\":[\"https:\/\/www.cudeca.org\/en\/actualidad\/the-mlaga-red-cross-bronze-medal-to-cudeca-hospice\/\"]}]},{\"@type\":\"BreadcrumbList\",\"@id\":\"https:\/\/www.cudeca.org\/en\/actualidad\/the-mlaga-red-cross-bronze-medal-to-cudeca-hospice\/#breadcrumb\",\"itemListElement\":[{\"@type\":\"ListItem\",\"position\":1,\"name\":\"Portada\",\"item\":\"https:\/\/www.cudeca.org\/\"},{\"@type\":\"ListItem\",\"position\":2,\"name\":\"The M&#225;laga Red Cross Bronze Medal to Cudeca Hospice\"}]},{\"@type\":\"Article\",\"@id\":\"https:\/\/www.cudeca.org\/en\/actualidad\/the-mlaga-red-cross-bronze-medal-to-cudeca-hospice\/#article\",\"isPartOf\":{\"@id\":\"https:\/\/www.cudeca.org\/en\/actualidad\/the-mlaga-red-cross-bronze-medal-to-cudeca-hospice\/\"},\"author\":{\"name\":\"\",\"@id\":\"\"},\"headline\":\"The M&#225;laga Red Cross Bronze Medal to Cudeca Hospice\",\"datePublished\":\"2014-11-06T18:33:12+00:00\",\"dateModified\":\"2014-11-06T18:33:12+00:00\",\"mainEntityOfPage\":{\"@id\":\"https:\/\/www.cudeca.org\/en\/actualidad\/the-mlaga-red-cross-bronze-medal-to-cudeca-hospice\/\"},\"wordCount\":132,\"commentCount\":0,\"publisher\":{\"@id\":\"https:\/\/www.cudeca.org\/#organization\"},\"articleSection\":[\"\"],\"inLanguage\":\"en-US\",\"potentialAction\":[{\"@type\":\"CommentAction\",\"name\":\"Comment\",\"target\":[\"https:\/\/www.cudeca.org\/en\/actualidad\/the-mlaga-red-cross-bronze-medal-to-cudeca-hospice\/#respond\"]}]}]}<\/script>\n<!-- \/ Yoast SEO plugin. -->","yoast_head_json":{"title":"The M&#225;laga Red Cross Bronze Medal to Cudeca Hospice - Cudeca Cancer Care Hospice","robots":{"index":"index","follow":"follow","max-snippet":"max-snippet:-1","max-image-preview":"max-image-preview:large","max-video-preview":"max-video-preview:-1"},"canonical":"https:\/\/www.cudeca.org\/en\/actualidad\/the-mlaga-red-cross-bronze-medal-to-cudeca-hospice\/","og_locale":"en_US","og_type":"article","og_title":"The M&#225;laga Red Cross Bronze Medal to Cudeca Hospice - Cudeca Cancer Care Hospice","og_description":"On the 14th of october, Cudeca Hospice received M\u00e1laga\u00b4s Red Cross, The bronze medal 2014, for their efforts and solidarity. \u00a0 The prize, was collected by our president Ricardo Urdiales and our financial director, Rafael Olalla, is a important sign of recognition for the efforts every year that Cudeca Hospice carries out to assist free [&hellip;]","og_url":"https:\/\/www.cudeca.org\/en\/actualidad\/the-mlaga-red-cross-bronze-medal-to-cudeca-hospice\/","og_site_name":"Cudeca Cancer Care Hospice","article_publisher":"https:\/\/www.facebook.com\/AmigosDeCudeca","article_published_time":"2014-11-06T18:33:12+00:00","twitter_card":"summary_large_image","twitter_creator":"@cudeca","twitter_site":"@cudeca","twitter_misc":{"Est. reading time":"1 minute"},"schema":{"@context":"https:\/\/schema.org","@graph":[{"@type":"Organization","@id":"https:\/\/www.cudeca.org\/#organization","name":"Fundaci\u00f3n Cudeca","url":"https:\/\/www.cudeca.org\/","sameAs":["https:\/\/www.youtube.com\/c\/cudecamalaga","https:\/\/www.facebook.com\/AmigosDeCudeca","https:\/\/twitter.com\/cudeca"],"logo":{"@type":"ImageObject","inLanguage":"en-US","@id":"https:\/\/www.cudeca.org\/#\/schema\/logo\/image\/","url":"https:\/\/www.cudeca.org\/wp-content\/uploads\/2018\/02\/cudeca-logo.png","contentUrl":"https:\/\/www.cudeca.org\/wp-content\/uploads\/2018\/02\/cudeca-logo.png","width":2121,"height":984,"caption":"Fundaci\u00f3n Cudeca"},"image":{"@id":"https:\/\/www.cudeca.org\/#\/schema\/logo\/image\/"}},{"@type":"WebSite","@id":"https:\/\/www.cudeca.org\/#website","url":"https:\/\/www.cudeca.org\/","name":"Fundaci\u00f3n Cudeca","description":"Cudeca Hospice","publisher":{"@id":"https:\/\/www.cudeca.org\/#organization"},"potentialAction":[{"@type":"SearchAction","target":{"@type":"EntryPoint","urlTemplate":"https:\/\/www.cudeca.org\/?s={search_term_string}"},"query-input":"required name=search_term_string"}],"inLanguage":"en-US"},{"@type":"WebPage","@id":"https:\/\/www.cudeca.org\/en\/actualidad\/the-mlaga-red-cross-bronze-medal-to-cudeca-hospice\/","url":"https:\/\/www.cudeca.org\/en\/actualidad\/the-mlaga-red-cross-bronze-medal-to-cudeca-hospice\/","name":"The M&#225;laga Red Cross Bronze Medal to Cudeca Hospice - Cudeca Cancer Care Hospice","isPartOf":{"@id":"https:\/\/www.cudeca.org\/#website"},"datePublished":"2014-11-06T18:33:12+00:00","dateModified":"2014-11-06T18:33:12+00:00","breadcrumb":{"@id":"https:\/\/www.cudeca.org\/en\/actualidad\/the-mlaga-red-cross-bronze-medal-to-cudeca-hospice\/#breadcrumb"},"inLanguage":"en-US","potentialAction":[{"@type":"ReadAction","target":["https:\/\/www.cudeca.org\/en\/actualidad\/the-mlaga-red-cross-bronze-medal-to-cudeca-hospice\/"]}]},{"@type":"BreadcrumbList","@id":"https:\/\/www.cudeca.org\/en\/actualidad\/the-mlaga-red-cross-bronze-medal-to-cudeca-hospice\/#breadcrumb","itemListElement":[{"@type":"ListItem","position":1,"name":"Portada","item":"https:\/\/www.cudeca.org\/"},{"@type":"ListItem","position":2,"name":"The M&#225;laga Red Cross Bronze Medal to Cudeca Hospice"}]},{"@type":"Article","@id":"https:\/\/www.cudeca.org\/en\/actualidad\/the-mlaga-red-cross-bronze-medal-to-cudeca-hospice\/#article","isPartOf":{"@id":"https:\/\/www.cudeca.org\/en\/actualidad\/the-mlaga-red-cross-bronze-medal-to-cudeca-hospice\/"},"author":{"name":"","@id":""},"headline":"The M&#225;laga Red Cross Bronze Medal to Cudeca Hospice","datePublished":"2014-11-06T18:33:12+00:00","dateModified":"2014-11-06T18:33:12+00:00","mainEntityOfPage":{"@id":"https:\/\/www.cudeca.org\/en\/actualidad\/the-mlaga-red-cross-bronze-medal-to-cudeca-hospice\/"},"wordCount":132,"commentCount":0,"publisher":{"@id":"https:\/\/www.cudeca.org\/#organization"},"articleSection":[""],"inLanguage":"en-US","potentialAction":[{"@type":"CommentAction","name":"Comment","target":["https:\/\/www.cudeca.org\/en\/actualidad\/the-mlaga-red-cross-bronze-medal-to-cudeca-hospice\/#respond"]}]}]}},"_links":{"self":[{"href":"https:\/\/www.cudeca.org\/en\/wp-json\/wp\/v2\/posts\/16297"}],"collection":[{"href":"https:\/\/www.cudeca.org\/en\/wp-json\/wp\/v2\/posts"}],"about":[{"href":"https:\/\/www.cudeca.org\/en\/wp-json\/wp\/v2\/types\/post"}],"replies":[{"embeddable":true,"href":"https:\/\/www.cudeca.org\/en\/wp-json\/wp\/v2\/comments?post=16297"}],"version-history":[{"count":0,"href":"https:\/\/www.cudeca.org\/en\/wp-json\/wp\/v2\/posts\/16297\/revisions"}],"wp:attachment":[{"href":"https:\/\/www.cudeca.org\/en\/wp-json\/wp\/v2\/media?parent=16297"}],"wp:term":[{"taxonomy":"category","embeddable":true,"href":"https:\/\/www.cudeca.org\/en\/wp-json\/wp\/v2\/categories?post=16297"},{"taxonomy":"post_tag","embeddable":true,"href":"https:\/\/www.cudeca.org\/en\/wp-json\/wp\/v2\/tags?post=16297"}],"curies":[{"name":"wp","href":"https:\/\/api.w.org\/{rel}","templated":true}]}}