{"id":16280,"date":"2014-08-11T18:30:14","date_gmt":"2014-08-11T18:30:14","guid":{"rendered":"https:\/\/www.cudeca.org\/actualidad\/cudeca-hospice-attends-starlite-gala\/"},"modified":"2014-08-11T18:30:14","modified_gmt":"2014-08-11T18:30:14","slug":"cudeca-hospice-attends-starlite-gala","status":"publish","type":"post","link":"https:\/\/www.cudeca.org\/en\/actualidad\/cudeca-hospice-attends-starlite-gala\/","title":{"rendered":"Cudeca Hospice attends Starlite Gala"},"content":{"rendered":"<p><\/p>\n<div id=\"notCuerpo\">\n<div style=\"text-align: justify\"><strong>Cudeca Hospice<\/strong> attended the fith gala dinner on <strong>9th August <\/strong>in Marbella, held by the organizers of <a href=\"http:\/\/www.starlitefestival.com\/en\/\" target=\"_blank\"><strong>Starlite Festival<\/strong>.<\/a><br \/>  \u00a0<br \/>  Representing Cudeca Hospice were Honorary Patron, Antonio Banderas and our ambassador Remedios Cervantes. Numerous other personalities from the political and cultural world were there including the Mayoress of Marbella, \u00c1ngeles Mu\u00f1oz; Mayor of M\u00e1laga, Francisco de la Torre; Baroness Thyssen, Agatha Ruiz de la Prada, Pedro J. Ram\u00edrez, Valeria Mazza, Manuel D\u00edaz el Cordob\u00e9s and Virginia Troconis, Enrique Ponce and Paloma Cuevas, Manolo Santana, Mar\u00eda Pineda, Hubertus Hohenlohe, Raquel Revuelta, Paco Arango, Antonio Carmona, Los del Rio, Carmen Lomana and Mar\u00eda Jos\u00e9 Su\u00e1rez.<\/p>\n<p>  <strong>The funds raised from the Starlite Gala<\/strong>, which was organised by Sandra Garc\u00eda San Juan and Ignacio Maluquer, will go to Fundaci\u00f3n L\u00e1grimas y Favores, Cudeca Hospice, C\u00e1ritas, Fundaci\u00f3n Corinto, the University of M\u00e1laga and Ni\u00f1os de la Alegria.<\/div>\n<div style=\"text-align: justify\">  <strong>Cudeca Hospice<\/strong> would like to give their heartfelt thanks to the trustees of <strong><a href=\"http:\/\/www.fundacionlagrimasyfavores.org\" target=\"_blank\">Fundaci\u00f3n L\u00e1grimas y Favores<\/a><\/strong> for their continued support and to other friends and colaborators for the special affection they have for Cudeca Foundation.<\/p>\n<p>  \u00a0<\/p><\/div><\/div>\n<p><\/p>","protected":false},"excerpt":{"rendered":"<p>Cudeca Hospice attended the fith gala dinner on 9th August in Marbella, held by the organizers of Starlite Festival. \u00a0 Representing Cudeca Hospice were Honorary Patron, Antonio Banderas and our ambassador Remedios Cervantes. Numerous other personalities from the political and cultural world were there including the Mayoress of Marbella, \u00c1ngeles Mu\u00f1oz; Mayor of M\u00e1laga, Francisco [&hellip;]<\/p>\n","protected":false},"author":0,"featured_media":0,"comment_status":"open","ping_status":"open","sticky":false,"template":"","format":"standard","meta":[],"categories":[15],"tags":[],"yoast_head":"<!-- This site is optimized with the Yoast SEO plugin v19.4 - https:\/\/yoast.com\/wordpress\/plugins\/seo\/ -->\n<title>Cudeca Hospice attends Starlite Gala - Cudeca Cancer Care Hospice<\/title>\n<meta name=\"robots\" content=\"index, follow, max-snippet:-1, max-image-preview:large, max-video-preview:-1\" \/>\n<link rel=\"canonical\" href=\"https:\/\/www.cudeca.org\/actualidad\/cudeca-hospice-attends-starlite-gala\/\" \/>\n<meta property=\"og:locale\" content=\"en_US\" \/>\n<meta property=\"og:type\" content=\"article\" \/>\n<meta property=\"og:title\" content=\"Cudeca Hospice attends Starlite Gala - Cudeca Cancer Care Hospice\" \/>\n<meta property=\"og:description\" content=\"Cudeca Hospice attended the fith gala dinner on 9th August in Marbella, held by the organizers of Starlite Festival. \u00a0 Representing Cudeca Hospice were Honorary Patron, Antonio Banderas and our ambassador Remedios Cervantes. Numerous other personalities from the political and cultural world were there including the Mayoress of Marbella, \u00c1ngeles Mu\u00f1oz; Mayor of M\u00e1laga, Francisco [&hellip;]\" \/>\n<meta property=\"og:url\" content=\"https:\/\/www.cudeca.org\/actualidad\/cudeca-hospice-attends-starlite-gala\/\" \/>\n<meta property=\"og:site_name\" content=\"Cudeca Cancer Care Hospice\" \/>\n<meta property=\"article:publisher\" content=\"https:\/\/www.facebook.com\/AmigosDeCudeca\" \/>\n<meta property=\"article:published_time\" content=\"2014-08-11T18:30:14+00:00\" \/>\n<meta name=\"twitter:card\" content=\"summary_large_image\" \/>\n<meta name=\"twitter:creator\" content=\"@cudeca\" \/>\n<meta name=\"twitter:site\" content=\"@cudeca\" \/>\n<meta name=\"twitter:label1\" content=\"Est. reading time\" \/>\n\t<meta name=\"twitter:data1\" content=\"1 minute\" \/>\n<script type=\"application\/ld+json\" class=\"yoast-schema-graph\">{\"@context\":\"https:\/\/schema.org\",\"@graph\":[{\"@type\":\"Organization\",\"@id\":\"https:\/\/www.cudeca.org\/#organization\",\"name\":\"Fundaci\u00f3n Cudeca\",\"url\":\"https:\/\/www.cudeca.org\/\",\"sameAs\":[\"https:\/\/www.youtube.com\/c\/cudecamalaga\",\"https:\/\/www.facebook.com\/AmigosDeCudeca\",\"https:\/\/twitter.com\/cudeca\"],\"logo\":{\"@type\":\"ImageObject\",\"inLanguage\":\"en-US\",\"@id\":\"https:\/\/www.cudeca.org\/#\/schema\/logo\/image\/\",\"url\":\"https:\/\/www.cudeca.org\/wp-content\/uploads\/2018\/02\/cudeca-logo.png\",\"contentUrl\":\"https:\/\/www.cudeca.org\/wp-content\/uploads\/2018\/02\/cudeca-logo.png\",\"width\":2121,\"height\":984,\"caption\":\"Fundaci\u00f3n Cudeca\"},\"image\":{\"@id\":\"https:\/\/www.cudeca.org\/#\/schema\/logo\/image\/\"}},{\"@type\":\"WebSite\",\"@id\":\"https:\/\/www.cudeca.org\/#website\",\"url\":\"https:\/\/www.cudeca.org\/\",\"name\":\"Fundaci\u00f3n Cudeca\",\"description\":\"Cudeca Hospice\",\"publisher\":{\"@id\":\"https:\/\/www.cudeca.org\/#organization\"},\"potentialAction\":[{\"@type\":\"SearchAction\",\"target\":{\"@type\":\"EntryPoint\",\"urlTemplate\":\"https:\/\/www.cudeca.org\/?s={search_term_string}\"},\"query-input\":\"required name=search_term_string\"}],\"inLanguage\":\"en-US\"},{\"@type\":\"WebPage\",\"@id\":\"https:\/\/www.cudeca.org\/actualidad\/cudeca-hospice-attends-starlite-gala\/\",\"url\":\"https:\/\/www.cudeca.org\/actualidad\/cudeca-hospice-attends-starlite-gala\/\",\"name\":\"Cudeca Hospice attends Starlite Gala - Cudeca Cancer Care Hospice\",\"isPartOf\":{\"@id\":\"https:\/\/www.cudeca.org\/#website\"},\"datePublished\":\"2014-08-11T18:30:14+00:00\",\"dateModified\":\"2014-08-11T18:30:14+00:00\",\"breadcrumb\":{\"@id\":\"https:\/\/www.cudeca.org\/actualidad\/cudeca-hospice-attends-starlite-gala\/#breadcrumb\"},\"inLanguage\":\"en-US\",\"potentialAction\":[{\"@type\":\"ReadAction\",\"target\":[\"https:\/\/www.cudeca.org\/actualidad\/cudeca-hospice-attends-starlite-gala\/\"]}]},{\"@type\":\"BreadcrumbList\",\"@id\":\"https:\/\/www.cudeca.org\/actualidad\/cudeca-hospice-attends-starlite-gala\/#breadcrumb\",\"itemListElement\":[{\"@type\":\"ListItem\",\"position\":1,\"name\":\"Portada\",\"item\":\"https:\/\/www.cudeca.org\/\"},{\"@type\":\"ListItem\",\"position\":2,\"name\":\"Cudeca Hospice attends Starlite Gala\"}]},{\"@type\":\"Article\",\"@id\":\"https:\/\/www.cudeca.org\/actualidad\/cudeca-hospice-attends-starlite-gala\/#article\",\"isPartOf\":{\"@id\":\"https:\/\/www.cudeca.org\/actualidad\/cudeca-hospice-attends-starlite-gala\/\"},\"author\":{\"name\":\"\",\"@id\":\"\"},\"headline\":\"Cudeca Hospice attends Starlite Gala\",\"datePublished\":\"2014-08-11T18:30:14+00:00\",\"dateModified\":\"2014-08-11T18:30:14+00:00\",\"mainEntityOfPage\":{\"@id\":\"https:\/\/www.cudeca.org\/actualidad\/cudeca-hospice-attends-starlite-gala\/\"},\"wordCount\":201,\"commentCount\":0,\"publisher\":{\"@id\":\"https:\/\/www.cudeca.org\/#organization\"},\"articleSection\":[\"\"],\"inLanguage\":\"en-US\",\"potentialAction\":[{\"@type\":\"CommentAction\",\"name\":\"Comment\",\"target\":[\"https:\/\/www.cudeca.org\/actualidad\/cudeca-hospice-attends-starlite-gala\/#respond\"]}]}]}<\/script>\n<!-- \/ Yoast SEO plugin. -->","yoast_head_json":{"title":"Cudeca Hospice attends Starlite Gala - Cudeca Cancer Care Hospice","robots":{"index":"index","follow":"follow","max-snippet":"max-snippet:-1","max-image-preview":"max-image-preview:large","max-video-preview":"max-video-preview:-1"},"canonical":"https:\/\/www.cudeca.org\/actualidad\/cudeca-hospice-attends-starlite-gala\/","og_locale":"en_US","og_type":"article","og_title":"Cudeca Hospice attends Starlite Gala - Cudeca Cancer Care Hospice","og_description":"Cudeca Hospice attended the fith gala dinner on 9th August in Marbella, held by the organizers of Starlite Festival. \u00a0 Representing Cudeca Hospice were Honorary Patron, Antonio Banderas and our ambassador Remedios Cervantes. Numerous other personalities from the political and cultural world were there including the Mayoress of Marbella, \u00c1ngeles Mu\u00f1oz; Mayor of M\u00e1laga, Francisco [&hellip;]","og_url":"https:\/\/www.cudeca.org\/actualidad\/cudeca-hospice-attends-starlite-gala\/","og_site_name":"Cudeca Cancer Care Hospice","article_publisher":"https:\/\/www.facebook.com\/AmigosDeCudeca","article_published_time":"2014-08-11T18:30:14+00:00","twitter_card":"summary_large_image","twitter_creator":"@cudeca","twitter_site":"@cudeca","twitter_misc":{"Est. reading time":"1 minute"},"schema":{"@context":"https:\/\/schema.org","@graph":[{"@type":"Organization","@id":"https:\/\/www.cudeca.org\/#organization","name":"Fundaci\u00f3n Cudeca","url":"https:\/\/www.cudeca.org\/","sameAs":["https:\/\/www.youtube.com\/c\/cudecamalaga","https:\/\/www.facebook.com\/AmigosDeCudeca","https:\/\/twitter.com\/cudeca"],"logo":{"@type":"ImageObject","inLanguage":"en-US","@id":"https:\/\/www.cudeca.org\/#\/schema\/logo\/image\/","url":"https:\/\/www.cudeca.org\/wp-content\/uploads\/2018\/02\/cudeca-logo.png","contentUrl":"https:\/\/www.cudeca.org\/wp-content\/uploads\/2018\/02\/cudeca-logo.png","width":2121,"height":984,"caption":"Fundaci\u00f3n Cudeca"},"image":{"@id":"https:\/\/www.cudeca.org\/#\/schema\/logo\/image\/"}},{"@type":"WebSite","@id":"https:\/\/www.cudeca.org\/#website","url":"https:\/\/www.cudeca.org\/","name":"Fundaci\u00f3n Cudeca","description":"Cudeca Hospice","publisher":{"@id":"https:\/\/www.cudeca.org\/#organization"},"potentialAction":[{"@type":"SearchAction","target":{"@type":"EntryPoint","urlTemplate":"https:\/\/www.cudeca.org\/?s={search_term_string}"},"query-input":"required name=search_term_string"}],"inLanguage":"en-US"},{"@type":"WebPage","@id":"https:\/\/www.cudeca.org\/actualidad\/cudeca-hospice-attends-starlite-gala\/","url":"https:\/\/www.cudeca.org\/actualidad\/cudeca-hospice-attends-starlite-gala\/","name":"Cudeca Hospice attends Starlite Gala - Cudeca Cancer Care Hospice","isPartOf":{"@id":"https:\/\/www.cudeca.org\/#website"},"datePublished":"2014-08-11T18:30:14+00:00","dateModified":"2014-08-11T18:30:14+00:00","breadcrumb":{"@id":"https:\/\/www.cudeca.org\/actualidad\/cudeca-hospice-attends-starlite-gala\/#breadcrumb"},"inLanguage":"en-US","potentialAction":[{"@type":"ReadAction","target":["https:\/\/www.cudeca.org\/actualidad\/cudeca-hospice-attends-starlite-gala\/"]}]},{"@type":"BreadcrumbList","@id":"https:\/\/www.cudeca.org\/actualidad\/cudeca-hospice-attends-starlite-gala\/#breadcrumb","itemListElement":[{"@type":"ListItem","position":1,"name":"Portada","item":"https:\/\/www.cudeca.org\/"},{"@type":"ListItem","position":2,"name":"Cudeca Hospice attends Starlite Gala"}]},{"@type":"Article","@id":"https:\/\/www.cudeca.org\/actualidad\/cudeca-hospice-attends-starlite-gala\/#article","isPartOf":{"@id":"https:\/\/www.cudeca.org\/actualidad\/cudeca-hospice-attends-starlite-gala\/"},"author":{"name":"","@id":""},"headline":"Cudeca Hospice attends Starlite Gala","datePublished":"2014-08-11T18:30:14+00:00","dateModified":"2014-08-11T18:30:14+00:00","mainEntityOfPage":{"@id":"https:\/\/www.cudeca.org\/actualidad\/cudeca-hospice-attends-starlite-gala\/"},"wordCount":201,"commentCount":0,"publisher":{"@id":"https:\/\/www.cudeca.org\/#organization"},"articleSection":[""],"inLanguage":"en-US","potentialAction":[{"@type":"CommentAction","name":"Comment","target":["https:\/\/www.cudeca.org\/actualidad\/cudeca-hospice-attends-starlite-gala\/#respond"]}]}]}},"_links":{"self":[{"href":"https:\/\/www.cudeca.org\/en\/wp-json\/wp\/v2\/posts\/16280"}],"collection":[{"href":"https:\/\/www.cudeca.org\/en\/wp-json\/wp\/v2\/posts"}],"about":[{"href":"https:\/\/www.cudeca.org\/en\/wp-json\/wp\/v2\/types\/post"}],"replies":[{"embeddable":true,"href":"https:\/\/www.cudeca.org\/en\/wp-json\/wp\/v2\/comments?post=16280"}],"version-history":[{"count":0,"href":"https:\/\/www.cudeca.org\/en\/wp-json\/wp\/v2\/posts\/16280\/revisions"}],"wp:attachment":[{"href":"https:\/\/www.cudeca.org\/en\/wp-json\/wp\/v2\/media?parent=16280"}],"wp:term":[{"taxonomy":"category","embeddable":true,"href":"https:\/\/www.cudeca.org\/en\/wp-json\/wp\/v2\/categories?post=16280"},{"taxonomy":"post_tag","embeddable":true,"href":"https:\/\/www.cudeca.org\/en\/wp-json\/wp\/v2\/tags?post=16280"}],"curies":[{"name":"wp","href":"https:\/\/api.w.org\/{rel}","templated":true}]}}