{"id":16241,"date":"2014-02-14T18:21:12","date_gmt":"2014-02-14T18:21:12","guid":{"rendered":"https:\/\/www.cudeca.org\/actualidad\/spectacular-concert-by-carlos-alvarez-and-friends-for-the-benefit-of-cudeca-hospice\/"},"modified":"2014-02-14T18:21:12","modified_gmt":"2014-02-14T18:21:12","slug":"spectacular-concert-by-carlos-alvarez-and-friends-for-the-benefit-of-cudeca-hospice","status":"publish","type":"post","link":"https:\/\/www.cudeca.org\/en\/actualidad\/spectacular-concert-by-carlos-alvarez-and-friends-for-the-benefit-of-cudeca-hospice\/","title":{"rendered":"Spectacular Concert by Carlos Alvarez and Friends for the benefit of Cudeca Hospice"},"content":{"rendered":"<p><\/p>\n<div id=\"notCuerpo\">\n<div>\n<div style=\"text-align: justify\">On 14th\u00a0January <strong>Carlos \u00c1lvare<\/strong>z, baritone, and friends entertained a packed audience at the Mart\u00edn Carpena Stadium, M\u00e1laga.<\/div>\n<div style=\"text-align: justify\">  The \u201cmaestro\u201d Carlos \u00c1lvarez gave his best on stage performimg duets with <strong>Diez Negritos, Berna Perles, Irene Lombard, Antonio Cort\u00e9s, Pasi\u00f3n Vega,\u00a0 Javier Ojeda , Antonio Torres y Efecto Mariposa<\/strong>.<\/div>\n<div style=\"text-align: justify\">  <strong>This event was made possible thanks to the sponsorship of:<\/strong><\/div>\n<div style=\"text-align: justify\">  Ayuntamiento de M\u00e1laga, M\u00e1laga \u2013 Deportes y Eventos, Fundaci\u00f3n M\u00e1laga,\u00a0 Cadena Ser, DNRecords, Unicaja Obra Social, Uniticket, Jano, Cl\u00ednica Buchinger, Hospital Xanit Internacional, EG events, Navarro Hermanos, Servicios Socio-Sanitarios Generales, Novasol, El Corte Ingl\u00e9s, Burger King,\u00a0Teatro Restaurante Alma Flamenca,\u00a0Mercedes-Benz A. Moreno,\u00a0Vinos y Cavas Maset del Lleo,\u00a0Casino Torrequebrada, Copicentro, La Canasta, Gr\u00e1ficas Torremolinos, Katy Navarro \u2013 Maquillaje Profesional, Tryp Alameda,\u00a0Factory Outlet y M\u00e1laga Ocio,\u00a0\u00a0Ecomsa Pescados y Mariscos, Grupo Procarion y Florister\u00eda Layen.<\/div>\n<div style=\"text-align: justify\">  Cudeca Hospice also had the support of<strong> Domi del Postigo<\/strong> and <strong>Isabel Ladr\u00f3n de Guevara <\/strong>who were the presenters for the evening and who also praised the work of Cudeca Hospice.<\/p>\n<p>  \u00a0<\/div><\/div><\/div>\n<p><\/p>","protected":false},"excerpt":{"rendered":"<p>On 14th\u00a0January Carlos \u00c1lvarez, baritone, and friends entertained a packed audience at the Mart\u00edn Carpena Stadium, M\u00e1laga. The \u201cmaestro\u201d Carlos \u00c1lvarez gave his best on stage performimg duets with Diez Negritos, Berna Perles, Irene Lombard, Antonio Cort\u00e9s, Pasi\u00f3n Vega,\u00a0 Javier Ojeda , Antonio Torres y Efecto Mariposa. This event was made possible thanks to the [&hellip;]<\/p>\n","protected":false},"author":0,"featured_media":0,"comment_status":"open","ping_status":"open","sticky":false,"template":"","format":"standard","meta":[],"categories":[15],"tags":[],"yoast_head":"<!-- This site is optimized with the Yoast SEO plugin v19.4 - https:\/\/yoast.com\/wordpress\/plugins\/seo\/ -->\n<title>Spectacular Concert by Carlos Alvarez and Friends for the benefit of Cudeca Hospice - Cudeca Cancer Care Hospice<\/title>\n<meta name=\"robots\" content=\"index, follow, max-snippet:-1, max-image-preview:large, max-video-preview:-1\" \/>\n<link rel=\"canonical\" href=\"https:\/\/www.cudeca.org\/actualidad\/spectacular-concert-by-carlos-alvarez-and-friends-for-the-benefit-of-cudeca-hospice\/\" \/>\n<meta property=\"og:locale\" content=\"en_US\" \/>\n<meta property=\"og:type\" content=\"article\" \/>\n<meta property=\"og:title\" content=\"Spectacular Concert by Carlos Alvarez and Friends for the benefit of Cudeca Hospice - Cudeca Cancer Care Hospice\" \/>\n<meta property=\"og:description\" content=\"On 14th\u00a0January Carlos \u00c1lvarez, baritone, and friends entertained a packed audience at the Mart\u00edn Carpena Stadium, M\u00e1laga. The \u201cmaestro\u201d Carlos \u00c1lvarez gave his best on stage performimg duets with Diez Negritos, Berna Perles, Irene Lombard, Antonio Cort\u00e9s, Pasi\u00f3n Vega,\u00a0 Javier Ojeda , Antonio Torres y Efecto Mariposa. This event was made possible thanks to the [&hellip;]\" \/>\n<meta property=\"og:url\" content=\"https:\/\/www.cudeca.org\/actualidad\/spectacular-concert-by-carlos-alvarez-and-friends-for-the-benefit-of-cudeca-hospice\/\" \/>\n<meta property=\"og:site_name\" content=\"Cudeca Cancer Care Hospice\" \/>\n<meta property=\"article:publisher\" content=\"https:\/\/www.facebook.com\/AmigosDeCudeca\" \/>\n<meta property=\"article:published_time\" content=\"2014-02-14T18:21:12+00:00\" \/>\n<meta name=\"twitter:card\" content=\"summary_large_image\" \/>\n<meta name=\"twitter:creator\" content=\"@cudeca\" \/>\n<meta name=\"twitter:site\" content=\"@cudeca\" \/>\n<meta name=\"twitter:label1\" content=\"Est. reading time\" \/>\n\t<meta name=\"twitter:data1\" content=\"1 minute\" \/>\n<script type=\"application\/ld+json\" class=\"yoast-schema-graph\">{\"@context\":\"https:\/\/schema.org\",\"@graph\":[{\"@type\":\"Organization\",\"@id\":\"https:\/\/www.cudeca.org\/#organization\",\"name\":\"Fundaci\u00f3n Cudeca\",\"url\":\"https:\/\/www.cudeca.org\/\",\"sameAs\":[\"https:\/\/www.youtube.com\/c\/cudecamalaga\",\"https:\/\/www.facebook.com\/AmigosDeCudeca\",\"https:\/\/twitter.com\/cudeca\"],\"logo\":{\"@type\":\"ImageObject\",\"inLanguage\":\"en-US\",\"@id\":\"https:\/\/www.cudeca.org\/#\/schema\/logo\/image\/\",\"url\":\"https:\/\/www.cudeca.org\/wp-content\/uploads\/2018\/02\/cudeca-logo.png\",\"contentUrl\":\"https:\/\/www.cudeca.org\/wp-content\/uploads\/2018\/02\/cudeca-logo.png\",\"width\":2121,\"height\":984,\"caption\":\"Fundaci\u00f3n Cudeca\"},\"image\":{\"@id\":\"https:\/\/www.cudeca.org\/#\/schema\/logo\/image\/\"}},{\"@type\":\"WebSite\",\"@id\":\"https:\/\/www.cudeca.org\/#website\",\"url\":\"https:\/\/www.cudeca.org\/\",\"name\":\"Fundaci\u00f3n Cudeca\",\"description\":\"Cudeca Hospice\",\"publisher\":{\"@id\":\"https:\/\/www.cudeca.org\/#organization\"},\"potentialAction\":[{\"@type\":\"SearchAction\",\"target\":{\"@type\":\"EntryPoint\",\"urlTemplate\":\"https:\/\/www.cudeca.org\/?s={search_term_string}\"},\"query-input\":\"required name=search_term_string\"}],\"inLanguage\":\"en-US\"},{\"@type\":\"WebPage\",\"@id\":\"https:\/\/www.cudeca.org\/actualidad\/spectacular-concert-by-carlos-alvarez-and-friends-for-the-benefit-of-cudeca-hospice\/\",\"url\":\"https:\/\/www.cudeca.org\/actualidad\/spectacular-concert-by-carlos-alvarez-and-friends-for-the-benefit-of-cudeca-hospice\/\",\"name\":\"Spectacular Concert by Carlos Alvarez and Friends for the benefit of Cudeca Hospice - Cudeca Cancer Care Hospice\",\"isPartOf\":{\"@id\":\"https:\/\/www.cudeca.org\/#website\"},\"datePublished\":\"2014-02-14T18:21:12+00:00\",\"dateModified\":\"2014-02-14T18:21:12+00:00\",\"breadcrumb\":{\"@id\":\"https:\/\/www.cudeca.org\/actualidad\/spectacular-concert-by-carlos-alvarez-and-friends-for-the-benefit-of-cudeca-hospice\/#breadcrumb\"},\"inLanguage\":\"en-US\",\"potentialAction\":[{\"@type\":\"ReadAction\",\"target\":[\"https:\/\/www.cudeca.org\/actualidad\/spectacular-concert-by-carlos-alvarez-and-friends-for-the-benefit-of-cudeca-hospice\/\"]}]},{\"@type\":\"BreadcrumbList\",\"@id\":\"https:\/\/www.cudeca.org\/actualidad\/spectacular-concert-by-carlos-alvarez-and-friends-for-the-benefit-of-cudeca-hospice\/#breadcrumb\",\"itemListElement\":[{\"@type\":\"ListItem\",\"position\":1,\"name\":\"Portada\",\"item\":\"https:\/\/www.cudeca.org\/\"},{\"@type\":\"ListItem\",\"position\":2,\"name\":\"Spectacular Concert by Carlos Alvarez and Friends for the benefit of Cudeca Hospice\"}]},{\"@type\":\"Article\",\"@id\":\"https:\/\/www.cudeca.org\/actualidad\/spectacular-concert-by-carlos-alvarez-and-friends-for-the-benefit-of-cudeca-hospice\/#article\",\"isPartOf\":{\"@id\":\"https:\/\/www.cudeca.org\/actualidad\/spectacular-concert-by-carlos-alvarez-and-friends-for-the-benefit-of-cudeca-hospice\/\"},\"author\":{\"name\":\"\",\"@id\":\"\"},\"headline\":\"Spectacular Concert by Carlos Alvarez and Friends for the benefit of Cudeca Hospice\",\"datePublished\":\"2014-02-14T18:21:12+00:00\",\"dateModified\":\"2014-02-14T18:21:12+00:00\",\"mainEntityOfPage\":{\"@id\":\"https:\/\/www.cudeca.org\/actualidad\/spectacular-concert-by-carlos-alvarez-and-friends-for-the-benefit-of-cudeca-hospice\/\"},\"wordCount\":192,\"commentCount\":0,\"publisher\":{\"@id\":\"https:\/\/www.cudeca.org\/#organization\"},\"articleSection\":[\"\"],\"inLanguage\":\"en-US\",\"potentialAction\":[{\"@type\":\"CommentAction\",\"name\":\"Comment\",\"target\":[\"https:\/\/www.cudeca.org\/actualidad\/spectacular-concert-by-carlos-alvarez-and-friends-for-the-benefit-of-cudeca-hospice\/#respond\"]}]}]}<\/script>\n<!-- \/ Yoast SEO plugin. -->","yoast_head_json":{"title":"Spectacular Concert by Carlos Alvarez and Friends for the benefit of Cudeca Hospice - Cudeca Cancer Care Hospice","robots":{"index":"index","follow":"follow","max-snippet":"max-snippet:-1","max-image-preview":"max-image-preview:large","max-video-preview":"max-video-preview:-1"},"canonical":"https:\/\/www.cudeca.org\/actualidad\/spectacular-concert-by-carlos-alvarez-and-friends-for-the-benefit-of-cudeca-hospice\/","og_locale":"en_US","og_type":"article","og_title":"Spectacular Concert by Carlos Alvarez and Friends for the benefit of Cudeca Hospice - Cudeca Cancer Care Hospice","og_description":"On 14th\u00a0January Carlos \u00c1lvarez, baritone, and friends entertained a packed audience at the Mart\u00edn Carpena Stadium, M\u00e1laga. The \u201cmaestro\u201d Carlos \u00c1lvarez gave his best on stage performimg duets with Diez Negritos, Berna Perles, Irene Lombard, Antonio Cort\u00e9s, Pasi\u00f3n Vega,\u00a0 Javier Ojeda , Antonio Torres y Efecto Mariposa. This event was made possible thanks to the [&hellip;]","og_url":"https:\/\/www.cudeca.org\/actualidad\/spectacular-concert-by-carlos-alvarez-and-friends-for-the-benefit-of-cudeca-hospice\/","og_site_name":"Cudeca Cancer Care Hospice","article_publisher":"https:\/\/www.facebook.com\/AmigosDeCudeca","article_published_time":"2014-02-14T18:21:12+00:00","twitter_card":"summary_large_image","twitter_creator":"@cudeca","twitter_site":"@cudeca","twitter_misc":{"Est. reading time":"1 minute"},"schema":{"@context":"https:\/\/schema.org","@graph":[{"@type":"Organization","@id":"https:\/\/www.cudeca.org\/#organization","name":"Fundaci\u00f3n Cudeca","url":"https:\/\/www.cudeca.org\/","sameAs":["https:\/\/www.youtube.com\/c\/cudecamalaga","https:\/\/www.facebook.com\/AmigosDeCudeca","https:\/\/twitter.com\/cudeca"],"logo":{"@type":"ImageObject","inLanguage":"en-US","@id":"https:\/\/www.cudeca.org\/#\/schema\/logo\/image\/","url":"https:\/\/www.cudeca.org\/wp-content\/uploads\/2018\/02\/cudeca-logo.png","contentUrl":"https:\/\/www.cudeca.org\/wp-content\/uploads\/2018\/02\/cudeca-logo.png","width":2121,"height":984,"caption":"Fundaci\u00f3n Cudeca"},"image":{"@id":"https:\/\/www.cudeca.org\/#\/schema\/logo\/image\/"}},{"@type":"WebSite","@id":"https:\/\/www.cudeca.org\/#website","url":"https:\/\/www.cudeca.org\/","name":"Fundaci\u00f3n Cudeca","description":"Cudeca Hospice","publisher":{"@id":"https:\/\/www.cudeca.org\/#organization"},"potentialAction":[{"@type":"SearchAction","target":{"@type":"EntryPoint","urlTemplate":"https:\/\/www.cudeca.org\/?s={search_term_string}"},"query-input":"required name=search_term_string"}],"inLanguage":"en-US"},{"@type":"WebPage","@id":"https:\/\/www.cudeca.org\/actualidad\/spectacular-concert-by-carlos-alvarez-and-friends-for-the-benefit-of-cudeca-hospice\/","url":"https:\/\/www.cudeca.org\/actualidad\/spectacular-concert-by-carlos-alvarez-and-friends-for-the-benefit-of-cudeca-hospice\/","name":"Spectacular Concert by Carlos Alvarez and Friends for the benefit of Cudeca Hospice - Cudeca Cancer Care Hospice","isPartOf":{"@id":"https:\/\/www.cudeca.org\/#website"},"datePublished":"2014-02-14T18:21:12+00:00","dateModified":"2014-02-14T18:21:12+00:00","breadcrumb":{"@id":"https:\/\/www.cudeca.org\/actualidad\/spectacular-concert-by-carlos-alvarez-and-friends-for-the-benefit-of-cudeca-hospice\/#breadcrumb"},"inLanguage":"en-US","potentialAction":[{"@type":"ReadAction","target":["https:\/\/www.cudeca.org\/actualidad\/spectacular-concert-by-carlos-alvarez-and-friends-for-the-benefit-of-cudeca-hospice\/"]}]},{"@type":"BreadcrumbList","@id":"https:\/\/www.cudeca.org\/actualidad\/spectacular-concert-by-carlos-alvarez-and-friends-for-the-benefit-of-cudeca-hospice\/#breadcrumb","itemListElement":[{"@type":"ListItem","position":1,"name":"Portada","item":"https:\/\/www.cudeca.org\/"},{"@type":"ListItem","position":2,"name":"Spectacular Concert by Carlos Alvarez and Friends for the benefit of Cudeca Hospice"}]},{"@type":"Article","@id":"https:\/\/www.cudeca.org\/actualidad\/spectacular-concert-by-carlos-alvarez-and-friends-for-the-benefit-of-cudeca-hospice\/#article","isPartOf":{"@id":"https:\/\/www.cudeca.org\/actualidad\/spectacular-concert-by-carlos-alvarez-and-friends-for-the-benefit-of-cudeca-hospice\/"},"author":{"name":"","@id":""},"headline":"Spectacular Concert by Carlos Alvarez and Friends for the benefit of Cudeca Hospice","datePublished":"2014-02-14T18:21:12+00:00","dateModified":"2014-02-14T18:21:12+00:00","mainEntityOfPage":{"@id":"https:\/\/www.cudeca.org\/actualidad\/spectacular-concert-by-carlos-alvarez-and-friends-for-the-benefit-of-cudeca-hospice\/"},"wordCount":192,"commentCount":0,"publisher":{"@id":"https:\/\/www.cudeca.org\/#organization"},"articleSection":[""],"inLanguage":"en-US","potentialAction":[{"@type":"CommentAction","name":"Comment","target":["https:\/\/www.cudeca.org\/actualidad\/spectacular-concert-by-carlos-alvarez-and-friends-for-the-benefit-of-cudeca-hospice\/#respond"]}]}]}},"_links":{"self":[{"href":"https:\/\/www.cudeca.org\/en\/wp-json\/wp\/v2\/posts\/16241"}],"collection":[{"href":"https:\/\/www.cudeca.org\/en\/wp-json\/wp\/v2\/posts"}],"about":[{"href":"https:\/\/www.cudeca.org\/en\/wp-json\/wp\/v2\/types\/post"}],"replies":[{"embeddable":true,"href":"https:\/\/www.cudeca.org\/en\/wp-json\/wp\/v2\/comments?post=16241"}],"version-history":[{"count":0,"href":"https:\/\/www.cudeca.org\/en\/wp-json\/wp\/v2\/posts\/16241\/revisions"}],"wp:attachment":[{"href":"https:\/\/www.cudeca.org\/en\/wp-json\/wp\/v2\/media?parent=16241"}],"wp:term":[{"taxonomy":"category","embeddable":true,"href":"https:\/\/www.cudeca.org\/en\/wp-json\/wp\/v2\/categories?post=16241"},{"taxonomy":"post_tag","embeddable":true,"href":"https:\/\/www.cudeca.org\/en\/wp-json\/wp\/v2\/tags?post=16241"}],"curies":[{"name":"wp","href":"https:\/\/api.w.org\/{rel}","templated":true}]}}