{"id":16228,"date":"2014-01-08T18:18:27","date_gmt":"2014-01-08T18:18:27","guid":{"rendered":"https:\/\/www.cudeca.org\/actualidad\/the-mayor-of-coin-inaugurates-the-new-cudeca-hospice-charity-shop\/"},"modified":"2014-01-08T18:18:27","modified_gmt":"2014-01-08T18:18:27","slug":"the-mayor-of-coin-inaugurates-the-new-cudeca-hospice-charity-shop","status":"publish","type":"post","link":"https:\/\/www.cudeca.org\/en\/actualidad\/the-mayor-of-coin-inaugurates-the-new-cudeca-hospice-charity-shop\/","title":{"rendered":"The Mayor of Coin inaugurates the new Cudeca Hospice Charity Shop"},"content":{"rendered":"<p><\/p>\n<div id=\"notCuerpo\">\n<div>\n<div style=\"text-align: justify\">On 18th December, the Cudeca Hospice Charity Shop in Co\u00edn moved to new premises. At the celebration of the opening was the Mayor of Co\u00edn, Fernando Fern\u00e1ndez and Councillor Mar\u00eda Santos.<br \/>  \u00a0<br \/>  Also present, from the Cudeca Hospice were Rafael Olalla, Susan Hannam and Aurea Peralta from the volunteers\u2019 department, together with the shop volunteers and friends.<\/div>\n<div style=\"text-align: justify\">  <strong>The new Co\u00edn shop<\/strong>, <strong>situated in Calle M\u00e1laga N\u00ba 4<\/strong> has more space to receive donations from the public, which includes clothes, handbags, books, children\u2019s clothes and much more.\u00a0 The profit from the sales of these articles will go towards covering the cost of Cudeca\u2019s care programmes, which every year help more than 800 patients with advanced incurable cancer and other diseases, with support to their families and totally free of any cost.<br \/>  \u00a0<br \/>  Cudeca Hospice has <strong>12 charity shops<\/strong> in the province of M\u00e1laga which are run by dedicated volunteers and this form of fundraising constitutes an important part of Cudeca\u2019s income.<br \/>  \u00a0<br \/>  <strong>If you require more information regarding our work<\/strong>, our charity shops or how to become a volunteer, please visit our web page www.cudeca.org or phone 952 564 910.<\/div><\/div><\/div>\n<p><\/p>","protected":false},"excerpt":{"rendered":"<p>On 18th December, the Cudeca Hospice Charity Shop in Co\u00edn moved to new premises. At the celebration of the opening was the Mayor of Co\u00edn, Fernando Fern\u00e1ndez and Councillor Mar\u00eda Santos. \u00a0 Also present, from the Cudeca Hospice were Rafael Olalla, Susan Hannam and Aurea Peralta from the volunteers\u2019 department, together with the shop volunteers [&hellip;]<\/p>\n","protected":false},"author":0,"featured_media":0,"comment_status":"open","ping_status":"open","sticky":false,"template":"","format":"standard","meta":[],"categories":[15],"tags":[],"yoast_head":"<!-- This site is optimized with the Yoast SEO plugin v19.4 - https:\/\/yoast.com\/wordpress\/plugins\/seo\/ -->\n<title>The Mayor of Coin inaugurates the new Cudeca Hospice Charity Shop - Cudeca Cancer Care Hospice<\/title>\n<meta name=\"robots\" content=\"index, follow, max-snippet:-1, max-image-preview:large, max-video-preview:-1\" \/>\n<link rel=\"canonical\" href=\"https:\/\/www.cudeca.org\/en\/actualidad\/the-mayor-of-coin-inaugurates-the-new-cudeca-hospice-charity-shop\/\" \/>\n<meta property=\"og:locale\" content=\"en_US\" \/>\n<meta property=\"og:type\" content=\"article\" \/>\n<meta property=\"og:title\" content=\"The Mayor of Coin inaugurates the new Cudeca Hospice Charity Shop - Cudeca Cancer Care Hospice\" \/>\n<meta property=\"og:description\" content=\"On 18th December, the Cudeca Hospice Charity Shop in Co\u00edn moved to new premises. At the celebration of the opening was the Mayor of Co\u00edn, Fernando Fern\u00e1ndez and Councillor Mar\u00eda Santos. \u00a0 Also present, from the Cudeca Hospice were Rafael Olalla, Susan Hannam and Aurea Peralta from the volunteers\u2019 department, together with the shop volunteers [&hellip;]\" \/>\n<meta property=\"og:url\" content=\"https:\/\/www.cudeca.org\/en\/actualidad\/the-mayor-of-coin-inaugurates-the-new-cudeca-hospice-charity-shop\/\" \/>\n<meta property=\"og:site_name\" content=\"Cudeca Cancer Care Hospice\" \/>\n<meta property=\"article:publisher\" content=\"https:\/\/www.facebook.com\/AmigosDeCudeca\" \/>\n<meta property=\"article:published_time\" content=\"2014-01-08T18:18:27+00:00\" \/>\n<meta name=\"twitter:card\" content=\"summary_large_image\" \/>\n<meta name=\"twitter:creator\" content=\"@cudeca\" \/>\n<meta name=\"twitter:site\" content=\"@cudeca\" \/>\n<meta name=\"twitter:label1\" content=\"Est. reading time\" \/>\n\t<meta name=\"twitter:data1\" content=\"1 minute\" \/>\n<script type=\"application\/ld+json\" class=\"yoast-schema-graph\">{\"@context\":\"https:\/\/schema.org\",\"@graph\":[{\"@type\":\"Organization\",\"@id\":\"https:\/\/www.cudeca.org\/#organization\",\"name\":\"Fundaci\u00f3n Cudeca\",\"url\":\"https:\/\/www.cudeca.org\/\",\"sameAs\":[\"https:\/\/www.youtube.com\/c\/cudecamalaga\",\"https:\/\/www.facebook.com\/AmigosDeCudeca\",\"https:\/\/twitter.com\/cudeca\"],\"logo\":{\"@type\":\"ImageObject\",\"inLanguage\":\"en-US\",\"@id\":\"https:\/\/www.cudeca.org\/#\/schema\/logo\/image\/\",\"url\":\"https:\/\/www.cudeca.org\/wp-content\/uploads\/2018\/02\/cudeca-logo.png\",\"contentUrl\":\"https:\/\/www.cudeca.org\/wp-content\/uploads\/2018\/02\/cudeca-logo.png\",\"width\":2121,\"height\":984,\"caption\":\"Fundaci\u00f3n Cudeca\"},\"image\":{\"@id\":\"https:\/\/www.cudeca.org\/#\/schema\/logo\/image\/\"}},{\"@type\":\"WebSite\",\"@id\":\"https:\/\/www.cudeca.org\/#website\",\"url\":\"https:\/\/www.cudeca.org\/\",\"name\":\"Fundaci\u00f3n Cudeca\",\"description\":\"Cudeca Hospice\",\"publisher\":{\"@id\":\"https:\/\/www.cudeca.org\/#organization\"},\"potentialAction\":[{\"@type\":\"SearchAction\",\"target\":{\"@type\":\"EntryPoint\",\"urlTemplate\":\"https:\/\/www.cudeca.org\/?s={search_term_string}\"},\"query-input\":\"required name=search_term_string\"}],\"inLanguage\":\"en-US\"},{\"@type\":\"WebPage\",\"@id\":\"https:\/\/www.cudeca.org\/en\/actualidad\/the-mayor-of-coin-inaugurates-the-new-cudeca-hospice-charity-shop\/\",\"url\":\"https:\/\/www.cudeca.org\/en\/actualidad\/the-mayor-of-coin-inaugurates-the-new-cudeca-hospice-charity-shop\/\",\"name\":\"The Mayor of Coin inaugurates the new Cudeca Hospice Charity Shop - Cudeca Cancer Care Hospice\",\"isPartOf\":{\"@id\":\"https:\/\/www.cudeca.org\/#website\"},\"datePublished\":\"2014-01-08T18:18:27+00:00\",\"dateModified\":\"2014-01-08T18:18:27+00:00\",\"breadcrumb\":{\"@id\":\"https:\/\/www.cudeca.org\/en\/actualidad\/the-mayor-of-coin-inaugurates-the-new-cudeca-hospice-charity-shop\/#breadcrumb\"},\"inLanguage\":\"en-US\",\"potentialAction\":[{\"@type\":\"ReadAction\",\"target\":[\"https:\/\/www.cudeca.org\/en\/actualidad\/the-mayor-of-coin-inaugurates-the-new-cudeca-hospice-charity-shop\/\"]}]},{\"@type\":\"BreadcrumbList\",\"@id\":\"https:\/\/www.cudeca.org\/en\/actualidad\/the-mayor-of-coin-inaugurates-the-new-cudeca-hospice-charity-shop\/#breadcrumb\",\"itemListElement\":[{\"@type\":\"ListItem\",\"position\":1,\"name\":\"Portada\",\"item\":\"https:\/\/www.cudeca.org\/\"},{\"@type\":\"ListItem\",\"position\":2,\"name\":\"The Mayor of Coin inaugurates the new Cudeca Hospice Charity Shop\"}]},{\"@type\":\"Article\",\"@id\":\"https:\/\/www.cudeca.org\/en\/actualidad\/the-mayor-of-coin-inaugurates-the-new-cudeca-hospice-charity-shop\/#article\",\"isPartOf\":{\"@id\":\"https:\/\/www.cudeca.org\/en\/actualidad\/the-mayor-of-coin-inaugurates-the-new-cudeca-hospice-charity-shop\/\"},\"author\":{\"name\":\"\",\"@id\":\"\"},\"headline\":\"The Mayor of Coin inaugurates the new Cudeca Hospice Charity Shop\",\"datePublished\":\"2014-01-08T18:18:27+00:00\",\"dateModified\":\"2014-01-08T18:18:27+00:00\",\"mainEntityOfPage\":{\"@id\":\"https:\/\/www.cudeca.org\/en\/actualidad\/the-mayor-of-coin-inaugurates-the-new-cudeca-hospice-charity-shop\/\"},\"wordCount\":205,\"commentCount\":0,\"publisher\":{\"@id\":\"https:\/\/www.cudeca.org\/#organization\"},\"articleSection\":[\"\"],\"inLanguage\":\"en-US\",\"potentialAction\":[{\"@type\":\"CommentAction\",\"name\":\"Comment\",\"target\":[\"https:\/\/www.cudeca.org\/en\/actualidad\/the-mayor-of-coin-inaugurates-the-new-cudeca-hospice-charity-shop\/#respond\"]}]}]}<\/script>\n<!-- \/ Yoast SEO plugin. -->","yoast_head_json":{"title":"The Mayor of Coin inaugurates the new Cudeca Hospice Charity Shop - Cudeca Cancer Care Hospice","robots":{"index":"index","follow":"follow","max-snippet":"max-snippet:-1","max-image-preview":"max-image-preview:large","max-video-preview":"max-video-preview:-1"},"canonical":"https:\/\/www.cudeca.org\/en\/actualidad\/the-mayor-of-coin-inaugurates-the-new-cudeca-hospice-charity-shop\/","og_locale":"en_US","og_type":"article","og_title":"The Mayor of Coin inaugurates the new Cudeca Hospice Charity Shop - Cudeca Cancer Care Hospice","og_description":"On 18th December, the Cudeca Hospice Charity Shop in Co\u00edn moved to new premises. At the celebration of the opening was the Mayor of Co\u00edn, Fernando Fern\u00e1ndez and Councillor Mar\u00eda Santos. \u00a0 Also present, from the Cudeca Hospice were Rafael Olalla, Susan Hannam and Aurea Peralta from the volunteers\u2019 department, together with the shop volunteers [&hellip;]","og_url":"https:\/\/www.cudeca.org\/en\/actualidad\/the-mayor-of-coin-inaugurates-the-new-cudeca-hospice-charity-shop\/","og_site_name":"Cudeca Cancer Care Hospice","article_publisher":"https:\/\/www.facebook.com\/AmigosDeCudeca","article_published_time":"2014-01-08T18:18:27+00:00","twitter_card":"summary_large_image","twitter_creator":"@cudeca","twitter_site":"@cudeca","twitter_misc":{"Est. reading time":"1 minute"},"schema":{"@context":"https:\/\/schema.org","@graph":[{"@type":"Organization","@id":"https:\/\/www.cudeca.org\/#organization","name":"Fundaci\u00f3n Cudeca","url":"https:\/\/www.cudeca.org\/","sameAs":["https:\/\/www.youtube.com\/c\/cudecamalaga","https:\/\/www.facebook.com\/AmigosDeCudeca","https:\/\/twitter.com\/cudeca"],"logo":{"@type":"ImageObject","inLanguage":"en-US","@id":"https:\/\/www.cudeca.org\/#\/schema\/logo\/image\/","url":"https:\/\/www.cudeca.org\/wp-content\/uploads\/2018\/02\/cudeca-logo.png","contentUrl":"https:\/\/www.cudeca.org\/wp-content\/uploads\/2018\/02\/cudeca-logo.png","width":2121,"height":984,"caption":"Fundaci\u00f3n Cudeca"},"image":{"@id":"https:\/\/www.cudeca.org\/#\/schema\/logo\/image\/"}},{"@type":"WebSite","@id":"https:\/\/www.cudeca.org\/#website","url":"https:\/\/www.cudeca.org\/","name":"Fundaci\u00f3n Cudeca","description":"Cudeca Hospice","publisher":{"@id":"https:\/\/www.cudeca.org\/#organization"},"potentialAction":[{"@type":"SearchAction","target":{"@type":"EntryPoint","urlTemplate":"https:\/\/www.cudeca.org\/?s={search_term_string}"},"query-input":"required name=search_term_string"}],"inLanguage":"en-US"},{"@type":"WebPage","@id":"https:\/\/www.cudeca.org\/en\/actualidad\/the-mayor-of-coin-inaugurates-the-new-cudeca-hospice-charity-shop\/","url":"https:\/\/www.cudeca.org\/en\/actualidad\/the-mayor-of-coin-inaugurates-the-new-cudeca-hospice-charity-shop\/","name":"The Mayor of Coin inaugurates the new Cudeca Hospice Charity Shop - Cudeca Cancer Care Hospice","isPartOf":{"@id":"https:\/\/www.cudeca.org\/#website"},"datePublished":"2014-01-08T18:18:27+00:00","dateModified":"2014-01-08T18:18:27+00:00","breadcrumb":{"@id":"https:\/\/www.cudeca.org\/en\/actualidad\/the-mayor-of-coin-inaugurates-the-new-cudeca-hospice-charity-shop\/#breadcrumb"},"inLanguage":"en-US","potentialAction":[{"@type":"ReadAction","target":["https:\/\/www.cudeca.org\/en\/actualidad\/the-mayor-of-coin-inaugurates-the-new-cudeca-hospice-charity-shop\/"]}]},{"@type":"BreadcrumbList","@id":"https:\/\/www.cudeca.org\/en\/actualidad\/the-mayor-of-coin-inaugurates-the-new-cudeca-hospice-charity-shop\/#breadcrumb","itemListElement":[{"@type":"ListItem","position":1,"name":"Portada","item":"https:\/\/www.cudeca.org\/"},{"@type":"ListItem","position":2,"name":"The Mayor of Coin inaugurates the new Cudeca Hospice Charity Shop"}]},{"@type":"Article","@id":"https:\/\/www.cudeca.org\/en\/actualidad\/the-mayor-of-coin-inaugurates-the-new-cudeca-hospice-charity-shop\/#article","isPartOf":{"@id":"https:\/\/www.cudeca.org\/en\/actualidad\/the-mayor-of-coin-inaugurates-the-new-cudeca-hospice-charity-shop\/"},"author":{"name":"","@id":""},"headline":"The Mayor of Coin inaugurates the new Cudeca Hospice Charity Shop","datePublished":"2014-01-08T18:18:27+00:00","dateModified":"2014-01-08T18:18:27+00:00","mainEntityOfPage":{"@id":"https:\/\/www.cudeca.org\/en\/actualidad\/the-mayor-of-coin-inaugurates-the-new-cudeca-hospice-charity-shop\/"},"wordCount":205,"commentCount":0,"publisher":{"@id":"https:\/\/www.cudeca.org\/#organization"},"articleSection":[""],"inLanguage":"en-US","potentialAction":[{"@type":"CommentAction","name":"Comment","target":["https:\/\/www.cudeca.org\/en\/actualidad\/the-mayor-of-coin-inaugurates-the-new-cudeca-hospice-charity-shop\/#respond"]}]}]}},"_links":{"self":[{"href":"https:\/\/www.cudeca.org\/en\/wp-json\/wp\/v2\/posts\/16228"}],"collection":[{"href":"https:\/\/www.cudeca.org\/en\/wp-json\/wp\/v2\/posts"}],"about":[{"href":"https:\/\/www.cudeca.org\/en\/wp-json\/wp\/v2\/types\/post"}],"replies":[{"embeddable":true,"href":"https:\/\/www.cudeca.org\/en\/wp-json\/wp\/v2\/comments?post=16228"}],"version-history":[{"count":0,"href":"https:\/\/www.cudeca.org\/en\/wp-json\/wp\/v2\/posts\/16228\/revisions"}],"wp:attachment":[{"href":"https:\/\/www.cudeca.org\/en\/wp-json\/wp\/v2\/media?parent=16228"}],"wp:term":[{"taxonomy":"category","embeddable":true,"href":"https:\/\/www.cudeca.org\/en\/wp-json\/wp\/v2\/categories?post=16228"},{"taxonomy":"post_tag","embeddable":true,"href":"https:\/\/www.cudeca.org\/en\/wp-json\/wp\/v2\/tags?post=16228"}],"curies":[{"name":"wp","href":"https:\/\/api.w.org\/{rel}","templated":true}]}}