{"id":16223,"date":"2013-12-11T18:18:24","date_gmt":"2013-12-11T18:18:24","guid":{"rendered":"https:\/\/www.cudeca.org\/actualidad\/cudeca-support-groups-along-the-province\/"},"modified":"2013-12-11T18:18:24","modified_gmt":"2013-12-11T18:18:24","slug":"cudeca-support-groups-along-the-province","status":"publish","type":"post","link":"https:\/\/www.cudeca.org\/en\/actualidad\/cudeca-support-groups-along-the-province\/","title":{"rendered":"Cudeca Support Groups along the province"},"content":{"rendered":"<p><\/p>\n<div id=\"notCuerpo\">\n<div>  \tESTEPONA CUDECA SUPPORT GROUP meets 11h.30 on the 1st Tuesday of every month in the ACE Club, C\/. San Roque. For more information contact Susan Hannam on 952 564 910 or susanhannam@cudeca.org<\/div>\n<div>  \t\u00a0<\/div>\n<div>  \tNERJA CUDECA SUPPORT GROUP meets 11h.30 on the 2nd Thursday of every month in the Caritas Room at the back of the church on Balc\u00f3n de Europa. For more information contact Susan Hannam on 952 564 910 or susanhannam@cudeca.org<\/div>\n<div>  \t\u00a0<\/div>\n<div>  \tC\u00d3MPETA CUDECA SUPPORT GROUP meets 11h.30 on the 3rd Thursday of every month at Axareducaci\u00f3n C\u00f3mpeta, near the Hotel Balc\u00f3n. For more information contact Susan Hannam on 952 564 910 or susanhannam@cudeca.org<\/div><\/div>\n<p><\/p>","protected":false},"excerpt":{"rendered":"<p>ESTEPONA CUDECA SUPPORT GROUP meets 11h.30 on the 1st Tuesday of every month in the ACE Club, C\/. San Roque. For more information contact Susan Hannam on 952 564 910 or susanhannam@cudeca.org \u00a0 NERJA CUDECA SUPPORT GROUP meets 11h.30 on the 2nd Thursday of every month in the Caritas Room at the back of the [&hellip;]<\/p>\n","protected":false},"author":0,"featured_media":0,"comment_status":"open","ping_status":"open","sticky":false,"template":"","format":"standard","meta":[],"categories":[15],"tags":[],"yoast_head":"<!-- This site is optimized with the Yoast SEO plugin v19.4 - https:\/\/yoast.com\/wordpress\/plugins\/seo\/ -->\n<title>Cudeca Support Groups along the province - Cudeca Cancer Care Hospice<\/title>\n<meta name=\"robots\" content=\"index, follow, max-snippet:-1, max-image-preview:large, max-video-preview:-1\" \/>\n<link rel=\"canonical\" href=\"https:\/\/www.cudeca.org\/actualidad\/cudeca-support-groups-along-the-province\/\" \/>\n<meta property=\"og:locale\" content=\"en_US\" \/>\n<meta property=\"og:type\" content=\"article\" \/>\n<meta property=\"og:title\" content=\"Cudeca Support Groups along the province - Cudeca Cancer Care Hospice\" \/>\n<meta property=\"og:description\" content=\"ESTEPONA CUDECA SUPPORT GROUP meets 11h.30 on the 1st Tuesday of every month in the ACE Club, C\/. San Roque. For more information contact Susan Hannam on 952 564 910 or susanhannam@cudeca.org \u00a0 NERJA CUDECA SUPPORT GROUP meets 11h.30 on the 2nd Thursday of every month in the Caritas Room at the back of the [&hellip;]\" \/>\n<meta property=\"og:url\" content=\"https:\/\/www.cudeca.org\/actualidad\/cudeca-support-groups-along-the-province\/\" \/>\n<meta property=\"og:site_name\" content=\"Cudeca Cancer Care Hospice\" \/>\n<meta property=\"article:publisher\" content=\"https:\/\/www.facebook.com\/AmigosDeCudeca\" \/>\n<meta property=\"article:published_time\" content=\"2013-12-11T18:18:24+00:00\" \/>\n<meta name=\"twitter:card\" content=\"summary_large_image\" \/>\n<meta name=\"twitter:creator\" content=\"@cudeca\" \/>\n<meta name=\"twitter:site\" content=\"@cudeca\" \/>\n<meta name=\"twitter:label1\" content=\"Est. reading time\" \/>\n\t<meta name=\"twitter:data1\" content=\"1 minute\" \/>\n<script type=\"application\/ld+json\" class=\"yoast-schema-graph\">{\"@context\":\"https:\/\/schema.org\",\"@graph\":[{\"@type\":\"Organization\",\"@id\":\"https:\/\/www.cudeca.org\/#organization\",\"name\":\"Fundaci\u00f3n Cudeca\",\"url\":\"https:\/\/www.cudeca.org\/\",\"sameAs\":[\"https:\/\/www.youtube.com\/c\/cudecamalaga\",\"https:\/\/www.facebook.com\/AmigosDeCudeca\",\"https:\/\/twitter.com\/cudeca\"],\"logo\":{\"@type\":\"ImageObject\",\"inLanguage\":\"en-US\",\"@id\":\"https:\/\/www.cudeca.org\/#\/schema\/logo\/image\/\",\"url\":\"https:\/\/www.cudeca.org\/wp-content\/uploads\/2018\/02\/cudeca-logo.png\",\"contentUrl\":\"https:\/\/www.cudeca.org\/wp-content\/uploads\/2018\/02\/cudeca-logo.png\",\"width\":2121,\"height\":984,\"caption\":\"Fundaci\u00f3n Cudeca\"},\"image\":{\"@id\":\"https:\/\/www.cudeca.org\/#\/schema\/logo\/image\/\"}},{\"@type\":\"WebSite\",\"@id\":\"https:\/\/www.cudeca.org\/#website\",\"url\":\"https:\/\/www.cudeca.org\/\",\"name\":\"Fundaci\u00f3n Cudeca\",\"description\":\"Cudeca Hospice\",\"publisher\":{\"@id\":\"https:\/\/www.cudeca.org\/#organization\"},\"potentialAction\":[{\"@type\":\"SearchAction\",\"target\":{\"@type\":\"EntryPoint\",\"urlTemplate\":\"https:\/\/www.cudeca.org\/?s={search_term_string}\"},\"query-input\":\"required name=search_term_string\"}],\"inLanguage\":\"en-US\"},{\"@type\":\"WebPage\",\"@id\":\"https:\/\/www.cudeca.org\/actualidad\/cudeca-support-groups-along-the-province\/\",\"url\":\"https:\/\/www.cudeca.org\/actualidad\/cudeca-support-groups-along-the-province\/\",\"name\":\"Cudeca Support Groups along the province - Cudeca Cancer Care Hospice\",\"isPartOf\":{\"@id\":\"https:\/\/www.cudeca.org\/#website\"},\"datePublished\":\"2013-12-11T18:18:24+00:00\",\"dateModified\":\"2013-12-11T18:18:24+00:00\",\"breadcrumb\":{\"@id\":\"https:\/\/www.cudeca.org\/actualidad\/cudeca-support-groups-along-the-province\/#breadcrumb\"},\"inLanguage\":\"en-US\",\"potentialAction\":[{\"@type\":\"ReadAction\",\"target\":[\"https:\/\/www.cudeca.org\/actualidad\/cudeca-support-groups-along-the-province\/\"]}]},{\"@type\":\"BreadcrumbList\",\"@id\":\"https:\/\/www.cudeca.org\/actualidad\/cudeca-support-groups-along-the-province\/#breadcrumb\",\"itemListElement\":[{\"@type\":\"ListItem\",\"position\":1,\"name\":\"Portada\",\"item\":\"https:\/\/www.cudeca.org\/\"},{\"@type\":\"ListItem\",\"position\":2,\"name\":\"Cudeca Support Groups along the province\"}]},{\"@type\":\"Article\",\"@id\":\"https:\/\/www.cudeca.org\/actualidad\/cudeca-support-groups-along-the-province\/#article\",\"isPartOf\":{\"@id\":\"https:\/\/www.cudeca.org\/actualidad\/cudeca-support-groups-along-the-province\/\"},\"author\":{\"name\":\"\",\"@id\":\"\"},\"headline\":\"Cudeca Support Groups along the province\",\"datePublished\":\"2013-12-11T18:18:24+00:00\",\"dateModified\":\"2013-12-11T18:18:24+00:00\",\"mainEntityOfPage\":{\"@id\":\"https:\/\/www.cudeca.org\/actualidad\/cudeca-support-groups-along-the-province\/\"},\"wordCount\":113,\"commentCount\":0,\"publisher\":{\"@id\":\"https:\/\/www.cudeca.org\/#organization\"},\"articleSection\":[\"\"],\"inLanguage\":\"en-US\",\"potentialAction\":[{\"@type\":\"CommentAction\",\"name\":\"Comment\",\"target\":[\"https:\/\/www.cudeca.org\/actualidad\/cudeca-support-groups-along-the-province\/#respond\"]}]}]}<\/script>\n<!-- \/ Yoast SEO plugin. -->","yoast_head_json":{"title":"Cudeca Support Groups along the province - Cudeca Cancer Care Hospice","robots":{"index":"index","follow":"follow","max-snippet":"max-snippet:-1","max-image-preview":"max-image-preview:large","max-video-preview":"max-video-preview:-1"},"canonical":"https:\/\/www.cudeca.org\/actualidad\/cudeca-support-groups-along-the-province\/","og_locale":"en_US","og_type":"article","og_title":"Cudeca Support Groups along the province - Cudeca Cancer Care Hospice","og_description":"ESTEPONA CUDECA SUPPORT GROUP meets 11h.30 on the 1st Tuesday of every month in the ACE Club, C\/. San Roque. For more information contact Susan Hannam on 952 564 910 or susanhannam@cudeca.org \u00a0 NERJA CUDECA SUPPORT GROUP meets 11h.30 on the 2nd Thursday of every month in the Caritas Room at the back of the [&hellip;]","og_url":"https:\/\/www.cudeca.org\/actualidad\/cudeca-support-groups-along-the-province\/","og_site_name":"Cudeca Cancer Care Hospice","article_publisher":"https:\/\/www.facebook.com\/AmigosDeCudeca","article_published_time":"2013-12-11T18:18:24+00:00","twitter_card":"summary_large_image","twitter_creator":"@cudeca","twitter_site":"@cudeca","twitter_misc":{"Est. reading time":"1 minute"},"schema":{"@context":"https:\/\/schema.org","@graph":[{"@type":"Organization","@id":"https:\/\/www.cudeca.org\/#organization","name":"Fundaci\u00f3n Cudeca","url":"https:\/\/www.cudeca.org\/","sameAs":["https:\/\/www.youtube.com\/c\/cudecamalaga","https:\/\/www.facebook.com\/AmigosDeCudeca","https:\/\/twitter.com\/cudeca"],"logo":{"@type":"ImageObject","inLanguage":"en-US","@id":"https:\/\/www.cudeca.org\/#\/schema\/logo\/image\/","url":"https:\/\/www.cudeca.org\/wp-content\/uploads\/2018\/02\/cudeca-logo.png","contentUrl":"https:\/\/www.cudeca.org\/wp-content\/uploads\/2018\/02\/cudeca-logo.png","width":2121,"height":984,"caption":"Fundaci\u00f3n Cudeca"},"image":{"@id":"https:\/\/www.cudeca.org\/#\/schema\/logo\/image\/"}},{"@type":"WebSite","@id":"https:\/\/www.cudeca.org\/#website","url":"https:\/\/www.cudeca.org\/","name":"Fundaci\u00f3n Cudeca","description":"Cudeca Hospice","publisher":{"@id":"https:\/\/www.cudeca.org\/#organization"},"potentialAction":[{"@type":"SearchAction","target":{"@type":"EntryPoint","urlTemplate":"https:\/\/www.cudeca.org\/?s={search_term_string}"},"query-input":"required name=search_term_string"}],"inLanguage":"en-US"},{"@type":"WebPage","@id":"https:\/\/www.cudeca.org\/actualidad\/cudeca-support-groups-along-the-province\/","url":"https:\/\/www.cudeca.org\/actualidad\/cudeca-support-groups-along-the-province\/","name":"Cudeca Support Groups along the province - Cudeca Cancer Care Hospice","isPartOf":{"@id":"https:\/\/www.cudeca.org\/#website"},"datePublished":"2013-12-11T18:18:24+00:00","dateModified":"2013-12-11T18:18:24+00:00","breadcrumb":{"@id":"https:\/\/www.cudeca.org\/actualidad\/cudeca-support-groups-along-the-province\/#breadcrumb"},"inLanguage":"en-US","potentialAction":[{"@type":"ReadAction","target":["https:\/\/www.cudeca.org\/actualidad\/cudeca-support-groups-along-the-province\/"]}]},{"@type":"BreadcrumbList","@id":"https:\/\/www.cudeca.org\/actualidad\/cudeca-support-groups-along-the-province\/#breadcrumb","itemListElement":[{"@type":"ListItem","position":1,"name":"Portada","item":"https:\/\/www.cudeca.org\/"},{"@type":"ListItem","position":2,"name":"Cudeca Support Groups along the province"}]},{"@type":"Article","@id":"https:\/\/www.cudeca.org\/actualidad\/cudeca-support-groups-along-the-province\/#article","isPartOf":{"@id":"https:\/\/www.cudeca.org\/actualidad\/cudeca-support-groups-along-the-province\/"},"author":{"name":"","@id":""},"headline":"Cudeca Support Groups along the province","datePublished":"2013-12-11T18:18:24+00:00","dateModified":"2013-12-11T18:18:24+00:00","mainEntityOfPage":{"@id":"https:\/\/www.cudeca.org\/actualidad\/cudeca-support-groups-along-the-province\/"},"wordCount":113,"commentCount":0,"publisher":{"@id":"https:\/\/www.cudeca.org\/#organization"},"articleSection":[""],"inLanguage":"en-US","potentialAction":[{"@type":"CommentAction","name":"Comment","target":["https:\/\/www.cudeca.org\/actualidad\/cudeca-support-groups-along-the-province\/#respond"]}]}]}},"_links":{"self":[{"href":"https:\/\/www.cudeca.org\/en\/wp-json\/wp\/v2\/posts\/16223"}],"collection":[{"href":"https:\/\/www.cudeca.org\/en\/wp-json\/wp\/v2\/posts"}],"about":[{"href":"https:\/\/www.cudeca.org\/en\/wp-json\/wp\/v2\/types\/post"}],"replies":[{"embeddable":true,"href":"https:\/\/www.cudeca.org\/en\/wp-json\/wp\/v2\/comments?post=16223"}],"version-history":[{"count":0,"href":"https:\/\/www.cudeca.org\/en\/wp-json\/wp\/v2\/posts\/16223\/revisions"}],"wp:attachment":[{"href":"https:\/\/www.cudeca.org\/en\/wp-json\/wp\/v2\/media?parent=16223"}],"wp:term":[{"taxonomy":"category","embeddable":true,"href":"https:\/\/www.cudeca.org\/en\/wp-json\/wp\/v2\/categories?post=16223"},{"taxonomy":"post_tag","embeddable":true,"href":"https:\/\/www.cudeca.org\/en\/wp-json\/wp\/v2\/tags?post=16223"}],"curies":[{"name":"wp","href":"https:\/\/api.w.org\/{rel}","templated":true}]}}