{"id":16208,"date":"2013-09-05T18:15:27","date_gmt":"2013-09-05T18:15:27","guid":{"rendered":"https:\/\/www.cudeca.org\/actualidad\/fijitsu-ten-espaa-support-cudeca-hospice\/"},"modified":"2013-09-05T18:15:27","modified_gmt":"2013-09-05T18:15:27","slug":"fijitsu-ten-espaa-support-cudeca-hospice","status":"publish","type":"post","link":"https:\/\/www.cudeca.org\/en\/actualidad\/fijitsu-ten-espaa-support-cudeca-hospice\/","title":{"rendered":"Fijitsu Ten Espa&#241;a support Cudeca Hospice"},"content":{"rendered":"<p><\/p>\n<div id=\"notCuerpo\">\n<div>\n<div>  \t\t<strong>Benalm\u00e1dena, 3rd September 2013<\/strong><\/div>\n<div>\n<div>  \t\t\t\u00a0<\/div>\n<div>  \t\t\tFujitsu Ten Espa\u00f1a, leading manufacturers of electronic products, are once again supporting Cudeca Cancer Care Hospice, by donating a check for 1,000\u20ac.<\/div>\n<div>  \t\t\t\u00a0<\/div>\n<p>  \t\tThe handover of the funds took place on 3rd September, at the Fujitsu Ten Espa\u00f1a offices in M\u00e1laga, and attending on behalf of Fujitsu Ten Espa\u00f1a were Jos\u00e9 Manuel Jim\u00e9nez Padilla, Manager of Human Resources and Blanca Hermana Salcedo, Director of Management.\u00a0 Roc\u00edo Torres, Manager of the Communications and Fundraising department from Cudeca was delighted to receive this very kind gesture.\u00a0  \t\t<\/p>\n<div>  \t\t\t\u00a0<\/div>\n<div>  \t\t\tDonations such as these will go towards the Special Kind of Caring that Cudeca provides each year, free of charge, to people with cancer and other advanced and non-curable illnesses, and also supporting their families.<\/div>\n<div>  \t\t\t\u00a0<\/div>\n<p>  \t\tCudeca is sincerely grateful to Fujitsu Ten Espa\u00f1a for their continuous support.\u00a0 Together we can continue to Give Life to Days to those who need us most.  \t\t<\/p>\n<div>  \t\t\t\u00a0<\/div><\/div><\/div>\n<div>  \t\u00a0<\/div><\/div>\n<p><\/p>","protected":false},"excerpt":{"rendered":"<p>Benalm\u00e1dena, 3rd September 2013 \u00a0 Fujitsu Ten Espa\u00f1a, leading manufacturers of electronic products, are once again supporting Cudeca Cancer Care Hospice, by donating a check for 1,000\u20ac. \u00a0 The handover of the funds took place on 3rd September, at the Fujitsu Ten Espa\u00f1a offices in M\u00e1laga, and attending on behalf of Fujitsu Ten Espa\u00f1a were [&hellip;]<\/p>\n","protected":false},"author":0,"featured_media":0,"comment_status":"open","ping_status":"open","sticky":false,"template":"","format":"standard","meta":[],"categories":[15],"tags":[],"yoast_head":"<!-- This site is optimized with the Yoast SEO plugin v19.4 - https:\/\/yoast.com\/wordpress\/plugins\/seo\/ -->\n<title>Fijitsu Ten Espa&#241;a support Cudeca Hospice - Cudeca Cancer Care Hospice<\/title>\n<meta name=\"robots\" content=\"index, follow, max-snippet:-1, max-image-preview:large, max-video-preview:-1\" \/>\n<link rel=\"canonical\" href=\"https:\/\/www.cudeca.org\/actualidad\/fijitsu-ten-espaa-support-cudeca-hospice\/\" \/>\n<meta property=\"og:locale\" content=\"en_US\" \/>\n<meta property=\"og:type\" content=\"article\" \/>\n<meta property=\"og:title\" content=\"Fijitsu Ten Espa&#241;a support Cudeca Hospice - Cudeca Cancer Care Hospice\" \/>\n<meta property=\"og:description\" content=\"Benalm\u00e1dena, 3rd September 2013 \u00a0 Fujitsu Ten Espa\u00f1a, leading manufacturers of electronic products, are once again supporting Cudeca Cancer Care Hospice, by donating a check for 1,000\u20ac. \u00a0 The handover of the funds took place on 3rd September, at the Fujitsu Ten Espa\u00f1a offices in M\u00e1laga, and attending on behalf of Fujitsu Ten Espa\u00f1a were [&hellip;]\" \/>\n<meta property=\"og:url\" content=\"https:\/\/www.cudeca.org\/actualidad\/fijitsu-ten-espaa-support-cudeca-hospice\/\" \/>\n<meta property=\"og:site_name\" content=\"Cudeca Cancer Care Hospice\" \/>\n<meta property=\"article:publisher\" content=\"https:\/\/www.facebook.com\/AmigosDeCudeca\" \/>\n<meta property=\"article:published_time\" content=\"2013-09-05T18:15:27+00:00\" \/>\n<meta name=\"twitter:card\" content=\"summary_large_image\" \/>\n<meta name=\"twitter:creator\" content=\"@cudeca\" \/>\n<meta name=\"twitter:site\" content=\"@cudeca\" \/>\n<meta name=\"twitter:label1\" content=\"Est. reading time\" \/>\n\t<meta name=\"twitter:data1\" content=\"1 minute\" \/>\n<script type=\"application\/ld+json\" class=\"yoast-schema-graph\">{\"@context\":\"https:\/\/schema.org\",\"@graph\":[{\"@type\":\"Organization\",\"@id\":\"https:\/\/www.cudeca.org\/#organization\",\"name\":\"Fundaci\u00f3n Cudeca\",\"url\":\"https:\/\/www.cudeca.org\/\",\"sameAs\":[\"https:\/\/www.youtube.com\/c\/cudecamalaga\",\"https:\/\/www.facebook.com\/AmigosDeCudeca\",\"https:\/\/twitter.com\/cudeca\"],\"logo\":{\"@type\":\"ImageObject\",\"inLanguage\":\"en-US\",\"@id\":\"https:\/\/www.cudeca.org\/#\/schema\/logo\/image\/\",\"url\":\"https:\/\/www.cudeca.org\/wp-content\/uploads\/2018\/02\/cudeca-logo.png\",\"contentUrl\":\"https:\/\/www.cudeca.org\/wp-content\/uploads\/2018\/02\/cudeca-logo.png\",\"width\":2121,\"height\":984,\"caption\":\"Fundaci\u00f3n Cudeca\"},\"image\":{\"@id\":\"https:\/\/www.cudeca.org\/#\/schema\/logo\/image\/\"}},{\"@type\":\"WebSite\",\"@id\":\"https:\/\/www.cudeca.org\/#website\",\"url\":\"https:\/\/www.cudeca.org\/\",\"name\":\"Fundaci\u00f3n Cudeca\",\"description\":\"Cudeca Hospice\",\"publisher\":{\"@id\":\"https:\/\/www.cudeca.org\/#organization\"},\"potentialAction\":[{\"@type\":\"SearchAction\",\"target\":{\"@type\":\"EntryPoint\",\"urlTemplate\":\"https:\/\/www.cudeca.org\/?s={search_term_string}\"},\"query-input\":\"required name=search_term_string\"}],\"inLanguage\":\"en-US\"},{\"@type\":\"WebPage\",\"@id\":\"https:\/\/www.cudeca.org\/actualidad\/fijitsu-ten-espaa-support-cudeca-hospice\/\",\"url\":\"https:\/\/www.cudeca.org\/actualidad\/fijitsu-ten-espaa-support-cudeca-hospice\/\",\"name\":\"Fijitsu Ten Espa&#241;a support Cudeca Hospice - Cudeca Cancer Care Hospice\",\"isPartOf\":{\"@id\":\"https:\/\/www.cudeca.org\/#website\"},\"datePublished\":\"2013-09-05T18:15:27+00:00\",\"dateModified\":\"2013-09-05T18:15:27+00:00\",\"breadcrumb\":{\"@id\":\"https:\/\/www.cudeca.org\/actualidad\/fijitsu-ten-espaa-support-cudeca-hospice\/#breadcrumb\"},\"inLanguage\":\"en-US\",\"potentialAction\":[{\"@type\":\"ReadAction\",\"target\":[\"https:\/\/www.cudeca.org\/actualidad\/fijitsu-ten-espaa-support-cudeca-hospice\/\"]}]},{\"@type\":\"BreadcrumbList\",\"@id\":\"https:\/\/www.cudeca.org\/actualidad\/fijitsu-ten-espaa-support-cudeca-hospice\/#breadcrumb\",\"itemListElement\":[{\"@type\":\"ListItem\",\"position\":1,\"name\":\"Portada\",\"item\":\"https:\/\/www.cudeca.org\/\"},{\"@type\":\"ListItem\",\"position\":2,\"name\":\"Fijitsu Ten Espa&#241;a support Cudeca Hospice\"}]},{\"@type\":\"Article\",\"@id\":\"https:\/\/www.cudeca.org\/actualidad\/fijitsu-ten-espaa-support-cudeca-hospice\/#article\",\"isPartOf\":{\"@id\":\"https:\/\/www.cudeca.org\/actualidad\/fijitsu-ten-espaa-support-cudeca-hospice\/\"},\"author\":{\"name\":\"\",\"@id\":\"\"},\"headline\":\"Fijitsu Ten Espa&#241;a support Cudeca Hospice\",\"datePublished\":\"2013-09-05T18:15:27+00:00\",\"dateModified\":\"2013-09-05T18:15:27+00:00\",\"mainEntityOfPage\":{\"@id\":\"https:\/\/www.cudeca.org\/actualidad\/fijitsu-ten-espaa-support-cudeca-hospice\/\"},\"wordCount\":164,\"commentCount\":0,\"publisher\":{\"@id\":\"https:\/\/www.cudeca.org\/#organization\"},\"articleSection\":[\"\"],\"inLanguage\":\"en-US\",\"potentialAction\":[{\"@type\":\"CommentAction\",\"name\":\"Comment\",\"target\":[\"https:\/\/www.cudeca.org\/actualidad\/fijitsu-ten-espaa-support-cudeca-hospice\/#respond\"]}]}]}<\/script>\n<!-- \/ Yoast SEO plugin. -->","yoast_head_json":{"title":"Fijitsu Ten Espa&#241;a support Cudeca Hospice - Cudeca Cancer Care Hospice","robots":{"index":"index","follow":"follow","max-snippet":"max-snippet:-1","max-image-preview":"max-image-preview:large","max-video-preview":"max-video-preview:-1"},"canonical":"https:\/\/www.cudeca.org\/actualidad\/fijitsu-ten-espaa-support-cudeca-hospice\/","og_locale":"en_US","og_type":"article","og_title":"Fijitsu Ten Espa&#241;a support Cudeca Hospice - Cudeca Cancer Care Hospice","og_description":"Benalm\u00e1dena, 3rd September 2013 \u00a0 Fujitsu Ten Espa\u00f1a, leading manufacturers of electronic products, are once again supporting Cudeca Cancer Care Hospice, by donating a check for 1,000\u20ac. \u00a0 The handover of the funds took place on 3rd September, at the Fujitsu Ten Espa\u00f1a offices in M\u00e1laga, and attending on behalf of Fujitsu Ten Espa\u00f1a were [&hellip;]","og_url":"https:\/\/www.cudeca.org\/actualidad\/fijitsu-ten-espaa-support-cudeca-hospice\/","og_site_name":"Cudeca Cancer Care Hospice","article_publisher":"https:\/\/www.facebook.com\/AmigosDeCudeca","article_published_time":"2013-09-05T18:15:27+00:00","twitter_card":"summary_large_image","twitter_creator":"@cudeca","twitter_site":"@cudeca","twitter_misc":{"Est. reading time":"1 minute"},"schema":{"@context":"https:\/\/schema.org","@graph":[{"@type":"Organization","@id":"https:\/\/www.cudeca.org\/#organization","name":"Fundaci\u00f3n Cudeca","url":"https:\/\/www.cudeca.org\/","sameAs":["https:\/\/www.youtube.com\/c\/cudecamalaga","https:\/\/www.facebook.com\/AmigosDeCudeca","https:\/\/twitter.com\/cudeca"],"logo":{"@type":"ImageObject","inLanguage":"en-US","@id":"https:\/\/www.cudeca.org\/#\/schema\/logo\/image\/","url":"https:\/\/www.cudeca.org\/wp-content\/uploads\/2018\/02\/cudeca-logo.png","contentUrl":"https:\/\/www.cudeca.org\/wp-content\/uploads\/2018\/02\/cudeca-logo.png","width":2121,"height":984,"caption":"Fundaci\u00f3n Cudeca"},"image":{"@id":"https:\/\/www.cudeca.org\/#\/schema\/logo\/image\/"}},{"@type":"WebSite","@id":"https:\/\/www.cudeca.org\/#website","url":"https:\/\/www.cudeca.org\/","name":"Fundaci\u00f3n Cudeca","description":"Cudeca Hospice","publisher":{"@id":"https:\/\/www.cudeca.org\/#organization"},"potentialAction":[{"@type":"SearchAction","target":{"@type":"EntryPoint","urlTemplate":"https:\/\/www.cudeca.org\/?s={search_term_string}"},"query-input":"required name=search_term_string"}],"inLanguage":"en-US"},{"@type":"WebPage","@id":"https:\/\/www.cudeca.org\/actualidad\/fijitsu-ten-espaa-support-cudeca-hospice\/","url":"https:\/\/www.cudeca.org\/actualidad\/fijitsu-ten-espaa-support-cudeca-hospice\/","name":"Fijitsu Ten Espa&#241;a support Cudeca Hospice - Cudeca Cancer Care Hospice","isPartOf":{"@id":"https:\/\/www.cudeca.org\/#website"},"datePublished":"2013-09-05T18:15:27+00:00","dateModified":"2013-09-05T18:15:27+00:00","breadcrumb":{"@id":"https:\/\/www.cudeca.org\/actualidad\/fijitsu-ten-espaa-support-cudeca-hospice\/#breadcrumb"},"inLanguage":"en-US","potentialAction":[{"@type":"ReadAction","target":["https:\/\/www.cudeca.org\/actualidad\/fijitsu-ten-espaa-support-cudeca-hospice\/"]}]},{"@type":"BreadcrumbList","@id":"https:\/\/www.cudeca.org\/actualidad\/fijitsu-ten-espaa-support-cudeca-hospice\/#breadcrumb","itemListElement":[{"@type":"ListItem","position":1,"name":"Portada","item":"https:\/\/www.cudeca.org\/"},{"@type":"ListItem","position":2,"name":"Fijitsu Ten Espa&#241;a support Cudeca Hospice"}]},{"@type":"Article","@id":"https:\/\/www.cudeca.org\/actualidad\/fijitsu-ten-espaa-support-cudeca-hospice\/#article","isPartOf":{"@id":"https:\/\/www.cudeca.org\/actualidad\/fijitsu-ten-espaa-support-cudeca-hospice\/"},"author":{"name":"","@id":""},"headline":"Fijitsu Ten Espa&#241;a support Cudeca Hospice","datePublished":"2013-09-05T18:15:27+00:00","dateModified":"2013-09-05T18:15:27+00:00","mainEntityOfPage":{"@id":"https:\/\/www.cudeca.org\/actualidad\/fijitsu-ten-espaa-support-cudeca-hospice\/"},"wordCount":164,"commentCount":0,"publisher":{"@id":"https:\/\/www.cudeca.org\/#organization"},"articleSection":[""],"inLanguage":"en-US","potentialAction":[{"@type":"CommentAction","name":"Comment","target":["https:\/\/www.cudeca.org\/actualidad\/fijitsu-ten-espaa-support-cudeca-hospice\/#respond"]}]}]}},"_links":{"self":[{"href":"https:\/\/www.cudeca.org\/en\/wp-json\/wp\/v2\/posts\/16208"}],"collection":[{"href":"https:\/\/www.cudeca.org\/en\/wp-json\/wp\/v2\/posts"}],"about":[{"href":"https:\/\/www.cudeca.org\/en\/wp-json\/wp\/v2\/types\/post"}],"replies":[{"embeddable":true,"href":"https:\/\/www.cudeca.org\/en\/wp-json\/wp\/v2\/comments?post=16208"}],"version-history":[{"count":0,"href":"https:\/\/www.cudeca.org\/en\/wp-json\/wp\/v2\/posts\/16208\/revisions"}],"wp:attachment":[{"href":"https:\/\/www.cudeca.org\/en\/wp-json\/wp\/v2\/media?parent=16208"}],"wp:term":[{"taxonomy":"category","embeddable":true,"href":"https:\/\/www.cudeca.org\/en\/wp-json\/wp\/v2\/categories?post=16208"},{"taxonomy":"post_tag","embeddable":true,"href":"https:\/\/www.cudeca.org\/en\/wp-json\/wp\/v2\/tags?post=16208"}],"curies":[{"name":"wp","href":"https:\/\/api.w.org\/{rel}","templated":true}]}}