{"id":16206,"date":"2013-08-13T18:15:26","date_gmt":"2013-08-13T18:15:26","guid":{"rendered":"https:\/\/www.cudeca.org\/actualidad\/gala-starlite-2013-4\/"},"modified":"2013-08-13T18:15:26","modified_gmt":"2013-08-13T18:15:26","slug":"gala-starlite-2013-4","status":"publish","type":"post","link":"https:\/\/www.cudeca.org\/en\/actualidad\/gala-starlite-2013-4\/","title":{"rendered":"Gala Starlite 2013"},"content":{"rendered":"<p><\/p>\n<div id=\"notCuerpo\">\n<div>  \t<strong>Benalm\u00e1dena, 13 de agosto de 2013<\/strong>  \t<\/p>\n<div>  \t\t\u00a0<\/div><\/div>\n<div>  \tThe Cudeca Cancer Care Hospice is sincerely grateful to the hosts of the Starlite Gala, Antonio Banderas, Melanie Griffith and the lady behind Starlite and the charity Ni\u00f1os en Alegr\u00eda, Sandra Garc\u00eda San-Juan; to the patrons of the Foundation \u2018Lagrimas y Favores\u2019, friends, colleagues and people attending the gala, for all the support provided to Cudeca on Saturday 10th August\u00a0 in Marbella.  \t<\/p>\n<div>  \t\t\u00a0<\/div>\n<div>  \t\tThis 4th edition of the Starlite Gala brought together more than 500 people, who have joined forces to raise funds for 4 different worthy charities: \u2018Lagrimas y Favores\u2019, &#039;Cudeca&#039;, &#039;Caritas&#039; and &#039;Ni\u00f1os en Alegria&#039;.<\/div>\n<div>  \t\t\u00a0<\/div>\n<p>  \tThe Starlite Gala presented by Anne Igartiburu and Imanol Arias, was attended by the entertainers Alejandro Sanz, Marta S\u00e1nchez, Sara Baras, Juan Pe\u00f1a and Roko, as well as the winner of Spanish &#039;Masterchef&#039;, Juan Manuel Sanchez, his judges and staff responsible for the menu.\u00a0 More than 60 famous faces also atended including those of; Valeria Mazza, Miguel Bos\u00e9, Eugenia Mart\u00ednez de Irujo, Laura S\u00e1nchez, David Ascanio, Enrique Ponce and Paloma Cuevas; Patricia De Rato, Jose Serrano, Jordi Molla, Ana Fern\u00e1ndez, Natalia S\u00e1nchez, Mar\u00eda Jos\u00e9 Su\u00e1rez, Remedios Cervantes, Ambassador of Cudeca; Arancha del Sol and Eva Gonz\u00e1lez, amongst others.  \t<\/p>\n<div>  \t\t\u00a0<\/div>\n<div>  \t\tAntonio Banderas, who celebrated his Birthday that same day, commented that &#8220;it is a special night for the initiative that I defend&#039; referring to his Foundation \u2018Lagrimas y Favores\u2019, whose purpose is to financially support the University of Malaga, Caritas and the Cudeca Cancer Care Hospice.<\/div>\n<div>  \t\t\u00a0<\/div>\n<p>  \tThe Cudeca Hospice consists of 60 professionals and 700 volunteers, providing cost-free care to more than 750 patients each year;\u00a0 143 people treated within the facilities of the in-patient Unit; 2,593 home visits; 3,735 psychosocial interventions; 791 people supported via our counseling programs and a total of 8,000 people cared for since 1992.  \t<\/p>\n<div>  \t\t\u00a0<\/div>\n<div>  \t\tFrom the Centre Hospice Centre we send out heartwarming thanks for the unconditional and continuous support received from the Foundation Lagrimas y Favores and to our Honorable Trustee, Antonio Banderas.\u00a0<\/div><\/div>\n<div>  \t\u00a0<\/div><\/div>\n<p><\/p>","protected":false},"excerpt":{"rendered":"<p>Benalm\u00e1dena, 13 de agosto de 2013 \u00a0 The Cudeca Cancer Care Hospice is sincerely grateful to the hosts of the Starlite Gala, Antonio Banderas, Melanie Griffith and the lady behind Starlite and the charity Ni\u00f1os en Alegr\u00eda, Sandra Garc\u00eda San-Juan; to the patrons of the Foundation \u2018Lagrimas y Favores\u2019, friends, colleagues and people attending the [&hellip;]<\/p>\n","protected":false},"author":0,"featured_media":0,"comment_status":"open","ping_status":"open","sticky":false,"template":"","format":"standard","meta":[],"categories":[15],"tags":[],"yoast_head":"<!-- This site is optimized with the Yoast SEO plugin v19.4 - https:\/\/yoast.com\/wordpress\/plugins\/seo\/ -->\n<title>Gala Starlite 2013 - Cudeca Cancer Care Hospice<\/title>\n<meta name=\"robots\" content=\"index, follow, max-snippet:-1, max-image-preview:large, max-video-preview:-1\" \/>\n<link rel=\"canonical\" href=\"https:\/\/www.cudeca.org\/en\/actualidad\/gala-starlite-2013-4\/\" \/>\n<meta property=\"og:locale\" content=\"en_US\" \/>\n<meta property=\"og:type\" content=\"article\" \/>\n<meta property=\"og:title\" content=\"Gala Starlite 2013 - Cudeca Cancer Care Hospice\" \/>\n<meta property=\"og:description\" content=\"Benalm\u00e1dena, 13 de agosto de 2013 \u00a0 The Cudeca Cancer Care Hospice is sincerely grateful to the hosts of the Starlite Gala, Antonio Banderas, Melanie Griffith and the lady behind Starlite and the charity Ni\u00f1os en Alegr\u00eda, Sandra Garc\u00eda San-Juan; to the patrons of the Foundation \u2018Lagrimas y Favores\u2019, friends, colleagues and people attending the [&hellip;]\" \/>\n<meta property=\"og:url\" content=\"https:\/\/www.cudeca.org\/en\/actualidad\/gala-starlite-2013-4\/\" \/>\n<meta property=\"og:site_name\" content=\"Cudeca Cancer Care Hospice\" \/>\n<meta property=\"article:publisher\" content=\"https:\/\/www.facebook.com\/AmigosDeCudeca\" \/>\n<meta property=\"article:published_time\" content=\"2013-08-13T18:15:26+00:00\" \/>\n<meta name=\"twitter:card\" content=\"summary_large_image\" \/>\n<meta name=\"twitter:creator\" content=\"@cudeca\" \/>\n<meta name=\"twitter:site\" content=\"@cudeca\" \/>\n<meta name=\"twitter:label1\" content=\"Est. reading time\" \/>\n\t<meta name=\"twitter:data1\" content=\"2 minutes\" \/>\n<script type=\"application\/ld+json\" class=\"yoast-schema-graph\">{\"@context\":\"https:\/\/schema.org\",\"@graph\":[{\"@type\":\"Organization\",\"@id\":\"https:\/\/www.cudeca.org\/#organization\",\"name\":\"Fundaci\u00f3n Cudeca\",\"url\":\"https:\/\/www.cudeca.org\/\",\"sameAs\":[\"https:\/\/www.youtube.com\/c\/cudecamalaga\",\"https:\/\/www.facebook.com\/AmigosDeCudeca\",\"https:\/\/twitter.com\/cudeca\"],\"logo\":{\"@type\":\"ImageObject\",\"inLanguage\":\"en-US\",\"@id\":\"https:\/\/www.cudeca.org\/#\/schema\/logo\/image\/\",\"url\":\"https:\/\/www.cudeca.org\/wp-content\/uploads\/2018\/02\/cudeca-logo.png\",\"contentUrl\":\"https:\/\/www.cudeca.org\/wp-content\/uploads\/2018\/02\/cudeca-logo.png\",\"width\":2121,\"height\":984,\"caption\":\"Fundaci\u00f3n Cudeca\"},\"image\":{\"@id\":\"https:\/\/www.cudeca.org\/#\/schema\/logo\/image\/\"}},{\"@type\":\"WebSite\",\"@id\":\"https:\/\/www.cudeca.org\/#website\",\"url\":\"https:\/\/www.cudeca.org\/\",\"name\":\"Fundaci\u00f3n Cudeca\",\"description\":\"Cudeca Hospice\",\"publisher\":{\"@id\":\"https:\/\/www.cudeca.org\/#organization\"},\"potentialAction\":[{\"@type\":\"SearchAction\",\"target\":{\"@type\":\"EntryPoint\",\"urlTemplate\":\"https:\/\/www.cudeca.org\/?s={search_term_string}\"},\"query-input\":\"required name=search_term_string\"}],\"inLanguage\":\"en-US\"},{\"@type\":\"WebPage\",\"@id\":\"https:\/\/www.cudeca.org\/en\/actualidad\/gala-starlite-2013-4\/\",\"url\":\"https:\/\/www.cudeca.org\/en\/actualidad\/gala-starlite-2013-4\/\",\"name\":\"Gala Starlite 2013 - Cudeca Cancer Care Hospice\",\"isPartOf\":{\"@id\":\"https:\/\/www.cudeca.org\/#website\"},\"datePublished\":\"2013-08-13T18:15:26+00:00\",\"dateModified\":\"2013-08-13T18:15:26+00:00\",\"breadcrumb\":{\"@id\":\"https:\/\/www.cudeca.org\/en\/actualidad\/gala-starlite-2013-4\/#breadcrumb\"},\"inLanguage\":\"en-US\",\"potentialAction\":[{\"@type\":\"ReadAction\",\"target\":[\"https:\/\/www.cudeca.org\/en\/actualidad\/gala-starlite-2013-4\/\"]}]},{\"@type\":\"BreadcrumbList\",\"@id\":\"https:\/\/www.cudeca.org\/en\/actualidad\/gala-starlite-2013-4\/#breadcrumb\",\"itemListElement\":[{\"@type\":\"ListItem\",\"position\":1,\"name\":\"Portada\",\"item\":\"https:\/\/www.cudeca.org\/\"},{\"@type\":\"ListItem\",\"position\":2,\"name\":\"Gala Starlite 2013\"}]},{\"@type\":\"Article\",\"@id\":\"https:\/\/www.cudeca.org\/en\/actualidad\/gala-starlite-2013-4\/#article\",\"isPartOf\":{\"@id\":\"https:\/\/www.cudeca.org\/en\/actualidad\/gala-starlite-2013-4\/\"},\"author\":{\"name\":\"\",\"@id\":\"\"},\"headline\":\"Gala Starlite 2013\",\"datePublished\":\"2013-08-13T18:15:26+00:00\",\"dateModified\":\"2013-08-13T18:15:26+00:00\",\"mainEntityOfPage\":{\"@id\":\"https:\/\/www.cudeca.org\/en\/actualidad\/gala-starlite-2013-4\/\"},\"wordCount\":333,\"commentCount\":0,\"publisher\":{\"@id\":\"https:\/\/www.cudeca.org\/#organization\"},\"articleSection\":[\"\"],\"inLanguage\":\"en-US\",\"potentialAction\":[{\"@type\":\"CommentAction\",\"name\":\"Comment\",\"target\":[\"https:\/\/www.cudeca.org\/en\/actualidad\/gala-starlite-2013-4\/#respond\"]}]}]}<\/script>\n<!-- \/ Yoast SEO plugin. -->","yoast_head_json":{"title":"Gala Starlite 2013 - Cudeca Cancer Care Hospice","robots":{"index":"index","follow":"follow","max-snippet":"max-snippet:-1","max-image-preview":"max-image-preview:large","max-video-preview":"max-video-preview:-1"},"canonical":"https:\/\/www.cudeca.org\/en\/actualidad\/gala-starlite-2013-4\/","og_locale":"en_US","og_type":"article","og_title":"Gala Starlite 2013 - Cudeca Cancer Care Hospice","og_description":"Benalm\u00e1dena, 13 de agosto de 2013 \u00a0 The Cudeca Cancer Care Hospice is sincerely grateful to the hosts of the Starlite Gala, Antonio Banderas, Melanie Griffith and the lady behind Starlite and the charity Ni\u00f1os en Alegr\u00eda, Sandra Garc\u00eda San-Juan; to the patrons of the Foundation \u2018Lagrimas y Favores\u2019, friends, colleagues and people attending the [&hellip;]","og_url":"https:\/\/www.cudeca.org\/en\/actualidad\/gala-starlite-2013-4\/","og_site_name":"Cudeca Cancer Care Hospice","article_publisher":"https:\/\/www.facebook.com\/AmigosDeCudeca","article_published_time":"2013-08-13T18:15:26+00:00","twitter_card":"summary_large_image","twitter_creator":"@cudeca","twitter_site":"@cudeca","twitter_misc":{"Est. reading time":"2 minutes"},"schema":{"@context":"https:\/\/schema.org","@graph":[{"@type":"Organization","@id":"https:\/\/www.cudeca.org\/#organization","name":"Fundaci\u00f3n Cudeca","url":"https:\/\/www.cudeca.org\/","sameAs":["https:\/\/www.youtube.com\/c\/cudecamalaga","https:\/\/www.facebook.com\/AmigosDeCudeca","https:\/\/twitter.com\/cudeca"],"logo":{"@type":"ImageObject","inLanguage":"en-US","@id":"https:\/\/www.cudeca.org\/#\/schema\/logo\/image\/","url":"https:\/\/www.cudeca.org\/wp-content\/uploads\/2018\/02\/cudeca-logo.png","contentUrl":"https:\/\/www.cudeca.org\/wp-content\/uploads\/2018\/02\/cudeca-logo.png","width":2121,"height":984,"caption":"Fundaci\u00f3n Cudeca"},"image":{"@id":"https:\/\/www.cudeca.org\/#\/schema\/logo\/image\/"}},{"@type":"WebSite","@id":"https:\/\/www.cudeca.org\/#website","url":"https:\/\/www.cudeca.org\/","name":"Fundaci\u00f3n Cudeca","description":"Cudeca Hospice","publisher":{"@id":"https:\/\/www.cudeca.org\/#organization"},"potentialAction":[{"@type":"SearchAction","target":{"@type":"EntryPoint","urlTemplate":"https:\/\/www.cudeca.org\/?s={search_term_string}"},"query-input":"required name=search_term_string"}],"inLanguage":"en-US"},{"@type":"WebPage","@id":"https:\/\/www.cudeca.org\/en\/actualidad\/gala-starlite-2013-4\/","url":"https:\/\/www.cudeca.org\/en\/actualidad\/gala-starlite-2013-4\/","name":"Gala Starlite 2013 - Cudeca Cancer Care Hospice","isPartOf":{"@id":"https:\/\/www.cudeca.org\/#website"},"datePublished":"2013-08-13T18:15:26+00:00","dateModified":"2013-08-13T18:15:26+00:00","breadcrumb":{"@id":"https:\/\/www.cudeca.org\/en\/actualidad\/gala-starlite-2013-4\/#breadcrumb"},"inLanguage":"en-US","potentialAction":[{"@type":"ReadAction","target":["https:\/\/www.cudeca.org\/en\/actualidad\/gala-starlite-2013-4\/"]}]},{"@type":"BreadcrumbList","@id":"https:\/\/www.cudeca.org\/en\/actualidad\/gala-starlite-2013-4\/#breadcrumb","itemListElement":[{"@type":"ListItem","position":1,"name":"Portada","item":"https:\/\/www.cudeca.org\/"},{"@type":"ListItem","position":2,"name":"Gala Starlite 2013"}]},{"@type":"Article","@id":"https:\/\/www.cudeca.org\/en\/actualidad\/gala-starlite-2013-4\/#article","isPartOf":{"@id":"https:\/\/www.cudeca.org\/en\/actualidad\/gala-starlite-2013-4\/"},"author":{"name":"","@id":""},"headline":"Gala Starlite 2013","datePublished":"2013-08-13T18:15:26+00:00","dateModified":"2013-08-13T18:15:26+00:00","mainEntityOfPage":{"@id":"https:\/\/www.cudeca.org\/en\/actualidad\/gala-starlite-2013-4\/"},"wordCount":333,"commentCount":0,"publisher":{"@id":"https:\/\/www.cudeca.org\/#organization"},"articleSection":[""],"inLanguage":"en-US","potentialAction":[{"@type":"CommentAction","name":"Comment","target":["https:\/\/www.cudeca.org\/en\/actualidad\/gala-starlite-2013-4\/#respond"]}]}]}},"_links":{"self":[{"href":"https:\/\/www.cudeca.org\/en\/wp-json\/wp\/v2\/posts\/16206"}],"collection":[{"href":"https:\/\/www.cudeca.org\/en\/wp-json\/wp\/v2\/posts"}],"about":[{"href":"https:\/\/www.cudeca.org\/en\/wp-json\/wp\/v2\/types\/post"}],"replies":[{"embeddable":true,"href":"https:\/\/www.cudeca.org\/en\/wp-json\/wp\/v2\/comments?post=16206"}],"version-history":[{"count":0,"href":"https:\/\/www.cudeca.org\/en\/wp-json\/wp\/v2\/posts\/16206\/revisions"}],"wp:attachment":[{"href":"https:\/\/www.cudeca.org\/en\/wp-json\/wp\/v2\/media?parent=16206"}],"wp:term":[{"taxonomy":"category","embeddable":true,"href":"https:\/\/www.cudeca.org\/en\/wp-json\/wp\/v2\/categories?post=16206"},{"taxonomy":"post_tag","embeddable":true,"href":"https:\/\/www.cudeca.org\/en\/wp-json\/wp\/v2\/tags?post=16206"}],"curies":[{"name":"wp","href":"https:\/\/api.w.org\/{rel}","templated":true}]}}