{"id":16191,"date":"2013-05-22T18:12:11","date_gmt":"2013-05-22T18:12:11","guid":{"rendered":"https:\/\/www.cudeca.org\/actualidad\/cudeca-annual-sunflower-campaign-2013\/"},"modified":"2013-05-22T18:12:11","modified_gmt":"2013-05-22T18:12:11","slug":"cudeca-annual-sunflower-campaign-2013","status":"publish","type":"post","link":"https:\/\/www.cudeca.org\/en\/actualidad\/cudeca-annual-sunflower-campaign-2013\/","title":{"rendered":"Cudeca Annual Sunflower Campaign 2013"},"content":{"rendered":"<p><\/p>\n<div id=\"notCuerpo\">\n<div>\n<div>  \t\t<strong>Benalm\u00e1dena,\u00a0 21th\u00a0 May 2013<\/strong><\/div>\n<div>  \t\t\u00a0<\/div>\n<div>\n<div>\n<div>  \t\t\t\tOne more year, Cudeca Cancer Care Hospice holds its annual Sunflower Campaign in order to raise funds and awareness to the people of Malaga on the importance of the Special Kind of Caring that Cudeca provides.<\/div>\n<div>  \t\t\t\tFor more than two decades, Cudeca has provided care to more than 8.000 patients via the following personalised care programmes:\u00a0 Home Care visits, In-Patient Unit, Day Care Centre, Physiotherapy, Counselling and Psycho-Social Programme.\u00a0 All the care provided by the Hospice is cost-free.<\/div>\n<div>  \t\t\t\tDuring this Campaign,\u00a0 dozens of Cudeca volunteers will take to the streets to raise awareness and offer Sunflowers (symbol of International Palliative Care), in exchange for donations, with the aim of giving life to the days of over 750 patients and their families attended to each year, by Cudeca, thanks to its professional team of doctors, physiologists, nurses and volunteers.<\/div>\n<div>  \t\t\t\t\u00a0<\/div>\n<div>  \t\t\t\tThe Sunflower Campaign 2013, will take place from 1st to 18th\u00a0 June, when the awareness tables and volunteers will be conveniently located at popular locations within the M\u00e1laga capital and province such as: Arroyo de la Miel, Fuengirola, Mijas, Nerja, Torremolinos, Marbella, M\u00e1laga, Benalm\u00e1dena, and many more places. (see attached itinerary), with the aim of raising those vital funds enabling Cudeca to continue Giving Life to Days to those who need it most.<\/div>\n<div>  \t\t\t\t\u00a0<\/div>\n<p>  \t\t\tTo participate in the Sunflower Campaign or for more information regarding the Sunflower Campaign itinerary, please do not hesitate to contact us at <a href=\"mailto:girasol@cudeca.org\">girasol@cudeca.org<\/a> , via our webpage www.cudeca.org or on tel: 952 56 49 10.\u00a0<\/div><\/div>\n<hr \/>\n<p>  \t\t\u00a0<\/p>\n<p>  \t\t<strong>1st week 01st to 09th JUNe<\/strong><\/p>\n<table border=\"1\" cellpadding=\"5\" cellspacing=\"0\" style=\"width: 552px\">\n<tbody>\n<tr>\n<td>\n<p>  \t\t\t\t\t\t\u00a0<\/p>\n<\/td>\n<td>\n<p>  \t\t\t\t\t\tAirport<\/p>\n<\/td>\n<td>\n<p>  \t\t\t\t\t\t10:30 to 13:30<\/p>\n<\/td>\n<\/tr>\n<\/tbody>\n<tbody>\n<tr>\n<td>\n<p>  \t\t\t\t\t\t\u00a0<\/p>\n<\/td>\n<td>\n<p>  \t\t\t\t\t\tStreet Market Torremolinos<\/p>\n<\/td>\n<td>\n<p>  \t\t\t\t\t\t10:30 to 13:30<\/p>\n<\/td>\n<\/tr>\n<\/tbody>\n<tbody>\n<tr>\n<td>\n<p>  \t\t\t\t\t\t\u00a0<\/p>\n<\/td>\n<td>\n<p>  \t\t\t\t\t\tStreet Market Fuengirola<\/p>\n<\/td>\n<td>\n<p>  \t\t\t\t\t\t10:30 to 13:30<\/p>\n<\/td>\n<\/tr>\n<\/tbody>\n<tbody>\n<tr>\n<td>\n<p>  \t\t\t\t\t\t<strong>SUNDAY 9th JUNE<\/strong><\/p>\n<\/td>\n<td>\n<p>  \t\t\t\t\t\t\u00a0<\/p>\n<\/td>\n<td>\n<p>  \t\t\t\t\t\t\u00a0<\/p>\n<\/td>\n<\/tr>\n<\/tbody>\n<tbody>\n<tr>\n<td>\n<p>  \t\t\t\t\t\t\u00a0<\/p>\n<\/td>\n<td>\n<p>  \t\t\t\t\t\tCC la Ca\u00f1ada<\/p>\n<\/td>\n<td>\n<p>  \t\t\t\t\t\t17:00 to 20:00<\/p>\n<\/td>\n<\/tr>\n<\/tbody>\n<tbody>\n<tr>\n<td>\n<p>  \t\t\t\t\t\t\u00a0<\/p>\n<\/td>\n<td>\n<p>  \t\t\t\t\t\tEl Corte Ingl\u00e9s Marbella<\/p>\n<\/td>\n<td>\n<p>  \t\t\t\t\t\t17:00 to 20:00<\/p>\n<\/td>\n<\/tr>\n<\/tbody>\n<tbody>\n<tr>\n<td>\n<p>  \t\t\t\t\t\t\u00a0<\/p>\n<\/td>\n<td>\n<p>  \t\t\t\t\t\tStreet Market Mijas<\/p>\n<\/td>\n<td>\n<p>  \t\t\t\t\t\t10:30 to 13:30<\/p>\n<\/td>\n<\/tr>\n<\/tbody>\n<tbody>\n<tr>\n<td>\n<p>  \t\t\t\t\t\t\u00a0<\/p>\n<\/td>\n<td>\n<p>  \t\t\t\t\t\tStreet Market Fuengirola<\/p>\n<\/td>\n<td>\n<p>  \t\t\t\t\t\t10:30 to 13:30<\/p>\n<\/td>\n<\/tr>\n<\/tbody>\n<tbody>\n<tr>\n<td>\n<p>  \t\t\t\t\t\t\u00a0<\/p>\n<\/td>\n<td>\n<p>  \t\t\t\t\t\tCalle San Miguel<\/p>\n<\/td>\n<td>\n<p>  \t\t\t\t\t\t11.00 to 14.00<\/p>\n<\/td>\n<\/tr>\n<\/tbody>\n<tbody>\n<tr>\n<td>\n<p>  \t\t\t\t\t\t<strong>SATURDAY 8th JUNE<\/strong><\/p>\n<\/td>\n<td>\n<p>  \t\t\t\t\t\t\u00a0<\/p>\n<\/td>\n<td>\n<p>  \t\t\t\t\t\t\u00a0<\/p>\n<\/td>\n<\/tr>\n<\/tbody>\n<tbody>\n<tr>\n<td>\n<p>  \t\t\t\t\t\t\u00a0<\/p>\n<\/td>\n<td>\n<p>  \t\t\t\t\t\tMercacentro (Avda. principal FGL)<\/p>\n<\/td>\n<td>\n<p>  \t\t\t\t\t\t10:30 to 13:30<\/p>\n<\/td>\n<\/tr>\n<\/tbody>\n<tbody>\n<tr>\n<td>\n<p>  \t\t\t\t\t\t\u00a0<\/p>\n<\/td>\n<td>\n<p>  \t\t\t\t\t\tFarmacia Blas Infante (Anica Torres)<\/p>\n<\/td>\n<td>\n<p>  \t\t\t\t\t\t10:30 to 13:30<\/p>\n<\/td>\n<\/tr>\n<\/tbody>\n<tbody>\n<tr>\n<td>\n<p>  \t\t\t\t\t\t\u00a0<\/p>\n<\/td>\n<td>\n<p>  \t\t\t\t\t\tAvda. Constituci\u00f3n (Anica Torres)<\/p>\n<\/td>\n<td>\n<p>  \t\t\t\t\t\t10:30 to 13:30<\/p>\n<\/td>\n<\/tr>\n<\/tbody>\n<tbody>\n<tr>\n<td>\n<p>  \t\t\t\t\t\t\u00a0<\/p>\n<\/td>\n<td>\n<p>  \t\t\t\t\t\tStreet Market explanada T\u00edvoli<\/p>\n<\/td>\n<td>\n<p>  \t\t\t\t\t\t10:30 to 13:30<\/p>\n<\/td>\n<\/tr>\n<\/tbody>\n<tbody>\n<tr>\n<td>\n<p>  \t\t\t\t\t\t<strong>FRIDAY 7th JUNE<\/strong><\/p>\n<\/td>\n<td>\n<p>  \t\t\t\t\t\t\u00a0<\/p>\n<\/td>\n<td>\n<p>  \t\t\t\t\t\t\u00a0<\/p>\n<\/td>\n<\/tr>\n<\/tbody>\n<tbody>\n<tr>\n<td>\n<p>  \t\t\t\t\t\t\u00a0<\/p>\n<\/td>\n<td>\n<p>  \t\t\t\t\t\tEl Corte Ingl\u00e9s Mijas<\/p>\n<\/td>\n<td>\n<p>  \t\t\t\t\t\t17:00 to 20:00<\/p>\n<\/td>\n<\/tr>\n<\/tbody>\n<tbody>\n<tr>\n<td>\n<p>  \t\t\t\t\t\t\u00a0<\/p>\n<\/td>\n<td>\n<p>  \t\t\t\t\t\tStreet Market Torremolinos<\/p>\n<\/td>\n<td>\n<p>  \t\t\t\t\t\t10:30 to 13:30<\/p>\n<\/td>\n<\/tr>\n<\/tbody>\n<tbody>\n<tr>\n<td>\n<p>  \t\t\t\t\t\t\u00a0<\/p>\n<\/td>\n<td>\n<p>  \t\t\t\t\t\tPlaza de la Marina \/Calle Larios<\/p>\n<\/td>\n<td>\n<p>  \t\t\t\t\t\t10:30 to 13:30<\/p>\n<\/td>\n<\/tr>\n<\/tbody>\n<tbody>\n<tr>\n<td>\n<p>  \t\t\t\t\t\t\u00a0<\/p>\n<\/td>\n<td>\n<p>  \t\t\t\t\t\tSupersol (Nerja)<\/p>\n<\/td>\n<td>\n<p>  \t\t\t\t\t\t10:30 to 13:30<\/p>\n<\/td>\n<\/tr>\n<\/tbody>\n<tbody>\n<tr>\n<td>\n<p>  \t\t\t\t\t\t<strong>THURSDAY 6th JUNE<\/strong><\/p>\n<\/td>\n<td>\n<p>  \t\t\t\t\t\t\u00a0<\/p>\n<\/td>\n<td>\n<p>  \t\t\t\t\t\t\u00a0<\/p>\n<\/td>\n<\/tr>\n<\/tbody>\n<tbody>\n<tr>\n<td>\n<p>  \t\t\t\t\t\t\u00a0<\/p>\n<\/td>\n<td>\n<p>  \t\t\t\t\t\tStreet Market Benalm\u00e1dena la Paloma<\/p>\n<\/td>\n<td>\n<p>  \t\t\t\t\t\t10:30 to 13:30<\/p>\n<\/td>\n<\/tr>\n<\/tbody>\n<tbody>\n<tr>\n<td>\n<p>  \t\t\t\t\t\t\u00a0<\/p>\n<\/td>\n<td>\n<p>  \t\t\t\t\t\tCC El Ingenio<\/p>\n<\/td>\n<td>\n<p>  \t\t\t\t\t\t11:00 to 14:00<\/p>\n<\/td>\n<\/tr>\n<\/tbody>\n<tbody>\n<tr>\n<td>\n<p>  \t\t\t\t\t\t\u00a0<\/p>\n<\/td>\n<td>\n<p>  \t\t\t\t\t\tHospital Xanit<\/p>\n<\/td>\n<td>\n<p>  \t\t\t\t\t\t10:00 to 13:00<\/p>\n<\/td>\n<\/tr>\n<\/tbody>\n<tbody>\n<tr>\n<td>\n<p>  \t\t\t\t\t\t<strong>WEDNESDAY 5th JUNE<\/strong><\/p>\n<\/td>\n<td>\n<p>  \t\t\t\t\t\t\u00a0<\/p>\n<\/td>\n<td>\n<p>  \t\t\t\t\t\t\u00a0<\/p>\n<\/td>\n<\/tr>\n<\/tbody>\n<tbody>\n<tr>\n<td>\n<p>  \t\t\t\t\t\t\u00a0<\/p>\n<\/td>\n<td>\n<p>  \t\t\t\t\t\tHospital C. del Sol<\/p>\n<\/td>\n<td>\n<p>  \t\t\t\t\t\t10.00 to 14:00<\/p>\n<\/td>\n<\/tr>\n<\/tbody>\n<tbody>\n<tr>\n<td>\n<p>  \t\t\t\t\t\t\u00a0<\/p>\n<\/td>\n<td>\n<p>  \t\t\t\t\t\tHospital Xanit<\/p>\n<\/td>\n<td>\n<p>  \t\t\t\t\t\t10:00 to 13:00<\/p>\n<\/td>\n<\/tr>\n<\/tbody>\n<tbody>\n<tr>\n<td>\n<p>  \t\t\t\t\t\t\u00a0<\/p>\n<\/td>\n<td>\n<p>  \t\t\t\t\t\tSupersol el Palo<\/p>\n<\/td>\n<td>\n<p>  \t\t\t\t\t\t10,30 to 13,30<\/p>\n<\/td>\n<\/tr>\n<tr>\n<td>\n<p>  \t\t\t\t\t\t<strong>TUESDAY 4th JUNE<\/strong><\/p>\n<\/td>\n<td>\n<p>  \t\t\t\t\t\t\u00a0<\/p>\n<\/td>\n<td>\n<p>  \t\t\t\t\t\t\u00a0<\/p>\n<\/td>\n<\/tr>\n<\/tbody>\n<tbody>\n<tr>\n<td>\n<p>  \t\t\t\t\t\t\u00a0<\/p>\n<\/td>\n<td>\n<p>  \t\t\t\t\t\tHospital Xanit<\/p>\n<\/td>\n<td>\n<p>  \t\t\t\t\t\t10:00 to 13:00<\/p>\n<\/td>\n<\/tr>\n<\/tbody>\n<tbody>\n<tr>\n<td>\n<p>  \t\t\t\t\t\t<strong>MONDAY 3rd JUNE<\/strong><\/p>\n<\/td>\n<td>\n<p>  \t\t\t\t\t\t\u00a0<\/p>\n<\/td>\n<td>\n<p>  \t\t\t\t\t\t\u00a0<\/p>\n<\/td>\n<\/tr>\n<\/tbody>\n<tbody>\n<tr>\n<td>\n<p>  \t\t\t\t\t\t\u00a0<\/p>\n<\/td>\n<td>\n<p>  \t\t\t\t\t\tBenalm\u00e1dena Pueblo &#8211; Corpus Christi<\/p>\n<\/td>\n<td>\n<p>  \t\t\t\t\t\t10:00 to 13:00<\/p>\n<\/td>\n<\/tr>\n<\/tbody>\n<tbody>\n<tr>\n<td>\n<p>  \t\t\t\t\t\t<strong>SUNDAY 2nd JUNE<\/strong><\/p>\n<\/td>\n<td>\n<p>  \t\t\t\t\t\t\u00a0<\/p>\n<\/td>\n<td>\n<p>  \t\t\t\t\t\t\u00a0<\/p>\n<\/td>\n<\/tr>\n<\/tbody>\n<tbody>\n<tr>\n<td>\n<p>  \t\t\t\t\t\t\u00a0<\/p>\n<\/td>\n<td>\n<p>  \t\t\t\t\t\tPlaza de la Marina \/Calle Larios<\/p>\n<\/td>\n<td>\n<p>  \t\t\t\t\t\t17:30 to 20:30<\/p>\n<\/td>\n<\/tr>\n<\/tbody>\n<tbody>\n<tr>\n<td>\n<p>  \t\t\t\t\t\t\u00a0<\/p>\n<\/td>\n<td>\n<p>  \t\t\t\t\t\tEl Corte Ingl\u00e9s M\u00e1laga<\/p>\n<\/td>\n<td>\n<p>  \t\t\t\t\t\t12:00 to 14:00<\/p>\n<\/td>\n<\/tr>\n<\/tbody>\n<tbody>\n<tr>\n<td>\n<p>  \t\t\t\t\t\t\u00a0<\/p>\n<\/td>\n<td>\n<p>  \t\t\t\t\t\tStreet Market Puerto Ban\u00fas<\/p>\n<\/td>\n<td>\n<p>  \t\t\t\t\t\t10:30 to 13:30<\/p>\n<\/td>\n<\/tr>\n<\/tbody>\n<tbody>\n<tr>\n<td>\n<p>  \t\t\t\t\t\t<strong>SATURDAY 1st JUNE<\/strong><\/p>\n<\/td>\n<td>\n<p>  \t\t\t\t\t\t\u00a0<\/p>\n<\/td>\n<td>\n<p>  \t\t\t\t\t\t\u00a0<\/p>\n<\/td>\n<\/tr>\n<\/tbody>\n<tbody>\n<tr>\n<td>\n<p>  \t\t\t\t\t\t\u00a0<\/p>\n<\/td>\n<td>\n<p>  \t\t\t\t\t\t\u00a0<\/p>\n<\/td>\n<td>\n<p>  \t\t\t\t\t\t\u00a0<\/p>\n<\/td>\n<\/tr>\n<\/tbody>\n<tbody>\n<tr>\n<td>\n<p>  \t\t\t\t\t\t<strong>SATURDAY 18th MAY<\/strong><\/p>\n<\/td>\n<td>\n<p>  \t\t\t\t\t\tFIMA (Marbella)<\/p>\n<\/td>\n<td>\n<p>  \t\t\t\t\t\t11:00 to 20:00<\/p>\n<\/td>\n<\/tr>\n<\/tbody>\n<tbody>\n<tr>\n<td>\n<p>  \t\t\t\t\t\t\u00a0<\/p>\n<\/td>\n<td>\n<p>  \t\t\t\t\t\tLUGAR<\/p>\n<\/td>\n<td>\n<p>  \t\t\t\t\t\t\u00a0<\/p>\n<p>  \t\t\t\t\t\tHORARIO<\/p>\n<\/td>\n<\/tr>\n<\/tbody>\n<\/table>\n<p>  \t\t\u00a0<\/p>\n<p>  \t\t\u00a0<\/p>\n<p>  \t\t\u00a0<\/p>\n<p>  \t\t\u00a0<\/p>\n<p>  \t\t\u00a0<\/p>\n<p>  \t\t<strong>SEMANA 2\u00aa DEL 10 AL 18 JUNIO<\/strong><\/p>\n<p>  \t\t\u00a0<\/p>\n<p>  \t\t\u00a0<\/p>\n<table border=\"1\" cellpadding=\"5\" cellspacing=\"0\" style=\"width: 552px\">\n<tbody>\n<tr>\n<td>\n<p>  \t\t\t\t\t\t\u00a0<\/p>\n<\/td>\n<td>\n<p>  \t\t\t\t\t\t\u00a0<\/p>\n<\/td>\n<td>\n<p>  \t\t\t\t\t\t\u00a0<\/p>\n<\/td>\n<\/tr>\n<\/tbody>\n<tbody>\n<tr>\n<td>\n<p>  \t\t\t\t\t\t\u00a0<\/p>\n<\/td>\n<td>\n<p>  \t\t\t\t\t\tCivil Hospital<\/p>\n<\/td>\n<td>\n<p>  \t\t\t\t\t\t10:00 a 14:00<\/p>\n<\/td>\n<\/tr>\n<\/tbody>\n<tbody>\n<tr>\n<td>\n<p>  \t\t\t\t\t\t\u00a0<\/p>\n<\/td>\n<td>\n<p>  \t\t\t\t\t\tMaterno Infantil Hospital<\/p>\n<\/td>\n<td>\n<p>  \t\t\t\t\t\t10:00 a 14:00<\/p>\n<\/td>\n<\/tr>\n<\/tbody>\n<tbody>\n<tr>\n<td>\n<p>  \t\t\t\t\t\t\u00a0<\/p>\n<\/td>\n<td>\n<p>  \t\t\t\t\t\tCarlos Haya Hospital<\/p>\n<\/td>\n<td>\n<p>  \t\t\t\t\t\t10:00 a 14:00<\/p>\n<\/td>\n<\/tr>\n<\/tbody>\n<tbody>\n<tr>\n<td>\n<p>  \t\t\t\t\t\t<strong>MONDAY 17th JUNE<\/strong><\/p>\n<\/td>\n<td>\n<p>  \t\t\t\t\t\t\u00a0<\/p>\n<\/td>\n<td>\n<p>  \t\t\t\t\t\t\u00a0<\/p>\n<\/td>\n<\/tr>\n<\/tbody>\n<tbody>\n<tr>\n<td>\n<p>  \t\t\t\t\t\t\u00a0<\/p>\n<\/td>\n<td>\n<p>  \t\t\t\t\t\tMuelle 1<\/p>\n<\/td>\n<td>\n<p>  \t\t\t\t\t\t11:30 a 14:30<\/p>\n<\/td>\n<\/tr>\n<\/tbody>\n<tbody>\n<tr>\n<td>\n<p>  \t\t\t\t\t\t\u00a0<\/p>\n<\/td>\n<td>\n<p>  \t\t\t\t\t\tPlaza de la Constituci\u00f3n (M\u00e1laga)<\/p>\n<\/td>\n<td>\n<p>  \t\t\t\t\t\t10:30 a 13:30<\/p>\n<\/td>\n<\/tr>\n<\/tbody>\n<tbody>\n<tr>\n<td>\n<p>  \t\t\t\t\t\t\u00a0<\/p>\n<\/td>\n<td>\n<p>  \t\t\t\t\t\tAirport<\/p>\n<\/td>\n<td>\n<p>  \t\t\t\t\t\t10:30 a 13:30<\/p>\n<\/td>\n<\/tr>\n<\/tbody>\n<tbody>\n<tr>\n<td>\n<p>  \t\t\t\t\t\t\u00a0<\/p>\n<\/td>\n<td>\n<p>  \t\t\t\t\t\tStreet Market (Torremolinos)<\/p>\n<\/td>\n<td>\n<p>  \t\t\t\t\t\t10:00 a 13:00<\/p>\n<\/td>\n<\/tr>\n<\/tbody>\n<tbody>\n<tr>\n<td>\n<p>  \t\t\t\t\t\t<strong>SUNDAY 16th JUNE<\/strong><\/p>\n<\/td>\n<td>\n<p>  \t\t\t\t\t\t\u00a0<\/p>\n<\/td>\n<td>\n<p>  \t\t\t\t\t\t\u00a0<\/p>\n<\/td>\n<\/tr>\n<\/tbody>\n<tbody>\n<tr>\n<td>\n<p>  \t\t\t\t\t\t\u00a0<\/p>\n<\/td>\n<td>\n<p>  \t\t\t\t\t\tMuelle 1<\/p>\n<\/td>\n<td>\n<p>  \t\t\t\t\t\t19:30 a 21:00<\/p>\n<\/td>\n<\/tr>\n<\/tbody>\n<tbody>\n<tr>\n<td>\n<p>  \t\t\t\t\t\t\u00a0<\/p>\n<\/td>\n<td>\n<p>  \t\t\t\t\t\tPromenade Pedregalejo<\/p>\n<\/td>\n<td>\n<p>  \t\t\t\t\t\t19:30 a 21:00<\/p>\n<\/td>\n<\/tr>\n<\/tbody>\n<tbody>\n<tr>\n<td>\n<p>  \t\t\t\t\t\t\u00a0<\/p>\n<\/td>\n<td>\n<p>  \t\t\t\t\t\tPromenade (Fuengirola)<\/p>\n<\/td>\n<td>\n<p>  \t\t\t\t\t\t19:30 a 21:00<\/p>\n<\/td>\n<\/tr>\n<\/tbody>\n<tbody>\n<tr>\n<td>\n<p>  \t\t\t\t\t\t\u00a0<\/p>\n<\/td>\n<td>\n<p>  \t\t\t\t\t\tPromenade (Benalm\u00e1dena)<\/p>\n<\/td>\n<td>\n<p>  \t\t\t\t\t\t19:30 a 21:00<\/p>\n<\/td>\n<\/tr>\n<\/tbody>\n<tbody>\n<tr>\n<td>\n<p>  \t\t\t\t\t\t\u00a0<\/p>\n<\/td>\n<td>\n<p>  \t\t\t\t\t\tStreet Market (Puerto Ban\u00fas)<\/p>\n<\/td>\n<td>\n<p>  \t\t\t\t\t\t10:30 a 13:30<\/p>\n<\/td>\n<\/tr>\n<\/tbody>\n<tbody>\n<tr>\n<td>\n<p>  \t\t\t\t\t\t<strong>SATURDAY 15th JUNE<\/strong><\/p>\n<\/td>\n<td>\n<p>  \t\t\t\t\t\t\u00a0<\/p>\n<\/td>\n<td>\n<p>  \t\t\t\t\t\t\u00a0<\/p>\n<\/td>\n<\/tr>\n<\/tbody>\n<tbody>\n<tr>\n<td>\n<p>  \t\t\t\t\t\t\u00a0<\/p>\n<\/td>\n<td>\n<p>  \t\t\t\t\t\tPlaza Mayor<\/p>\n<\/td>\n<td>\n<p>  \t\t\t\t\t\t18:00 a 20:30<\/p>\n<\/td>\n<\/tr>\n<\/tbody>\n<tbody>\n<tr>\n<td>\n<p>  \t\t\t\t\t\t\u00a0<\/p>\n<\/td>\n<td>\n<p>  \t\t\t\t\t\tColegio Platero (El Palo)<\/p>\n<\/td>\n<td>\n<p>  \t\t\t\t\t\t18:00 a 21:00<\/p>\n<\/td>\n<\/tr>\n<\/tbody>\n<tbody>\n<tr>\n<td>\n<p>  \t\t\t\t\t\t\u00a0<\/p>\n<\/td>\n<td>\n<p>  \t\t\t\t\t\tDunnes Stores<\/p>\n<\/td>\n<td>\n<p>  \t\t\t\t\t\t10:00 a 13:00<\/p>\n<\/td>\n<\/tr>\n<\/tbody>\n<tbody>\n<tr>\n<td>\n<p>  \t\t\t\t\t\t\u00a0<\/p>\n<\/td>\n<td>\n<p>  \t\t\t\t\t\tAirport<\/p>\n<\/td>\n<td>\n<p>  \t\t\t\t\t\t10:30 a 13:30<\/p>\n<\/td>\n<\/tr>\n<\/tbody>\n<tbody>\n<tr>\n<td>\n<p>  \t\t\t\t\t\t\u00a0<\/p>\n<\/td>\n<td>\n<p>  \t\t\t\t\t\tStreet Market Tivoli (Arroyo de la Miel)<\/p>\n<\/td>\n<td>\n<p>  \t\t\t\t\t\t10:30 a 13:30<\/p>\n<\/td>\n<\/tr>\n<\/tbody>\n<tbody>\n<tr>\n<td>\n<p>  \t\t\t\t\t\t<strong>FRIDAY14th JUNE<\/strong><\/p>\n<\/td>\n<td>\n<p>  \t\t\t\t\t\t\u00a0<\/p>\n<\/td>\n<td>\n<p>  \t\t\t\t\t\t\u00a0<\/p>\n<\/td>\n<\/tr>\n<\/tbody>\n<tbody>\n<tr>\n<td>\n<p>  \t\t\t\t\t\t\u00a0<\/p>\n<\/td>\n<td>\n<p>  \t\t\t\t\t\tOpencor Torrequebrada<\/p>\n<\/td>\n<td>\n<p>  \t\t\t\t\t\t17:30 a 20:30<\/p>\n<\/td>\n<\/tr>\n<\/tbody>\n<tbody>\n<tr>\n<td>\n<p>  \t\t\t\t\t\t\u00a0<\/p>\n<\/td>\n<td>\n<p>  \t\t\t\t\t\tArmengual de la Mota (M\u00e1laga)<\/p>\n<\/td>\n<td>\n<p>  \t\t\t\t\t\t17:30 a 20:30<\/p>\n<\/td>\n<\/tr>\n<\/tbody>\n<tbody>\n<tr>\n<td>\n<p>  \t\t\t\t\t\t\u00a0<\/p>\n<\/td>\n<td>\n<p>  \t\t\t\t\t\tStreet Market (Torremolinos)<\/p>\n<\/td>\n<td>\n<p>  \t\t\t\t\t\t10:00 a 13:00<\/p>\n<\/td>\n<\/tr>\n<\/tbody>\n<tbody>\n<tr>\n<td>\n<p>  \t\t\t\t\t\t\u00a0<\/p>\n<\/td>\n<td>\n<p>  \t\t\t\t\t\tStreet Market (Alhaurin el Grande)<\/p>\n<\/td>\n<td>\n<p>  \t\t\t\t\t\t10:30 a 13:30<\/p>\n<\/td>\n<\/tr>\n<\/tbody>\n<tbody>\n<tr>\n<td>\n<p>  \t\t\t\t\t\t<strong>THURSDAY 13th JUNE<\/strong><\/p>\n<\/td>\n<td>\n<p>  \t\t\t\t\t\t\u00a0<\/p>\n<\/td>\n<td>\n<p>  \t\t\t\t\t\t\u00a0<\/p>\n<\/td>\n<\/tr>\n<\/tbody>\n<tbody>\n<tr>\n<td>\n<p>  \t\t\t\t\t\t\u00a0<\/p>\n<\/td>\n<td>\n<p>  \t\t\t\t\t\tStreet Market (Mijas)<\/p>\n<\/td>\n<td>\n<p>  \t\t\t\t\t\t10:30 a 13:30<\/p>\n<\/td>\n<\/tr>\n<\/tbody>\n<tbody>\n<tr>\n<td>\n<p>  \t\t\t\t\t\t\u00a0<\/p>\n<\/td>\n<td>\n<p>  \t\t\t\t\t\tStreet Market (Alhaurin de la Torre)<\/p>\n<\/td>\n<td>\n<p>  \t\t\t\t\t\t10:30 a 13:30<\/p>\n<\/td>\n<\/tr>\n<\/tbody>\n<tbody>\n<tr>\n<td>\n<p>  \t\t\t\t\t\t<strong>WEDNESDAY 12th JUNE<\/strong><\/p>\n<\/td>\n<td>\n<p>  \t\t\t\t\t\t\u00a0<\/p>\n<\/td>\n<td>\n<p>  \t\t\t\t\t\t\u00a0<\/p>\n<\/td>\n<\/tr>\n<\/tbody>\n<tbody>\n<tr>\n<td>\n<p>  \t\t\t\t\t\t\u00a0<\/p>\n<\/td>\n<td>\n<p>  \t\t\t\t\t\tFeria( Marbella)<\/p>\n<\/td>\n<td>\n<p>  \t\t\t\t\t\t12:00 a 14:30<\/p>\n<\/td>\n<\/tr>\n<tr>\n<td>\n<p>  \t\t\t\t\t\t\u00a0<\/p>\n<\/td>\n<td>\n<p>  \t\t\t\t\t\tIceland<\/p>\n<\/td>\n<td>\n<p>  \t\t\t\t\t\t10:30 a 13:30<\/p>\n<\/td>\n<\/tr>\n<\/tbody>\n<tbody>\n<tr>\n<td>\n<p>  \t\t\t\t\t\t\u00a0<\/p>\n<\/td>\n<td>\n<p>  \t\t\t\t\t\tStreet Market (Fuengirola)<\/p>\n<\/td>\n<td>\n<p>  \t\t\t\t\t\t10:30 a 13:30<\/p>\n<\/td>\n<\/tr>\n<\/tbody>\n<tbody>\n<tr>\n<td>\n<p>  \t\t\t\t\t\t<strong>TUESDAY 11th JUNE<\/strong><\/p>\n<\/td>\n<td>\n<p>  \t\t\t\t\t\t\u00a0<\/p>\n<\/td>\n<td>\n<p>  \t\t\t\t\t\t\u00a0<\/p>\n<\/td>\n<\/tr>\n<\/tbody>\n<tbody>\n<tr>\n<td>\n<p>  \t\t\t\t\t\t\u00a0<\/p>\n<\/td>\n<td>\n<p>  \t\t\t\t\t\tStreet Market (Archidona)<\/p>\n<\/td>\n<td>\n<p>  \t\t\t\t\t\t10:30 a 13:30<\/p>\n<\/td>\n<\/tr>\n<\/tbody>\n<tbody>\n<tr>\n<td>\n<p>  \t\t\t\t\t\t\u00a0<\/p>\n<\/td>\n<td>\n<p>  \t\t\t\t\t\tFeria Marbella<\/p>\n<\/td>\n<td>\n<p>  \t\t\t\t\t\t12:00 a 14:30<\/p>\n<\/td>\n<\/tr>\n<\/tbody>\n<tbody>\n<tr>\n<td>\n<p>  \t\t\t\t\t\t<strong>MONDAY 10th JUNE<\/strong><\/p>\n<\/td>\n<td>\n<p>  \t\t\t\t\t\t\u00a0<\/p>\n<\/td>\n<td>\n<p>  \t\t\t\t\t\t\u00a0<\/p>\n<\/td>\n<\/tr>\n<\/tbody>\n<tbody>\n<tr>\n<td>\n<p>  \t\t\t\t\t\t\u00a0<\/p>\n<\/td>\n<td>\n<p>  \t\t\t\t\t\t<strong>LUGAR<\/strong><\/p>\n<\/td>\n<td>\n<p>  \t\t\t\t\t\t\u00a0<\/p>\n<p>  \t\t\t\t\t\t<strong>HORARIO<\/strong><\/p>\n<\/td>\n<\/tr>\n<\/tbody>\n<\/table>\n<p>  \t\t\u00a0<\/p>\n<p>  \t\t\u00a0<\/p>\n<\/p><\/div><\/div>\n<p><\/p>","protected":false},"excerpt":{"rendered":"<p>Benalm\u00e1dena,\u00a0 21th\u00a0 May 2013 \u00a0 One more year, Cudeca Cancer Care Hospice holds its annual Sunflower Campaign in order to raise funds and awareness to the people of Malaga on the importance of the Special Kind of Caring that Cudeca provides. For more than two decades, Cudeca has provided care to more than 8.000 patients [&hellip;]<\/p>\n","protected":false},"author":0,"featured_media":0,"comment_status":"open","ping_status":"open","sticky":false,"template":"","format":"standard","meta":[],"categories":[15],"tags":[],"yoast_head":"<!-- This site is optimized with the Yoast SEO plugin v19.4 - https:\/\/yoast.com\/wordpress\/plugins\/seo\/ -->\n<title>Cudeca Annual Sunflower Campaign 2013 - Cudeca Cancer Care Hospice<\/title>\n<meta name=\"robots\" content=\"index, follow, max-snippet:-1, max-image-preview:large, max-video-preview:-1\" \/>\n<link rel=\"canonical\" href=\"https:\/\/www.cudeca.org\/en\/actualidad\/cudeca-annual-sunflower-campaign-2013\/\" \/>\n<meta property=\"og:locale\" content=\"en_US\" \/>\n<meta property=\"og:type\" content=\"article\" \/>\n<meta property=\"og:title\" content=\"Cudeca Annual Sunflower Campaign 2013 - Cudeca Cancer Care Hospice\" \/>\n<meta property=\"og:description\" content=\"Benalm\u00e1dena,\u00a0 21th\u00a0 May 2013 \u00a0 One more year, Cudeca Cancer Care Hospice holds its annual Sunflower Campaign in order to raise funds and awareness to the people of Malaga on the importance of the Special Kind of Caring that Cudeca provides. For more than two decades, Cudeca has provided care to more than 8.000 patients [&hellip;]\" \/>\n<meta property=\"og:url\" content=\"https:\/\/www.cudeca.org\/en\/actualidad\/cudeca-annual-sunflower-campaign-2013\/\" \/>\n<meta property=\"og:site_name\" content=\"Cudeca Cancer Care Hospice\" \/>\n<meta property=\"article:publisher\" content=\"https:\/\/www.facebook.com\/AmigosDeCudeca\" \/>\n<meta property=\"article:published_time\" content=\"2013-05-22T18:12:11+00:00\" \/>\n<meta name=\"twitter:card\" content=\"summary_large_image\" \/>\n<meta name=\"twitter:creator\" content=\"@cudeca\" \/>\n<meta name=\"twitter:site\" content=\"@cudeca\" \/>\n<meta name=\"twitter:label1\" content=\"Est. reading time\" \/>\n\t<meta name=\"twitter:data1\" content=\"3 minutes\" \/>\n<script type=\"application\/ld+json\" class=\"yoast-schema-graph\">{\"@context\":\"https:\/\/schema.org\",\"@graph\":[{\"@type\":\"Organization\",\"@id\":\"https:\/\/www.cudeca.org\/#organization\",\"name\":\"Fundaci\u00f3n Cudeca\",\"url\":\"https:\/\/www.cudeca.org\/\",\"sameAs\":[\"https:\/\/www.youtube.com\/c\/cudecamalaga\",\"https:\/\/www.facebook.com\/AmigosDeCudeca\",\"https:\/\/twitter.com\/cudeca\"],\"logo\":{\"@type\":\"ImageObject\",\"inLanguage\":\"en-US\",\"@id\":\"https:\/\/www.cudeca.org\/#\/schema\/logo\/image\/\",\"url\":\"https:\/\/www.cudeca.org\/wp-content\/uploads\/2018\/02\/cudeca-logo.png\",\"contentUrl\":\"https:\/\/www.cudeca.org\/wp-content\/uploads\/2018\/02\/cudeca-logo.png\",\"width\":2121,\"height\":984,\"caption\":\"Fundaci\u00f3n Cudeca\"},\"image\":{\"@id\":\"https:\/\/www.cudeca.org\/#\/schema\/logo\/image\/\"}},{\"@type\":\"WebSite\",\"@id\":\"https:\/\/www.cudeca.org\/#website\",\"url\":\"https:\/\/www.cudeca.org\/\",\"name\":\"Fundaci\u00f3n Cudeca\",\"description\":\"Cudeca Hospice\",\"publisher\":{\"@id\":\"https:\/\/www.cudeca.org\/#organization\"},\"potentialAction\":[{\"@type\":\"SearchAction\",\"target\":{\"@type\":\"EntryPoint\",\"urlTemplate\":\"https:\/\/www.cudeca.org\/?s={search_term_string}\"},\"query-input\":\"required name=search_term_string\"}],\"inLanguage\":\"en-US\"},{\"@type\":\"WebPage\",\"@id\":\"https:\/\/www.cudeca.org\/en\/actualidad\/cudeca-annual-sunflower-campaign-2013\/\",\"url\":\"https:\/\/www.cudeca.org\/en\/actualidad\/cudeca-annual-sunflower-campaign-2013\/\",\"name\":\"Cudeca Annual Sunflower Campaign 2013 - Cudeca Cancer Care Hospice\",\"isPartOf\":{\"@id\":\"https:\/\/www.cudeca.org\/#website\"},\"datePublished\":\"2013-05-22T18:12:11+00:00\",\"dateModified\":\"2013-05-22T18:12:11+00:00\",\"breadcrumb\":{\"@id\":\"https:\/\/www.cudeca.org\/en\/actualidad\/cudeca-annual-sunflower-campaign-2013\/#breadcrumb\"},\"inLanguage\":\"en-US\",\"potentialAction\":[{\"@type\":\"ReadAction\",\"target\":[\"https:\/\/www.cudeca.org\/en\/actualidad\/cudeca-annual-sunflower-campaign-2013\/\"]}]},{\"@type\":\"BreadcrumbList\",\"@id\":\"https:\/\/www.cudeca.org\/en\/actualidad\/cudeca-annual-sunflower-campaign-2013\/#breadcrumb\",\"itemListElement\":[{\"@type\":\"ListItem\",\"position\":1,\"name\":\"Portada\",\"item\":\"https:\/\/www.cudeca.org\/\"},{\"@type\":\"ListItem\",\"position\":2,\"name\":\"Cudeca Annual Sunflower Campaign 2013\"}]},{\"@type\":\"Article\",\"@id\":\"https:\/\/www.cudeca.org\/en\/actualidad\/cudeca-annual-sunflower-campaign-2013\/#article\",\"isPartOf\":{\"@id\":\"https:\/\/www.cudeca.org\/en\/actualidad\/cudeca-annual-sunflower-campaign-2013\/\"},\"author\":{\"name\":\"\",\"@id\":\"\"},\"headline\":\"Cudeca Annual Sunflower Campaign 2013\",\"datePublished\":\"2013-05-22T18:12:11+00:00\",\"dateModified\":\"2013-05-22T18:12:11+00:00\",\"mainEntityOfPage\":{\"@id\":\"https:\/\/www.cudeca.org\/en\/actualidad\/cudeca-annual-sunflower-campaign-2013\/\"},\"wordCount\":572,\"commentCount\":0,\"publisher\":{\"@id\":\"https:\/\/www.cudeca.org\/#organization\"},\"articleSection\":[\"\"],\"inLanguage\":\"en-US\",\"potentialAction\":[{\"@type\":\"CommentAction\",\"name\":\"Comment\",\"target\":[\"https:\/\/www.cudeca.org\/en\/actualidad\/cudeca-annual-sunflower-campaign-2013\/#respond\"]}]}]}<\/script>\n<!-- \/ Yoast SEO plugin. -->","yoast_head_json":{"title":"Cudeca Annual Sunflower Campaign 2013 - Cudeca Cancer Care Hospice","robots":{"index":"index","follow":"follow","max-snippet":"max-snippet:-1","max-image-preview":"max-image-preview:large","max-video-preview":"max-video-preview:-1"},"canonical":"https:\/\/www.cudeca.org\/en\/actualidad\/cudeca-annual-sunflower-campaign-2013\/","og_locale":"en_US","og_type":"article","og_title":"Cudeca Annual Sunflower Campaign 2013 - Cudeca Cancer Care Hospice","og_description":"Benalm\u00e1dena,\u00a0 21th\u00a0 May 2013 \u00a0 One more year, Cudeca Cancer Care Hospice holds its annual Sunflower Campaign in order to raise funds and awareness to the people of Malaga on the importance of the Special Kind of Caring that Cudeca provides. For more than two decades, Cudeca has provided care to more than 8.000 patients [&hellip;]","og_url":"https:\/\/www.cudeca.org\/en\/actualidad\/cudeca-annual-sunflower-campaign-2013\/","og_site_name":"Cudeca Cancer Care Hospice","article_publisher":"https:\/\/www.facebook.com\/AmigosDeCudeca","article_published_time":"2013-05-22T18:12:11+00:00","twitter_card":"summary_large_image","twitter_creator":"@cudeca","twitter_site":"@cudeca","twitter_misc":{"Est. reading time":"3 minutes"},"schema":{"@context":"https:\/\/schema.org","@graph":[{"@type":"Organization","@id":"https:\/\/www.cudeca.org\/#organization","name":"Fundaci\u00f3n Cudeca","url":"https:\/\/www.cudeca.org\/","sameAs":["https:\/\/www.youtube.com\/c\/cudecamalaga","https:\/\/www.facebook.com\/AmigosDeCudeca","https:\/\/twitter.com\/cudeca"],"logo":{"@type":"ImageObject","inLanguage":"en-US","@id":"https:\/\/www.cudeca.org\/#\/schema\/logo\/image\/","url":"https:\/\/www.cudeca.org\/wp-content\/uploads\/2018\/02\/cudeca-logo.png","contentUrl":"https:\/\/www.cudeca.org\/wp-content\/uploads\/2018\/02\/cudeca-logo.png","width":2121,"height":984,"caption":"Fundaci\u00f3n Cudeca"},"image":{"@id":"https:\/\/www.cudeca.org\/#\/schema\/logo\/image\/"}},{"@type":"WebSite","@id":"https:\/\/www.cudeca.org\/#website","url":"https:\/\/www.cudeca.org\/","name":"Fundaci\u00f3n Cudeca","description":"Cudeca Hospice","publisher":{"@id":"https:\/\/www.cudeca.org\/#organization"},"potentialAction":[{"@type":"SearchAction","target":{"@type":"EntryPoint","urlTemplate":"https:\/\/www.cudeca.org\/?s={search_term_string}"},"query-input":"required name=search_term_string"}],"inLanguage":"en-US"},{"@type":"WebPage","@id":"https:\/\/www.cudeca.org\/en\/actualidad\/cudeca-annual-sunflower-campaign-2013\/","url":"https:\/\/www.cudeca.org\/en\/actualidad\/cudeca-annual-sunflower-campaign-2013\/","name":"Cudeca Annual Sunflower Campaign 2013 - Cudeca Cancer Care Hospice","isPartOf":{"@id":"https:\/\/www.cudeca.org\/#website"},"datePublished":"2013-05-22T18:12:11+00:00","dateModified":"2013-05-22T18:12:11+00:00","breadcrumb":{"@id":"https:\/\/www.cudeca.org\/en\/actualidad\/cudeca-annual-sunflower-campaign-2013\/#breadcrumb"},"inLanguage":"en-US","potentialAction":[{"@type":"ReadAction","target":["https:\/\/www.cudeca.org\/en\/actualidad\/cudeca-annual-sunflower-campaign-2013\/"]}]},{"@type":"BreadcrumbList","@id":"https:\/\/www.cudeca.org\/en\/actualidad\/cudeca-annual-sunflower-campaign-2013\/#breadcrumb","itemListElement":[{"@type":"ListItem","position":1,"name":"Portada","item":"https:\/\/www.cudeca.org\/"},{"@type":"ListItem","position":2,"name":"Cudeca Annual Sunflower Campaign 2013"}]},{"@type":"Article","@id":"https:\/\/www.cudeca.org\/en\/actualidad\/cudeca-annual-sunflower-campaign-2013\/#article","isPartOf":{"@id":"https:\/\/www.cudeca.org\/en\/actualidad\/cudeca-annual-sunflower-campaign-2013\/"},"author":{"name":"","@id":""},"headline":"Cudeca Annual Sunflower Campaign 2013","datePublished":"2013-05-22T18:12:11+00:00","dateModified":"2013-05-22T18:12:11+00:00","mainEntityOfPage":{"@id":"https:\/\/www.cudeca.org\/en\/actualidad\/cudeca-annual-sunflower-campaign-2013\/"},"wordCount":572,"commentCount":0,"publisher":{"@id":"https:\/\/www.cudeca.org\/#organization"},"articleSection":[""],"inLanguage":"en-US","potentialAction":[{"@type":"CommentAction","name":"Comment","target":["https:\/\/www.cudeca.org\/en\/actualidad\/cudeca-annual-sunflower-campaign-2013\/#respond"]}]}]}},"_links":{"self":[{"href":"https:\/\/www.cudeca.org\/en\/wp-json\/wp\/v2\/posts\/16191"}],"collection":[{"href":"https:\/\/www.cudeca.org\/en\/wp-json\/wp\/v2\/posts"}],"about":[{"href":"https:\/\/www.cudeca.org\/en\/wp-json\/wp\/v2\/types\/post"}],"replies":[{"embeddable":true,"href":"https:\/\/www.cudeca.org\/en\/wp-json\/wp\/v2\/comments?post=16191"}],"version-history":[{"count":0,"href":"https:\/\/www.cudeca.org\/en\/wp-json\/wp\/v2\/posts\/16191\/revisions"}],"wp:attachment":[{"href":"https:\/\/www.cudeca.org\/en\/wp-json\/wp\/v2\/media?parent=16191"}],"wp:term":[{"taxonomy":"category","embeddable":true,"href":"https:\/\/www.cudeca.org\/en\/wp-json\/wp\/v2\/categories?post=16191"},{"taxonomy":"post_tag","embeddable":true,"href":"https:\/\/www.cudeca.org\/en\/wp-json\/wp\/v2\/tags?post=16191"}],"curies":[{"name":"wp","href":"https:\/\/api.w.org\/{rel}","templated":true}]}}