{"id":16141,"date":"2012-10-01T18:03:02","date_gmt":"2012-10-01T18:03:02","guid":{"rendered":"https:\/\/www.cudeca.org\/actualidad\/carlos-lvarez-and-pedro-martin-almendros-visit-the-cudeca-hospice\/"},"modified":"2012-10-01T18:03:02","modified_gmt":"2012-10-01T18:03:02","slug":"carlos-lvarez-and-pedro-martin-almendros-visit-the-cudeca-hospice","status":"publish","type":"post","link":"https:\/\/www.cudeca.org\/en\/actualidad\/carlos-lvarez-and-pedro-martin-almendros-visit-the-cudeca-hospice\/","title":{"rendered":"Carlos &#193;lvarez and Pedro Martin-Almendros visit the Cudeca Hospice"},"content":{"rendered":"<p><\/p>\n<div id=\"notCuerpo\">\n<div>\n<div>  \t\t<strong>Benalm\u00e1dena, 28 de septiembre de 2012<\/strong><\/div>\n<p>  \tOn 27th September, Carlos \u00c1lvarez, the famous Baritone from M\u00e1laga and Pedro Martin-Almendros, Director of Fundaci\u00f3n Malaga, visited the Cudeca Hospice in Benalm\u00e1dena to experience at first hand the care that Cudeca provides each year to more than 750 people with advanced and non-curable illnesses and support to their families, totally free of charge.  \t<\/p>\n<div>  \t\t\u00a0<\/div>\n<div>  \t\tOur guests were so inspired with the facilities and care programmes at the Hospice Centre, that they have both agreed to develop fundraising and awareness projects in aid of our Special Kind of Caring.<\/div>\n<div>  \t\t\u00a0<\/div>\n<p>  \tCudeca is sincerely grateful for initiative, enthusiasm and interest shown by Carlos Alvarez and Pedro Martin-Almendros towards Cudeca.  \t<\/p>\n<div>  \t\t\u00a0<\/div><\/div>\n<div>  \t\u00a0<\/div><\/div>\n<p><\/p>","protected":false},"excerpt":{"rendered":"<p>Benalm\u00e1dena, 28 de septiembre de 2012 On 27th September, Carlos \u00c1lvarez, the famous Baritone from M\u00e1laga and Pedro Martin-Almendros, Director of Fundaci\u00f3n Malaga, visited the Cudeca Hospice in Benalm\u00e1dena to experience at first hand the care that Cudeca provides each year to more than 750 people with advanced and non-curable illnesses and support to their [&hellip;]<\/p>\n","protected":false},"author":0,"featured_media":0,"comment_status":"open","ping_status":"open","sticky":false,"template":"","format":"standard","meta":[],"categories":[15],"tags":[],"yoast_head":"<!-- This site is optimized with the Yoast SEO plugin v19.4 - https:\/\/yoast.com\/wordpress\/plugins\/seo\/ -->\n<title>Carlos &#193;lvarez and Pedro Martin-Almendros visit the Cudeca Hospice - Cudeca Cancer Care Hospice<\/title>\n<meta name=\"robots\" content=\"index, follow, max-snippet:-1, max-image-preview:large, max-video-preview:-1\" \/>\n<link rel=\"canonical\" href=\"https:\/\/www.cudeca.org\/en\/actualidad\/carlos-lvarez-and-pedro-martin-almendros-visit-the-cudeca-hospice\/\" \/>\n<meta property=\"og:locale\" content=\"en_US\" \/>\n<meta property=\"og:type\" content=\"article\" \/>\n<meta property=\"og:title\" content=\"Carlos &#193;lvarez and Pedro Martin-Almendros visit the Cudeca Hospice - Cudeca Cancer Care Hospice\" \/>\n<meta property=\"og:description\" content=\"Benalm\u00e1dena, 28 de septiembre de 2012 On 27th September, Carlos \u00c1lvarez, the famous Baritone from M\u00e1laga and Pedro Martin-Almendros, Director of Fundaci\u00f3n Malaga, visited the Cudeca Hospice in Benalm\u00e1dena to experience at first hand the care that Cudeca provides each year to more than 750 people with advanced and non-curable illnesses and support to their [&hellip;]\" \/>\n<meta property=\"og:url\" content=\"https:\/\/www.cudeca.org\/en\/actualidad\/carlos-lvarez-and-pedro-martin-almendros-visit-the-cudeca-hospice\/\" \/>\n<meta property=\"og:site_name\" content=\"Cudeca Cancer Care Hospice\" \/>\n<meta property=\"article:publisher\" content=\"https:\/\/www.facebook.com\/AmigosDeCudeca\" \/>\n<meta property=\"article:published_time\" content=\"2012-10-01T18:03:02+00:00\" \/>\n<meta name=\"twitter:card\" content=\"summary_large_image\" \/>\n<meta name=\"twitter:creator\" content=\"@cudeca\" \/>\n<meta name=\"twitter:site\" content=\"@cudeca\" \/>\n<meta name=\"twitter:label1\" content=\"Est. reading time\" \/>\n\t<meta name=\"twitter:data1\" content=\"1 minute\" \/>\n<script type=\"application\/ld+json\" class=\"yoast-schema-graph\">{\"@context\":\"https:\/\/schema.org\",\"@graph\":[{\"@type\":\"Organization\",\"@id\":\"https:\/\/www.cudeca.org\/#organization\",\"name\":\"Fundaci\u00f3n Cudeca\",\"url\":\"https:\/\/www.cudeca.org\/\",\"sameAs\":[\"https:\/\/www.youtube.com\/c\/cudecamalaga\",\"https:\/\/www.facebook.com\/AmigosDeCudeca\",\"https:\/\/twitter.com\/cudeca\"],\"logo\":{\"@type\":\"ImageObject\",\"inLanguage\":\"en-US\",\"@id\":\"https:\/\/www.cudeca.org\/#\/schema\/logo\/image\/\",\"url\":\"https:\/\/www.cudeca.org\/wp-content\/uploads\/2018\/02\/cudeca-logo.png\",\"contentUrl\":\"https:\/\/www.cudeca.org\/wp-content\/uploads\/2018\/02\/cudeca-logo.png\",\"width\":2121,\"height\":984,\"caption\":\"Fundaci\u00f3n Cudeca\"},\"image\":{\"@id\":\"https:\/\/www.cudeca.org\/#\/schema\/logo\/image\/\"}},{\"@type\":\"WebSite\",\"@id\":\"https:\/\/www.cudeca.org\/#website\",\"url\":\"https:\/\/www.cudeca.org\/\",\"name\":\"Fundaci\u00f3n Cudeca\",\"description\":\"Cudeca Hospice\",\"publisher\":{\"@id\":\"https:\/\/www.cudeca.org\/#organization\"},\"potentialAction\":[{\"@type\":\"SearchAction\",\"target\":{\"@type\":\"EntryPoint\",\"urlTemplate\":\"https:\/\/www.cudeca.org\/?s={search_term_string}\"},\"query-input\":\"required name=search_term_string\"}],\"inLanguage\":\"en-US\"},{\"@type\":\"WebPage\",\"@id\":\"https:\/\/www.cudeca.org\/en\/actualidad\/carlos-lvarez-and-pedro-martin-almendros-visit-the-cudeca-hospice\/\",\"url\":\"https:\/\/www.cudeca.org\/en\/actualidad\/carlos-lvarez-and-pedro-martin-almendros-visit-the-cudeca-hospice\/\",\"name\":\"Carlos &#193;lvarez and Pedro Martin-Almendros visit the Cudeca Hospice - Cudeca Cancer Care Hospice\",\"isPartOf\":{\"@id\":\"https:\/\/www.cudeca.org\/#website\"},\"datePublished\":\"2012-10-01T18:03:02+00:00\",\"dateModified\":\"2012-10-01T18:03:02+00:00\",\"breadcrumb\":{\"@id\":\"https:\/\/www.cudeca.org\/en\/actualidad\/carlos-lvarez-and-pedro-martin-almendros-visit-the-cudeca-hospice\/#breadcrumb\"},\"inLanguage\":\"en-US\",\"potentialAction\":[{\"@type\":\"ReadAction\",\"target\":[\"https:\/\/www.cudeca.org\/en\/actualidad\/carlos-lvarez-and-pedro-martin-almendros-visit-the-cudeca-hospice\/\"]}]},{\"@type\":\"BreadcrumbList\",\"@id\":\"https:\/\/www.cudeca.org\/en\/actualidad\/carlos-lvarez-and-pedro-martin-almendros-visit-the-cudeca-hospice\/#breadcrumb\",\"itemListElement\":[{\"@type\":\"ListItem\",\"position\":1,\"name\":\"Portada\",\"item\":\"https:\/\/www.cudeca.org\/\"},{\"@type\":\"ListItem\",\"position\":2,\"name\":\"Carlos &#193;lvarez and Pedro Martin-Almendros visit the Cudeca Hospice\"}]},{\"@type\":\"Article\",\"@id\":\"https:\/\/www.cudeca.org\/en\/actualidad\/carlos-lvarez-and-pedro-martin-almendros-visit-the-cudeca-hospice\/#article\",\"isPartOf\":{\"@id\":\"https:\/\/www.cudeca.org\/en\/actualidad\/carlos-lvarez-and-pedro-martin-almendros-visit-the-cudeca-hospice\/\"},\"author\":{\"name\":\"\",\"@id\":\"\"},\"headline\":\"Carlos &#193;lvarez and Pedro Martin-Almendros visit the Cudeca Hospice\",\"datePublished\":\"2012-10-01T18:03:02+00:00\",\"dateModified\":\"2012-10-01T18:03:02+00:00\",\"mainEntityOfPage\":{\"@id\":\"https:\/\/www.cudeca.org\/en\/actualidad\/carlos-lvarez-and-pedro-martin-almendros-visit-the-cudeca-hospice\/\"},\"wordCount\":124,\"commentCount\":0,\"publisher\":{\"@id\":\"https:\/\/www.cudeca.org\/#organization\"},\"articleSection\":[\"\"],\"inLanguage\":\"en-US\",\"potentialAction\":[{\"@type\":\"CommentAction\",\"name\":\"Comment\",\"target\":[\"https:\/\/www.cudeca.org\/en\/actualidad\/carlos-lvarez-and-pedro-martin-almendros-visit-the-cudeca-hospice\/#respond\"]}]}]}<\/script>\n<!-- \/ Yoast SEO plugin. -->","yoast_head_json":{"title":"Carlos &#193;lvarez and Pedro Martin-Almendros visit the Cudeca Hospice - Cudeca Cancer Care Hospice","robots":{"index":"index","follow":"follow","max-snippet":"max-snippet:-1","max-image-preview":"max-image-preview:large","max-video-preview":"max-video-preview:-1"},"canonical":"https:\/\/www.cudeca.org\/en\/actualidad\/carlos-lvarez-and-pedro-martin-almendros-visit-the-cudeca-hospice\/","og_locale":"en_US","og_type":"article","og_title":"Carlos &#193;lvarez and Pedro Martin-Almendros visit the Cudeca Hospice - Cudeca Cancer Care Hospice","og_description":"Benalm\u00e1dena, 28 de septiembre de 2012 On 27th September, Carlos \u00c1lvarez, the famous Baritone from M\u00e1laga and Pedro Martin-Almendros, Director of Fundaci\u00f3n Malaga, visited the Cudeca Hospice in Benalm\u00e1dena to experience at first hand the care that Cudeca provides each year to more than 750 people with advanced and non-curable illnesses and support to their [&hellip;]","og_url":"https:\/\/www.cudeca.org\/en\/actualidad\/carlos-lvarez-and-pedro-martin-almendros-visit-the-cudeca-hospice\/","og_site_name":"Cudeca Cancer Care Hospice","article_publisher":"https:\/\/www.facebook.com\/AmigosDeCudeca","article_published_time":"2012-10-01T18:03:02+00:00","twitter_card":"summary_large_image","twitter_creator":"@cudeca","twitter_site":"@cudeca","twitter_misc":{"Est. reading time":"1 minute"},"schema":{"@context":"https:\/\/schema.org","@graph":[{"@type":"Organization","@id":"https:\/\/www.cudeca.org\/#organization","name":"Fundaci\u00f3n Cudeca","url":"https:\/\/www.cudeca.org\/","sameAs":["https:\/\/www.youtube.com\/c\/cudecamalaga","https:\/\/www.facebook.com\/AmigosDeCudeca","https:\/\/twitter.com\/cudeca"],"logo":{"@type":"ImageObject","inLanguage":"en-US","@id":"https:\/\/www.cudeca.org\/#\/schema\/logo\/image\/","url":"https:\/\/www.cudeca.org\/wp-content\/uploads\/2018\/02\/cudeca-logo.png","contentUrl":"https:\/\/www.cudeca.org\/wp-content\/uploads\/2018\/02\/cudeca-logo.png","width":2121,"height":984,"caption":"Fundaci\u00f3n Cudeca"},"image":{"@id":"https:\/\/www.cudeca.org\/#\/schema\/logo\/image\/"}},{"@type":"WebSite","@id":"https:\/\/www.cudeca.org\/#website","url":"https:\/\/www.cudeca.org\/","name":"Fundaci\u00f3n Cudeca","description":"Cudeca Hospice","publisher":{"@id":"https:\/\/www.cudeca.org\/#organization"},"potentialAction":[{"@type":"SearchAction","target":{"@type":"EntryPoint","urlTemplate":"https:\/\/www.cudeca.org\/?s={search_term_string}"},"query-input":"required name=search_term_string"}],"inLanguage":"en-US"},{"@type":"WebPage","@id":"https:\/\/www.cudeca.org\/en\/actualidad\/carlos-lvarez-and-pedro-martin-almendros-visit-the-cudeca-hospice\/","url":"https:\/\/www.cudeca.org\/en\/actualidad\/carlos-lvarez-and-pedro-martin-almendros-visit-the-cudeca-hospice\/","name":"Carlos &#193;lvarez and Pedro Martin-Almendros visit the Cudeca Hospice - Cudeca Cancer Care Hospice","isPartOf":{"@id":"https:\/\/www.cudeca.org\/#website"},"datePublished":"2012-10-01T18:03:02+00:00","dateModified":"2012-10-01T18:03:02+00:00","breadcrumb":{"@id":"https:\/\/www.cudeca.org\/en\/actualidad\/carlos-lvarez-and-pedro-martin-almendros-visit-the-cudeca-hospice\/#breadcrumb"},"inLanguage":"en-US","potentialAction":[{"@type":"ReadAction","target":["https:\/\/www.cudeca.org\/en\/actualidad\/carlos-lvarez-and-pedro-martin-almendros-visit-the-cudeca-hospice\/"]}]},{"@type":"BreadcrumbList","@id":"https:\/\/www.cudeca.org\/en\/actualidad\/carlos-lvarez-and-pedro-martin-almendros-visit-the-cudeca-hospice\/#breadcrumb","itemListElement":[{"@type":"ListItem","position":1,"name":"Portada","item":"https:\/\/www.cudeca.org\/"},{"@type":"ListItem","position":2,"name":"Carlos &#193;lvarez and Pedro Martin-Almendros visit the Cudeca Hospice"}]},{"@type":"Article","@id":"https:\/\/www.cudeca.org\/en\/actualidad\/carlos-lvarez-and-pedro-martin-almendros-visit-the-cudeca-hospice\/#article","isPartOf":{"@id":"https:\/\/www.cudeca.org\/en\/actualidad\/carlos-lvarez-and-pedro-martin-almendros-visit-the-cudeca-hospice\/"},"author":{"name":"","@id":""},"headline":"Carlos &#193;lvarez and Pedro Martin-Almendros visit the Cudeca Hospice","datePublished":"2012-10-01T18:03:02+00:00","dateModified":"2012-10-01T18:03:02+00:00","mainEntityOfPage":{"@id":"https:\/\/www.cudeca.org\/en\/actualidad\/carlos-lvarez-and-pedro-martin-almendros-visit-the-cudeca-hospice\/"},"wordCount":124,"commentCount":0,"publisher":{"@id":"https:\/\/www.cudeca.org\/#organization"},"articleSection":[""],"inLanguage":"en-US","potentialAction":[{"@type":"CommentAction","name":"Comment","target":["https:\/\/www.cudeca.org\/en\/actualidad\/carlos-lvarez-and-pedro-martin-almendros-visit-the-cudeca-hospice\/#respond"]}]}]}},"_links":{"self":[{"href":"https:\/\/www.cudeca.org\/en\/wp-json\/wp\/v2\/posts\/16141"}],"collection":[{"href":"https:\/\/www.cudeca.org\/en\/wp-json\/wp\/v2\/posts"}],"about":[{"href":"https:\/\/www.cudeca.org\/en\/wp-json\/wp\/v2\/types\/post"}],"replies":[{"embeddable":true,"href":"https:\/\/www.cudeca.org\/en\/wp-json\/wp\/v2\/comments?post=16141"}],"version-history":[{"count":0,"href":"https:\/\/www.cudeca.org\/en\/wp-json\/wp\/v2\/posts\/16141\/revisions"}],"wp:attachment":[{"href":"https:\/\/www.cudeca.org\/en\/wp-json\/wp\/v2\/media?parent=16141"}],"wp:term":[{"taxonomy":"category","embeddable":true,"href":"https:\/\/www.cudeca.org\/en\/wp-json\/wp\/v2\/categories?post=16141"},{"taxonomy":"post_tag","embeddable":true,"href":"https:\/\/www.cudeca.org\/en\/wp-json\/wp\/v2\/tags?post=16141"}],"curies":[{"name":"wp","href":"https:\/\/api.w.org\/{rel}","templated":true}]}}