{"id":16127,"date":"2012-06-26T18:00:23","date_gmt":"2012-06-26T18:00:23","guid":{"rendered":"https:\/\/www.cudeca.org\/actualidad\/ii-cudeca-aoreta-golf-tournament\/"},"modified":"2012-06-26T18:00:23","modified_gmt":"2012-06-26T18:00:23","slug":"ii-cudeca-aoreta-golf-tournament","status":"publish","type":"post","link":"https:\/\/www.cudeca.org\/en\/actualidad\/ii-cudeca-aoreta-golf-tournament\/","title":{"rendered":"II Cudeca-A&#241;oreta Golf Tournament"},"content":{"rendered":"<p><\/p>\n<div id=\"notCuerpo\">\n<div>  \t<strong>Benalm\u00e1dena, 4th May 2012<\/strong>  \t<\/p>\n<div>  \t\tOn the 25th and 26th Mayo, the II Charity Golf Tournament &#8211; A\u00f1oreta Golf Club, in memory of &#8220;Fernando Mart\u00edn Pinto&#8221; and in aid of Cudeca Cancer Care Hospice was held and exceeded expectations with a fantastic fundraising result of 35.118,05\u20ac!<\/div>\n<div>  \t\t\u00a0<\/div>\n<p>  \tThis charity event was held at the premises of the A\u00f1oreta Golf Club in Rinc\u00f3n de la Victoria, where all golfers enjoyed a tournament with sea views, a raffle with fabulous prizes (including a Mediterranean cruise for 2 people, courtesy of Royal Caribbean Spain) and for the winners, trophies exclusively designed by the renowned sculptor Eugenio de la Torre, which will be presented during the course of the evening by the Spanish celebrity Domi del Postigo.  \t<\/p>\n<div>  \t\t\u00a0<\/div>\n<div>  \t\tThis tournament is made possible thanks to the committee of volunteers and headed by Josefa F. Perez Mata, wife of the late Fernando Martin Pinto who was a Cudeca patient and former chairman of the committee.\u00a0 Last year a grand total of 31,500\u20ac was raised,\u00a0 which helped Cudeca continue to offer the Special Kind of Caring to 750 patients with advanced, non-curable illnesses and also support to their families, all free of charge.<\/div>\n<div>  \t\t\u00a0<\/div>\n<p>  \tMore than 7,000 people have been treated by Cudeca since 1992 via the care programs: Home Care, Day Care Centre, In-Patient Unit, Out-patient Program, Psycho-Social Rehabilitation and Assisted Counselling.  \t<\/p>\n<div>  \t\t\u00a0<\/div>\n<div>  \t\tFor more information, visit http:\/\/torneogolfcudeca.blogspot.com\/ or contact the A\u00f1oreta Golf Club on 952 40 40 00.<\/div>\n<div>  \t\t\u00a0<\/div><\/div>\n<div>  \t\u00a0<\/div><\/div>\n<p><\/p>","protected":false},"excerpt":{"rendered":"<p>Benalm\u00e1dena, 4th May 2012 On the 25th and 26th Mayo, the II Charity Golf Tournament &#8211; A\u00f1oreta Golf Club, in memory of &#8220;Fernando Mart\u00edn Pinto&#8221; and in aid of Cudeca Cancer Care Hospice was held and exceeded expectations with a fantastic fundraising result of 35.118,05\u20ac! \u00a0 This charity event was held at the premises of [&hellip;]<\/p>\n","protected":false},"author":0,"featured_media":0,"comment_status":"open","ping_status":"open","sticky":false,"template":"","format":"standard","meta":[],"categories":[15],"tags":[],"yoast_head":"<!-- This site is optimized with the Yoast SEO plugin v19.4 - https:\/\/yoast.com\/wordpress\/plugins\/seo\/ -->\n<title>II Cudeca-A&#241;oreta Golf Tournament - Cudeca Cancer Care Hospice<\/title>\n<meta name=\"robots\" content=\"index, follow, max-snippet:-1, max-image-preview:large, max-video-preview:-1\" \/>\n<link rel=\"canonical\" href=\"https:\/\/www.cudeca.org\/en\/actualidad\/ii-cudeca-aoreta-golf-tournament\/\" \/>\n<meta property=\"og:locale\" content=\"en_US\" \/>\n<meta property=\"og:type\" content=\"article\" \/>\n<meta property=\"og:title\" content=\"II Cudeca-A&#241;oreta Golf Tournament - Cudeca Cancer Care Hospice\" \/>\n<meta property=\"og:description\" content=\"Benalm\u00e1dena, 4th May 2012 On the 25th and 26th Mayo, the II Charity Golf Tournament &#8211; A\u00f1oreta Golf Club, in memory of &#8220;Fernando Mart\u00edn Pinto&#8221; and in aid of Cudeca Cancer Care Hospice was held and exceeded expectations with a fantastic fundraising result of 35.118,05\u20ac! \u00a0 This charity event was held at the premises of [&hellip;]\" \/>\n<meta property=\"og:url\" content=\"https:\/\/www.cudeca.org\/en\/actualidad\/ii-cudeca-aoreta-golf-tournament\/\" \/>\n<meta property=\"og:site_name\" content=\"Cudeca Cancer Care Hospice\" \/>\n<meta property=\"article:publisher\" content=\"https:\/\/www.facebook.com\/AmigosDeCudeca\" \/>\n<meta property=\"article:published_time\" content=\"2012-06-26T18:00:23+00:00\" \/>\n<meta name=\"twitter:card\" content=\"summary_large_image\" \/>\n<meta name=\"twitter:creator\" content=\"@cudeca\" \/>\n<meta name=\"twitter:site\" content=\"@cudeca\" \/>\n<meta name=\"twitter:label1\" content=\"Est. reading time\" \/>\n\t<meta name=\"twitter:data1\" content=\"1 minute\" \/>\n<script type=\"application\/ld+json\" class=\"yoast-schema-graph\">{\"@context\":\"https:\/\/schema.org\",\"@graph\":[{\"@type\":\"Organization\",\"@id\":\"https:\/\/www.cudeca.org\/#organization\",\"name\":\"Fundaci\u00f3n Cudeca\",\"url\":\"https:\/\/www.cudeca.org\/\",\"sameAs\":[\"https:\/\/www.youtube.com\/c\/cudecamalaga\",\"https:\/\/www.facebook.com\/AmigosDeCudeca\",\"https:\/\/twitter.com\/cudeca\"],\"logo\":{\"@type\":\"ImageObject\",\"inLanguage\":\"en-US\",\"@id\":\"https:\/\/www.cudeca.org\/#\/schema\/logo\/image\/\",\"url\":\"https:\/\/www.cudeca.org\/wp-content\/uploads\/2018\/02\/cudeca-logo.png\",\"contentUrl\":\"https:\/\/www.cudeca.org\/wp-content\/uploads\/2018\/02\/cudeca-logo.png\",\"width\":2121,\"height\":984,\"caption\":\"Fundaci\u00f3n Cudeca\"},\"image\":{\"@id\":\"https:\/\/www.cudeca.org\/#\/schema\/logo\/image\/\"}},{\"@type\":\"WebSite\",\"@id\":\"https:\/\/www.cudeca.org\/#website\",\"url\":\"https:\/\/www.cudeca.org\/\",\"name\":\"Fundaci\u00f3n Cudeca\",\"description\":\"Cudeca Hospice\",\"publisher\":{\"@id\":\"https:\/\/www.cudeca.org\/#organization\"},\"potentialAction\":[{\"@type\":\"SearchAction\",\"target\":{\"@type\":\"EntryPoint\",\"urlTemplate\":\"https:\/\/www.cudeca.org\/?s={search_term_string}\"},\"query-input\":\"required name=search_term_string\"}],\"inLanguage\":\"en-US\"},{\"@type\":\"WebPage\",\"@id\":\"https:\/\/www.cudeca.org\/en\/actualidad\/ii-cudeca-aoreta-golf-tournament\/\",\"url\":\"https:\/\/www.cudeca.org\/en\/actualidad\/ii-cudeca-aoreta-golf-tournament\/\",\"name\":\"II Cudeca-A&#241;oreta Golf Tournament - Cudeca Cancer Care Hospice\",\"isPartOf\":{\"@id\":\"https:\/\/www.cudeca.org\/#website\"},\"datePublished\":\"2012-06-26T18:00:23+00:00\",\"dateModified\":\"2012-06-26T18:00:23+00:00\",\"breadcrumb\":{\"@id\":\"https:\/\/www.cudeca.org\/en\/actualidad\/ii-cudeca-aoreta-golf-tournament\/#breadcrumb\"},\"inLanguage\":\"en-US\",\"potentialAction\":[{\"@type\":\"ReadAction\",\"target\":[\"https:\/\/www.cudeca.org\/en\/actualidad\/ii-cudeca-aoreta-golf-tournament\/\"]}]},{\"@type\":\"BreadcrumbList\",\"@id\":\"https:\/\/www.cudeca.org\/en\/actualidad\/ii-cudeca-aoreta-golf-tournament\/#breadcrumb\",\"itemListElement\":[{\"@type\":\"ListItem\",\"position\":1,\"name\":\"Portada\",\"item\":\"https:\/\/www.cudeca.org\/\"},{\"@type\":\"ListItem\",\"position\":2,\"name\":\"II Cudeca-A&#241;oreta Golf Tournament\"}]},{\"@type\":\"Article\",\"@id\":\"https:\/\/www.cudeca.org\/en\/actualidad\/ii-cudeca-aoreta-golf-tournament\/#article\",\"isPartOf\":{\"@id\":\"https:\/\/www.cudeca.org\/en\/actualidad\/ii-cudeca-aoreta-golf-tournament\/\"},\"author\":{\"name\":\"\",\"@id\":\"\"},\"headline\":\"II Cudeca-A&#241;oreta Golf Tournament\",\"datePublished\":\"2012-06-26T18:00:23+00:00\",\"dateModified\":\"2012-06-26T18:00:23+00:00\",\"mainEntityOfPage\":{\"@id\":\"https:\/\/www.cudeca.org\/en\/actualidad\/ii-cudeca-aoreta-golf-tournament\/\"},\"wordCount\":244,\"commentCount\":0,\"publisher\":{\"@id\":\"https:\/\/www.cudeca.org\/#organization\"},\"articleSection\":[\"\"],\"inLanguage\":\"en-US\",\"potentialAction\":[{\"@type\":\"CommentAction\",\"name\":\"Comment\",\"target\":[\"https:\/\/www.cudeca.org\/en\/actualidad\/ii-cudeca-aoreta-golf-tournament\/#respond\"]}]}]}<\/script>\n<!-- \/ Yoast SEO plugin. -->","yoast_head_json":{"title":"II Cudeca-A&#241;oreta Golf Tournament - Cudeca Cancer Care Hospice","robots":{"index":"index","follow":"follow","max-snippet":"max-snippet:-1","max-image-preview":"max-image-preview:large","max-video-preview":"max-video-preview:-1"},"canonical":"https:\/\/www.cudeca.org\/en\/actualidad\/ii-cudeca-aoreta-golf-tournament\/","og_locale":"en_US","og_type":"article","og_title":"II Cudeca-A&#241;oreta Golf Tournament - Cudeca Cancer Care Hospice","og_description":"Benalm\u00e1dena, 4th May 2012 On the 25th and 26th Mayo, the II Charity Golf Tournament &#8211; A\u00f1oreta Golf Club, in memory of &#8220;Fernando Mart\u00edn Pinto&#8221; and in aid of Cudeca Cancer Care Hospice was held and exceeded expectations with a fantastic fundraising result of 35.118,05\u20ac! \u00a0 This charity event was held at the premises of [&hellip;]","og_url":"https:\/\/www.cudeca.org\/en\/actualidad\/ii-cudeca-aoreta-golf-tournament\/","og_site_name":"Cudeca Cancer Care Hospice","article_publisher":"https:\/\/www.facebook.com\/AmigosDeCudeca","article_published_time":"2012-06-26T18:00:23+00:00","twitter_card":"summary_large_image","twitter_creator":"@cudeca","twitter_site":"@cudeca","twitter_misc":{"Est. reading time":"1 minute"},"schema":{"@context":"https:\/\/schema.org","@graph":[{"@type":"Organization","@id":"https:\/\/www.cudeca.org\/#organization","name":"Fundaci\u00f3n Cudeca","url":"https:\/\/www.cudeca.org\/","sameAs":["https:\/\/www.youtube.com\/c\/cudecamalaga","https:\/\/www.facebook.com\/AmigosDeCudeca","https:\/\/twitter.com\/cudeca"],"logo":{"@type":"ImageObject","inLanguage":"en-US","@id":"https:\/\/www.cudeca.org\/#\/schema\/logo\/image\/","url":"https:\/\/www.cudeca.org\/wp-content\/uploads\/2018\/02\/cudeca-logo.png","contentUrl":"https:\/\/www.cudeca.org\/wp-content\/uploads\/2018\/02\/cudeca-logo.png","width":2121,"height":984,"caption":"Fundaci\u00f3n Cudeca"},"image":{"@id":"https:\/\/www.cudeca.org\/#\/schema\/logo\/image\/"}},{"@type":"WebSite","@id":"https:\/\/www.cudeca.org\/#website","url":"https:\/\/www.cudeca.org\/","name":"Fundaci\u00f3n Cudeca","description":"Cudeca Hospice","publisher":{"@id":"https:\/\/www.cudeca.org\/#organization"},"potentialAction":[{"@type":"SearchAction","target":{"@type":"EntryPoint","urlTemplate":"https:\/\/www.cudeca.org\/?s={search_term_string}"},"query-input":"required name=search_term_string"}],"inLanguage":"en-US"},{"@type":"WebPage","@id":"https:\/\/www.cudeca.org\/en\/actualidad\/ii-cudeca-aoreta-golf-tournament\/","url":"https:\/\/www.cudeca.org\/en\/actualidad\/ii-cudeca-aoreta-golf-tournament\/","name":"II Cudeca-A&#241;oreta Golf Tournament - Cudeca Cancer Care Hospice","isPartOf":{"@id":"https:\/\/www.cudeca.org\/#website"},"datePublished":"2012-06-26T18:00:23+00:00","dateModified":"2012-06-26T18:00:23+00:00","breadcrumb":{"@id":"https:\/\/www.cudeca.org\/en\/actualidad\/ii-cudeca-aoreta-golf-tournament\/#breadcrumb"},"inLanguage":"en-US","potentialAction":[{"@type":"ReadAction","target":["https:\/\/www.cudeca.org\/en\/actualidad\/ii-cudeca-aoreta-golf-tournament\/"]}]},{"@type":"BreadcrumbList","@id":"https:\/\/www.cudeca.org\/en\/actualidad\/ii-cudeca-aoreta-golf-tournament\/#breadcrumb","itemListElement":[{"@type":"ListItem","position":1,"name":"Portada","item":"https:\/\/www.cudeca.org\/"},{"@type":"ListItem","position":2,"name":"II Cudeca-A&#241;oreta Golf Tournament"}]},{"@type":"Article","@id":"https:\/\/www.cudeca.org\/en\/actualidad\/ii-cudeca-aoreta-golf-tournament\/#article","isPartOf":{"@id":"https:\/\/www.cudeca.org\/en\/actualidad\/ii-cudeca-aoreta-golf-tournament\/"},"author":{"name":"","@id":""},"headline":"II Cudeca-A&#241;oreta Golf Tournament","datePublished":"2012-06-26T18:00:23+00:00","dateModified":"2012-06-26T18:00:23+00:00","mainEntityOfPage":{"@id":"https:\/\/www.cudeca.org\/en\/actualidad\/ii-cudeca-aoreta-golf-tournament\/"},"wordCount":244,"commentCount":0,"publisher":{"@id":"https:\/\/www.cudeca.org\/#organization"},"articleSection":[""],"inLanguage":"en-US","potentialAction":[{"@type":"CommentAction","name":"Comment","target":["https:\/\/www.cudeca.org\/en\/actualidad\/ii-cudeca-aoreta-golf-tournament\/#respond"]}]}]}},"_links":{"self":[{"href":"https:\/\/www.cudeca.org\/en\/wp-json\/wp\/v2\/posts\/16127"}],"collection":[{"href":"https:\/\/www.cudeca.org\/en\/wp-json\/wp\/v2\/posts"}],"about":[{"href":"https:\/\/www.cudeca.org\/en\/wp-json\/wp\/v2\/types\/post"}],"replies":[{"embeddable":true,"href":"https:\/\/www.cudeca.org\/en\/wp-json\/wp\/v2\/comments?post=16127"}],"version-history":[{"count":0,"href":"https:\/\/www.cudeca.org\/en\/wp-json\/wp\/v2\/posts\/16127\/revisions"}],"wp:attachment":[{"href":"https:\/\/www.cudeca.org\/en\/wp-json\/wp\/v2\/media?parent=16127"}],"wp:term":[{"taxonomy":"category","embeddable":true,"href":"https:\/\/www.cudeca.org\/en\/wp-json\/wp\/v2\/categories?post=16127"},{"taxonomy":"post_tag","embeddable":true,"href":"https:\/\/www.cudeca.org\/en\/wp-json\/wp\/v2\/tags?post=16127"}],"curies":[{"name":"wp","href":"https:\/\/api.w.org\/{rel}","templated":true}]}}