{"id":16120,"date":"2012-04-23T18:00:13","date_gmt":"2012-04-23T18:00:13","guid":{"rendered":"https:\/\/www.cudeca.org\/actualidad\/mijas-comunicacin-signs-a-charity-colaboration-agreement-for-cudeca\/"},"modified":"2012-04-23T18:00:13","modified_gmt":"2012-04-23T18:00:13","slug":"mijas-comunicacin-signs-a-charity-colaboration-agreement-for-cudeca","status":"publish","type":"post","link":"https:\/\/www.cudeca.org\/en\/actualidad\/mijas-comunicacin-signs-a-charity-colaboration-agreement-for-cudeca\/","title":{"rendered":"Mijas Comunicaci&#243;n signs a Charity Colaboration Agreement for Cudeca"},"content":{"rendered":"<p><\/p>\n<div id=\"notCuerpo\">\n<div>  \t<strong>Benalm\u00e1dena, 23 de abril de 2012<\/strong><\/div>\n<div>  \t\u00a0<\/div>\n<div>  \tToday a charity agreement was signed between Mijas Communication S.A. and Cudeca Cancer Care Hospice to help continue with the Special Kind of Caring.\u00a0<\/div>\n<div>  \t\u00a0<\/div>\n<div>  \tThe event took place in the Cudeca charity coffee and gift shop, known as Qdkaf\u00e9, and was attended by D\u00f1a. Pilar Conde Cibr\u00e1n, CEO of Mijas Communication; D. Carlos Calvo, Director of Mijas Communication and on behalf of Cudeca, the Chief Executive and Medical Director, D\u00f1a. Marisa Martin; and the Deputy Chief Executive-Financial Director, D. Rafael Olalla.<\/div>\n<div>  \t\u00a0<\/div>\n<div>  \tThanks to this agreement, Mijas Communication will help to publicise the awareness and fundraising campaigns organized by Cudeca throughout the year, which will be advertised on \u201c340 TV\u201d, \u201cRadio Mijas\u201d and \u201cMijas Semanal\u201d;<\/div>\n<div>  \t\u2022 Cudeca\u2019s Special 20th Anniversary 1992-2012\u00a0<\/div>\n<div>  \t\u2022 Become a Benefactor Campaign<\/div>\n<div>  \t\u2022 &#8220;Walkathon&#8221; Sponsored Charity Walk\u00a0<\/div>\n<div>  \t\u2022 Cudeca Annual Gala Dinner\u00a0<\/div>\n<div>  \t\u2022 Recruitment of Volunteers<\/div>\n<div>  \t\u2022 Charity Shops<\/div>\n<div>  \t\u2022 Restaurant \u2013 Charity coffee and gift shop &#8211; Qdkaf\u00e9<\/div>\n<div>  \t\u2022 Sporting and cultural events held in aid of Cudeca\u00a0<\/div>\n<div>  \tThe friendship and collaboration of Mijas Communication SA, is vital for Cudeca to continue Giving Life to Days to those who need us now and in the future.<\/div>\n<div>  \t\u00a0<\/div>\n<div>  \tThanks for helping us to continue Giving Life to Days<\/div>\n<div>  \t\u00a0<\/div>\n<div>  \t\u00a0<\/div><\/div>\n<p><\/p>","protected":false},"excerpt":{"rendered":"<p>Benalm\u00e1dena, 23 de abril de 2012 \u00a0 Today a charity agreement was signed between Mijas Communication S.A. and Cudeca Cancer Care Hospice to help continue with the Special Kind of Caring.\u00a0 \u00a0 The event took place in the Cudeca charity coffee and gift shop, known as Qdkaf\u00e9, and was attended by D\u00f1a. Pilar Conde Cibr\u00e1n, [&hellip;]<\/p>\n","protected":false},"author":0,"featured_media":0,"comment_status":"open","ping_status":"open","sticky":false,"template":"","format":"standard","meta":[],"categories":[15],"tags":[],"yoast_head":"<!-- This site is optimized with the Yoast SEO plugin v19.4 - https:\/\/yoast.com\/wordpress\/plugins\/seo\/ -->\n<title>Mijas Comunicaci&#243;n signs a Charity Colaboration Agreement for Cudeca - Cudeca Cancer Care Hospice<\/title>\n<meta name=\"robots\" content=\"index, follow, max-snippet:-1, max-image-preview:large, max-video-preview:-1\" \/>\n<link rel=\"canonical\" href=\"https:\/\/www.cudeca.org\/actualidad\/mijas-comunicacin-signs-a-charity-colaboration-agreement-for-cudeca\/\" \/>\n<meta property=\"og:locale\" content=\"en_US\" \/>\n<meta property=\"og:type\" content=\"article\" \/>\n<meta property=\"og:title\" content=\"Mijas Comunicaci&#243;n signs a Charity Colaboration Agreement for Cudeca - Cudeca Cancer Care Hospice\" \/>\n<meta property=\"og:description\" content=\"Benalm\u00e1dena, 23 de abril de 2012 \u00a0 Today a charity agreement was signed between Mijas Communication S.A. and Cudeca Cancer Care Hospice to help continue with the Special Kind of Caring.\u00a0 \u00a0 The event took place in the Cudeca charity coffee and gift shop, known as Qdkaf\u00e9, and was attended by D\u00f1a. Pilar Conde Cibr\u00e1n, [&hellip;]\" \/>\n<meta property=\"og:url\" content=\"https:\/\/www.cudeca.org\/actualidad\/mijas-comunicacin-signs-a-charity-colaboration-agreement-for-cudeca\/\" \/>\n<meta property=\"og:site_name\" content=\"Cudeca Cancer Care Hospice\" \/>\n<meta property=\"article:publisher\" content=\"https:\/\/www.facebook.com\/AmigosDeCudeca\" \/>\n<meta property=\"article:published_time\" content=\"2012-04-23T18:00:13+00:00\" \/>\n<meta name=\"twitter:card\" content=\"summary_large_image\" \/>\n<meta name=\"twitter:creator\" content=\"@cudeca\" \/>\n<meta name=\"twitter:site\" content=\"@cudeca\" \/>\n<meta name=\"twitter:label1\" content=\"Est. reading time\" \/>\n\t<meta name=\"twitter:data1\" content=\"1 minute\" \/>\n<script type=\"application\/ld+json\" class=\"yoast-schema-graph\">{\"@context\":\"https:\/\/schema.org\",\"@graph\":[{\"@type\":\"Organization\",\"@id\":\"https:\/\/www.cudeca.org\/#organization\",\"name\":\"Fundaci\u00f3n Cudeca\",\"url\":\"https:\/\/www.cudeca.org\/\",\"sameAs\":[\"https:\/\/www.youtube.com\/c\/cudecamalaga\",\"https:\/\/www.facebook.com\/AmigosDeCudeca\",\"https:\/\/twitter.com\/cudeca\"],\"logo\":{\"@type\":\"ImageObject\",\"inLanguage\":\"en-US\",\"@id\":\"https:\/\/www.cudeca.org\/#\/schema\/logo\/image\/\",\"url\":\"https:\/\/www.cudeca.org\/wp-content\/uploads\/2018\/02\/cudeca-logo.png\",\"contentUrl\":\"https:\/\/www.cudeca.org\/wp-content\/uploads\/2018\/02\/cudeca-logo.png\",\"width\":2121,\"height\":984,\"caption\":\"Fundaci\u00f3n Cudeca\"},\"image\":{\"@id\":\"https:\/\/www.cudeca.org\/#\/schema\/logo\/image\/\"}},{\"@type\":\"WebSite\",\"@id\":\"https:\/\/www.cudeca.org\/#website\",\"url\":\"https:\/\/www.cudeca.org\/\",\"name\":\"Fundaci\u00f3n Cudeca\",\"description\":\"Cudeca Hospice\",\"publisher\":{\"@id\":\"https:\/\/www.cudeca.org\/#organization\"},\"potentialAction\":[{\"@type\":\"SearchAction\",\"target\":{\"@type\":\"EntryPoint\",\"urlTemplate\":\"https:\/\/www.cudeca.org\/?s={search_term_string}\"},\"query-input\":\"required name=search_term_string\"}],\"inLanguage\":\"en-US\"},{\"@type\":\"WebPage\",\"@id\":\"https:\/\/www.cudeca.org\/actualidad\/mijas-comunicacin-signs-a-charity-colaboration-agreement-for-cudeca\/\",\"url\":\"https:\/\/www.cudeca.org\/actualidad\/mijas-comunicacin-signs-a-charity-colaboration-agreement-for-cudeca\/\",\"name\":\"Mijas Comunicaci&#243;n signs a Charity Colaboration Agreement for Cudeca - Cudeca Cancer Care Hospice\",\"isPartOf\":{\"@id\":\"https:\/\/www.cudeca.org\/#website\"},\"datePublished\":\"2012-04-23T18:00:13+00:00\",\"dateModified\":\"2012-04-23T18:00:13+00:00\",\"breadcrumb\":{\"@id\":\"https:\/\/www.cudeca.org\/actualidad\/mijas-comunicacin-signs-a-charity-colaboration-agreement-for-cudeca\/#breadcrumb\"},\"inLanguage\":\"en-US\",\"potentialAction\":[{\"@type\":\"ReadAction\",\"target\":[\"https:\/\/www.cudeca.org\/actualidad\/mijas-comunicacin-signs-a-charity-colaboration-agreement-for-cudeca\/\"]}]},{\"@type\":\"BreadcrumbList\",\"@id\":\"https:\/\/www.cudeca.org\/actualidad\/mijas-comunicacin-signs-a-charity-colaboration-agreement-for-cudeca\/#breadcrumb\",\"itemListElement\":[{\"@type\":\"ListItem\",\"position\":1,\"name\":\"Portada\",\"item\":\"https:\/\/www.cudeca.org\/\"},{\"@type\":\"ListItem\",\"position\":2,\"name\":\"Mijas Comunicaci&#243;n signs a Charity Colaboration Agreement for Cudeca\"}]},{\"@type\":\"Article\",\"@id\":\"https:\/\/www.cudeca.org\/actualidad\/mijas-comunicacin-signs-a-charity-colaboration-agreement-for-cudeca\/#article\",\"isPartOf\":{\"@id\":\"https:\/\/www.cudeca.org\/actualidad\/mijas-comunicacin-signs-a-charity-colaboration-agreement-for-cudeca\/\"},\"author\":{\"name\":\"\",\"@id\":\"\"},\"headline\":\"Mijas Comunicaci&#243;n signs a Charity Colaboration Agreement for Cudeca\",\"datePublished\":\"2012-04-23T18:00:13+00:00\",\"dateModified\":\"2012-04-23T18:00:13+00:00\",\"mainEntityOfPage\":{\"@id\":\"https:\/\/www.cudeca.org\/actualidad\/mijas-comunicacin-signs-a-charity-colaboration-agreement-for-cudeca\/\"},\"wordCount\":212,\"commentCount\":0,\"publisher\":{\"@id\":\"https:\/\/www.cudeca.org\/#organization\"},\"articleSection\":[\"\"],\"inLanguage\":\"en-US\",\"potentialAction\":[{\"@type\":\"CommentAction\",\"name\":\"Comment\",\"target\":[\"https:\/\/www.cudeca.org\/actualidad\/mijas-comunicacin-signs-a-charity-colaboration-agreement-for-cudeca\/#respond\"]}]}]}<\/script>\n<!-- \/ Yoast SEO plugin. -->","yoast_head_json":{"title":"Mijas Comunicaci&#243;n signs a Charity Colaboration Agreement for Cudeca - Cudeca Cancer Care Hospice","robots":{"index":"index","follow":"follow","max-snippet":"max-snippet:-1","max-image-preview":"max-image-preview:large","max-video-preview":"max-video-preview:-1"},"canonical":"https:\/\/www.cudeca.org\/actualidad\/mijas-comunicacin-signs-a-charity-colaboration-agreement-for-cudeca\/","og_locale":"en_US","og_type":"article","og_title":"Mijas Comunicaci&#243;n signs a Charity Colaboration Agreement for Cudeca - Cudeca Cancer Care Hospice","og_description":"Benalm\u00e1dena, 23 de abril de 2012 \u00a0 Today a charity agreement was signed between Mijas Communication S.A. and Cudeca Cancer Care Hospice to help continue with the Special Kind of Caring.\u00a0 \u00a0 The event took place in the Cudeca charity coffee and gift shop, known as Qdkaf\u00e9, and was attended by D\u00f1a. Pilar Conde Cibr\u00e1n, [&hellip;]","og_url":"https:\/\/www.cudeca.org\/actualidad\/mijas-comunicacin-signs-a-charity-colaboration-agreement-for-cudeca\/","og_site_name":"Cudeca Cancer Care Hospice","article_publisher":"https:\/\/www.facebook.com\/AmigosDeCudeca","article_published_time":"2012-04-23T18:00:13+00:00","twitter_card":"summary_large_image","twitter_creator":"@cudeca","twitter_site":"@cudeca","twitter_misc":{"Est. reading time":"1 minute"},"schema":{"@context":"https:\/\/schema.org","@graph":[{"@type":"Organization","@id":"https:\/\/www.cudeca.org\/#organization","name":"Fundaci\u00f3n Cudeca","url":"https:\/\/www.cudeca.org\/","sameAs":["https:\/\/www.youtube.com\/c\/cudecamalaga","https:\/\/www.facebook.com\/AmigosDeCudeca","https:\/\/twitter.com\/cudeca"],"logo":{"@type":"ImageObject","inLanguage":"en-US","@id":"https:\/\/www.cudeca.org\/#\/schema\/logo\/image\/","url":"https:\/\/www.cudeca.org\/wp-content\/uploads\/2018\/02\/cudeca-logo.png","contentUrl":"https:\/\/www.cudeca.org\/wp-content\/uploads\/2018\/02\/cudeca-logo.png","width":2121,"height":984,"caption":"Fundaci\u00f3n Cudeca"},"image":{"@id":"https:\/\/www.cudeca.org\/#\/schema\/logo\/image\/"}},{"@type":"WebSite","@id":"https:\/\/www.cudeca.org\/#website","url":"https:\/\/www.cudeca.org\/","name":"Fundaci\u00f3n Cudeca","description":"Cudeca Hospice","publisher":{"@id":"https:\/\/www.cudeca.org\/#organization"},"potentialAction":[{"@type":"SearchAction","target":{"@type":"EntryPoint","urlTemplate":"https:\/\/www.cudeca.org\/?s={search_term_string}"},"query-input":"required name=search_term_string"}],"inLanguage":"en-US"},{"@type":"WebPage","@id":"https:\/\/www.cudeca.org\/actualidad\/mijas-comunicacin-signs-a-charity-colaboration-agreement-for-cudeca\/","url":"https:\/\/www.cudeca.org\/actualidad\/mijas-comunicacin-signs-a-charity-colaboration-agreement-for-cudeca\/","name":"Mijas Comunicaci&#243;n signs a Charity Colaboration Agreement for Cudeca - Cudeca Cancer Care Hospice","isPartOf":{"@id":"https:\/\/www.cudeca.org\/#website"},"datePublished":"2012-04-23T18:00:13+00:00","dateModified":"2012-04-23T18:00:13+00:00","breadcrumb":{"@id":"https:\/\/www.cudeca.org\/actualidad\/mijas-comunicacin-signs-a-charity-colaboration-agreement-for-cudeca\/#breadcrumb"},"inLanguage":"en-US","potentialAction":[{"@type":"ReadAction","target":["https:\/\/www.cudeca.org\/actualidad\/mijas-comunicacin-signs-a-charity-colaboration-agreement-for-cudeca\/"]}]},{"@type":"BreadcrumbList","@id":"https:\/\/www.cudeca.org\/actualidad\/mijas-comunicacin-signs-a-charity-colaboration-agreement-for-cudeca\/#breadcrumb","itemListElement":[{"@type":"ListItem","position":1,"name":"Portada","item":"https:\/\/www.cudeca.org\/"},{"@type":"ListItem","position":2,"name":"Mijas Comunicaci&#243;n signs a Charity Colaboration Agreement for Cudeca"}]},{"@type":"Article","@id":"https:\/\/www.cudeca.org\/actualidad\/mijas-comunicacin-signs-a-charity-colaboration-agreement-for-cudeca\/#article","isPartOf":{"@id":"https:\/\/www.cudeca.org\/actualidad\/mijas-comunicacin-signs-a-charity-colaboration-agreement-for-cudeca\/"},"author":{"name":"","@id":""},"headline":"Mijas Comunicaci&#243;n signs a Charity Colaboration Agreement for Cudeca","datePublished":"2012-04-23T18:00:13+00:00","dateModified":"2012-04-23T18:00:13+00:00","mainEntityOfPage":{"@id":"https:\/\/www.cudeca.org\/actualidad\/mijas-comunicacin-signs-a-charity-colaboration-agreement-for-cudeca\/"},"wordCount":212,"commentCount":0,"publisher":{"@id":"https:\/\/www.cudeca.org\/#organization"},"articleSection":[""],"inLanguage":"en-US","potentialAction":[{"@type":"CommentAction","name":"Comment","target":["https:\/\/www.cudeca.org\/actualidad\/mijas-comunicacin-signs-a-charity-colaboration-agreement-for-cudeca\/#respond"]}]}]}},"_links":{"self":[{"href":"https:\/\/www.cudeca.org\/en\/wp-json\/wp\/v2\/posts\/16120"}],"collection":[{"href":"https:\/\/www.cudeca.org\/en\/wp-json\/wp\/v2\/posts"}],"about":[{"href":"https:\/\/www.cudeca.org\/en\/wp-json\/wp\/v2\/types\/post"}],"replies":[{"embeddable":true,"href":"https:\/\/www.cudeca.org\/en\/wp-json\/wp\/v2\/comments?post=16120"}],"version-history":[{"count":0,"href":"https:\/\/www.cudeca.org\/en\/wp-json\/wp\/v2\/posts\/16120\/revisions"}],"wp:attachment":[{"href":"https:\/\/www.cudeca.org\/en\/wp-json\/wp\/v2\/media?parent=16120"}],"wp:term":[{"taxonomy":"category","embeddable":true,"href":"https:\/\/www.cudeca.org\/en\/wp-json\/wp\/v2\/categories?post=16120"},{"taxonomy":"post_tag","embeddable":true,"href":"https:\/\/www.cudeca.org\/en\/wp-json\/wp\/v2\/tags?post=16120"}],"curies":[{"name":"wp","href":"https:\/\/api.w.org\/{rel}","templated":true}]}}