{"id":16070,"date":"2011-04-19T17:45:18","date_gmt":"2011-04-19T17:45:18","guid":{"rendered":"https:\/\/www.cudeca.org\/actualidad\/1st-aoreta-golf-tournament-in-aid-of-cudeca\/"},"modified":"2011-04-19T17:45:18","modified_gmt":"2011-04-19T17:45:18","slug":"1st-aoreta-golf-tournament-in-aid-of-cudeca","status":"publish","type":"post","link":"https:\/\/www.cudeca.org\/en\/actualidad\/1st-aoreta-golf-tournament-in-aid-of-cudeca\/","title":{"rendered":"1st A&#241;oreta Golf Tournament in aid of Cudeca"},"content":{"rendered":"<p><\/p>\n<div id=\"notCuerpo\">\n<div>  \t<strong>Benalm\u00e1dena, 18th April 2011<\/strong><\/div>\n<div>  \tA press release was held on the 15th April, in the Board Room of the Rinc\u00f3n de la Victoria Town Hall, with the objective of presenting the 1st A\u00f1oreta Golf Tournament in aid of Cudeca Cancer Care Hospice.<\/div>\n<div>  \t\u00a0<\/div>\n<div>  \tThe 1st A\u00f1oreta Golf Tournament for Cudeca will be held on the 7th of May, 2011, at the A\u00f1oreta Golf Course which will be attended by a Committee of Honour, formed by Joan Hunt, President of the Cudeca Foundation; the Hon. Salvador Pend\u00f3n Mu\u00f1oz, President of the Local Government at Malaga; Angel de la Riva G\u00f3mez, professional golfer; Juan Quir\u00f3s Segura, professional golfer and once again, we have the help of Antonio Banderas, Trustee of the Brotherhood Fundaci\u00f3n L\u00e1grimas y Favores and collaborator of the Cudeca Hospice.<\/div>\n<div>  \t\u00a0<\/div>\n<div>  \tThe tournament will last all day with live activities, catering and a special presentation of prizes by our friend Domi del Postigo, who is always willing to support Cudeca in its work of adding life to the days of our patients suffering from advanced cancer and offering support to their families. There is an interesting list of prizes for this charity event, including a Peugeot 125 Scooter, sponsored by Peugeot Motos Espa\u00f1a, and a Mediterranean cruise for 2 people donated by Royal Caribbean. Apart from these prizes, there will be a draw of the different gifts kindly donated by the various sponsors and supporters.<\/div>\n<div>  \t\u00a0<\/div>\n<div>  \tThe artist Eugenio de la Torre has designed and made the trophies to be presented to the winners, being unique trophies designed specially for this charity event.<\/div>\n<div>  \t\u00a0<\/div>\n<div>  \tThose present at the press release were the Mayoress of Rinc\u00f3n de la Victoria, the Hon. Mar\u00eda Encarnaci\u00f3n Anaya Jim\u00e9nez, the Assistant Mayor, Jos\u00e9 Rodr\u00edguez, the President of A\u00f1oreta Golf Club Jos\u00e9 Luis Larrea Acebal, Fernando Pinto Mart\u00edn the Tournament organiser and Marisa Mart\u00edn Rosello, Chief Executive and Medical Director of Cudeca Cancer Care Hospice, amongst other friends and supporters.<\/div>\n<div>  \t\u00a0<\/div>\n<div>  \tCudeca is sincerely grateful to the organising committee, the committee of honour and A\u00f1oreta Golf for their support and collaboration.<br \/>  \t\u00a0<\/div><\/div>\n<p><\/p>","protected":false},"excerpt":{"rendered":"<p>Benalm\u00e1dena, 18th April 2011 A press release was held on the 15th April, in the Board Room of the Rinc\u00f3n de la Victoria Town Hall, with the objective of presenting the 1st A\u00f1oreta Golf Tournament in aid of Cudeca Cancer Care Hospice. \u00a0 The 1st A\u00f1oreta Golf Tournament for Cudeca will be held on the [&hellip;]<\/p>\n","protected":false},"author":0,"featured_media":0,"comment_status":"open","ping_status":"open","sticky":false,"template":"","format":"standard","meta":[],"categories":[15],"tags":[],"yoast_head":"<!-- This site is optimized with the Yoast SEO plugin v19.4 - https:\/\/yoast.com\/wordpress\/plugins\/seo\/ -->\n<title>1st A&#241;oreta Golf Tournament in aid of Cudeca - Cudeca Cancer Care Hospice<\/title>\n<meta name=\"robots\" content=\"index, follow, max-snippet:-1, max-image-preview:large, max-video-preview:-1\" \/>\n<link rel=\"canonical\" href=\"https:\/\/www.cudeca.org\/en\/actualidad\/1st-aoreta-golf-tournament-in-aid-of-cudeca\/\" \/>\n<meta property=\"og:locale\" content=\"en_US\" \/>\n<meta property=\"og:type\" content=\"article\" \/>\n<meta property=\"og:title\" content=\"1st A&#241;oreta Golf Tournament in aid of Cudeca - Cudeca Cancer Care Hospice\" \/>\n<meta property=\"og:description\" content=\"Benalm\u00e1dena, 18th April 2011 A press release was held on the 15th April, in the Board Room of the Rinc\u00f3n de la Victoria Town Hall, with the objective of presenting the 1st A\u00f1oreta Golf Tournament in aid of Cudeca Cancer Care Hospice. \u00a0 The 1st A\u00f1oreta Golf Tournament for Cudeca will be held on the [&hellip;]\" \/>\n<meta property=\"og:url\" content=\"https:\/\/www.cudeca.org\/en\/actualidad\/1st-aoreta-golf-tournament-in-aid-of-cudeca\/\" \/>\n<meta property=\"og:site_name\" content=\"Cudeca Cancer Care Hospice\" \/>\n<meta property=\"article:publisher\" content=\"https:\/\/www.facebook.com\/AmigosDeCudeca\" \/>\n<meta property=\"article:published_time\" content=\"2011-04-19T17:45:18+00:00\" \/>\n<meta name=\"twitter:card\" content=\"summary_large_image\" \/>\n<meta name=\"twitter:creator\" content=\"@cudeca\" \/>\n<meta name=\"twitter:site\" content=\"@cudeca\" \/>\n<meta name=\"twitter:label1\" content=\"Est. reading time\" \/>\n\t<meta name=\"twitter:data1\" content=\"2 minutes\" \/>\n<script type=\"application\/ld+json\" class=\"yoast-schema-graph\">{\"@context\":\"https:\/\/schema.org\",\"@graph\":[{\"@type\":\"Organization\",\"@id\":\"https:\/\/www.cudeca.org\/#organization\",\"name\":\"Fundaci\u00f3n Cudeca\",\"url\":\"https:\/\/www.cudeca.org\/\",\"sameAs\":[\"https:\/\/www.youtube.com\/c\/cudecamalaga\",\"https:\/\/www.facebook.com\/AmigosDeCudeca\",\"https:\/\/twitter.com\/cudeca\"],\"logo\":{\"@type\":\"ImageObject\",\"inLanguage\":\"en-US\",\"@id\":\"https:\/\/www.cudeca.org\/#\/schema\/logo\/image\/\",\"url\":\"https:\/\/www.cudeca.org\/wp-content\/uploads\/2018\/02\/cudeca-logo.png\",\"contentUrl\":\"https:\/\/www.cudeca.org\/wp-content\/uploads\/2018\/02\/cudeca-logo.png\",\"width\":2121,\"height\":984,\"caption\":\"Fundaci\u00f3n Cudeca\"},\"image\":{\"@id\":\"https:\/\/www.cudeca.org\/#\/schema\/logo\/image\/\"}},{\"@type\":\"WebSite\",\"@id\":\"https:\/\/www.cudeca.org\/#website\",\"url\":\"https:\/\/www.cudeca.org\/\",\"name\":\"Fundaci\u00f3n Cudeca\",\"description\":\"Cudeca Hospice\",\"publisher\":{\"@id\":\"https:\/\/www.cudeca.org\/#organization\"},\"potentialAction\":[{\"@type\":\"SearchAction\",\"target\":{\"@type\":\"EntryPoint\",\"urlTemplate\":\"https:\/\/www.cudeca.org\/?s={search_term_string}\"},\"query-input\":\"required name=search_term_string\"}],\"inLanguage\":\"en-US\"},{\"@type\":\"WebPage\",\"@id\":\"https:\/\/www.cudeca.org\/en\/actualidad\/1st-aoreta-golf-tournament-in-aid-of-cudeca\/\",\"url\":\"https:\/\/www.cudeca.org\/en\/actualidad\/1st-aoreta-golf-tournament-in-aid-of-cudeca\/\",\"name\":\"1st A&#241;oreta Golf Tournament in aid of Cudeca - Cudeca Cancer Care Hospice\",\"isPartOf\":{\"@id\":\"https:\/\/www.cudeca.org\/#website\"},\"datePublished\":\"2011-04-19T17:45:18+00:00\",\"dateModified\":\"2011-04-19T17:45:18+00:00\",\"breadcrumb\":{\"@id\":\"https:\/\/www.cudeca.org\/en\/actualidad\/1st-aoreta-golf-tournament-in-aid-of-cudeca\/#breadcrumb\"},\"inLanguage\":\"en-US\",\"potentialAction\":[{\"@type\":\"ReadAction\",\"target\":[\"https:\/\/www.cudeca.org\/en\/actualidad\/1st-aoreta-golf-tournament-in-aid-of-cudeca\/\"]}]},{\"@type\":\"BreadcrumbList\",\"@id\":\"https:\/\/www.cudeca.org\/en\/actualidad\/1st-aoreta-golf-tournament-in-aid-of-cudeca\/#breadcrumb\",\"itemListElement\":[{\"@type\":\"ListItem\",\"position\":1,\"name\":\"Portada\",\"item\":\"https:\/\/www.cudeca.org\/\"},{\"@type\":\"ListItem\",\"position\":2,\"name\":\"1st A&#241;oreta Golf Tournament in aid of Cudeca\"}]},{\"@type\":\"Article\",\"@id\":\"https:\/\/www.cudeca.org\/en\/actualidad\/1st-aoreta-golf-tournament-in-aid-of-cudeca\/#article\",\"isPartOf\":{\"@id\":\"https:\/\/www.cudeca.org\/en\/actualidad\/1st-aoreta-golf-tournament-in-aid-of-cudeca\/\"},\"author\":{\"name\":\"\",\"@id\":\"\"},\"headline\":\"1st A&#241;oreta Golf Tournament in aid of Cudeca\",\"datePublished\":\"2011-04-19T17:45:18+00:00\",\"dateModified\":\"2011-04-19T17:45:18+00:00\",\"mainEntityOfPage\":{\"@id\":\"https:\/\/www.cudeca.org\/en\/actualidad\/1st-aoreta-golf-tournament-in-aid-of-cudeca\/\"},\"wordCount\":368,\"commentCount\":0,\"publisher\":{\"@id\":\"https:\/\/www.cudeca.org\/#organization\"},\"articleSection\":[\"\"],\"inLanguage\":\"en-US\",\"potentialAction\":[{\"@type\":\"CommentAction\",\"name\":\"Comment\",\"target\":[\"https:\/\/www.cudeca.org\/en\/actualidad\/1st-aoreta-golf-tournament-in-aid-of-cudeca\/#respond\"]}]}]}<\/script>\n<!-- \/ Yoast SEO plugin. -->","yoast_head_json":{"title":"1st A&#241;oreta Golf Tournament in aid of Cudeca - Cudeca Cancer Care Hospice","robots":{"index":"index","follow":"follow","max-snippet":"max-snippet:-1","max-image-preview":"max-image-preview:large","max-video-preview":"max-video-preview:-1"},"canonical":"https:\/\/www.cudeca.org\/en\/actualidad\/1st-aoreta-golf-tournament-in-aid-of-cudeca\/","og_locale":"en_US","og_type":"article","og_title":"1st A&#241;oreta Golf Tournament in aid of Cudeca - Cudeca Cancer Care Hospice","og_description":"Benalm\u00e1dena, 18th April 2011 A press release was held on the 15th April, in the Board Room of the Rinc\u00f3n de la Victoria Town Hall, with the objective of presenting the 1st A\u00f1oreta Golf Tournament in aid of Cudeca Cancer Care Hospice. \u00a0 The 1st A\u00f1oreta Golf Tournament for Cudeca will be held on the [&hellip;]","og_url":"https:\/\/www.cudeca.org\/en\/actualidad\/1st-aoreta-golf-tournament-in-aid-of-cudeca\/","og_site_name":"Cudeca Cancer Care Hospice","article_publisher":"https:\/\/www.facebook.com\/AmigosDeCudeca","article_published_time":"2011-04-19T17:45:18+00:00","twitter_card":"summary_large_image","twitter_creator":"@cudeca","twitter_site":"@cudeca","twitter_misc":{"Est. reading time":"2 minutes"},"schema":{"@context":"https:\/\/schema.org","@graph":[{"@type":"Organization","@id":"https:\/\/www.cudeca.org\/#organization","name":"Fundaci\u00f3n Cudeca","url":"https:\/\/www.cudeca.org\/","sameAs":["https:\/\/www.youtube.com\/c\/cudecamalaga","https:\/\/www.facebook.com\/AmigosDeCudeca","https:\/\/twitter.com\/cudeca"],"logo":{"@type":"ImageObject","inLanguage":"en-US","@id":"https:\/\/www.cudeca.org\/#\/schema\/logo\/image\/","url":"https:\/\/www.cudeca.org\/wp-content\/uploads\/2018\/02\/cudeca-logo.png","contentUrl":"https:\/\/www.cudeca.org\/wp-content\/uploads\/2018\/02\/cudeca-logo.png","width":2121,"height":984,"caption":"Fundaci\u00f3n Cudeca"},"image":{"@id":"https:\/\/www.cudeca.org\/#\/schema\/logo\/image\/"}},{"@type":"WebSite","@id":"https:\/\/www.cudeca.org\/#website","url":"https:\/\/www.cudeca.org\/","name":"Fundaci\u00f3n Cudeca","description":"Cudeca Hospice","publisher":{"@id":"https:\/\/www.cudeca.org\/#organization"},"potentialAction":[{"@type":"SearchAction","target":{"@type":"EntryPoint","urlTemplate":"https:\/\/www.cudeca.org\/?s={search_term_string}"},"query-input":"required name=search_term_string"}],"inLanguage":"en-US"},{"@type":"WebPage","@id":"https:\/\/www.cudeca.org\/en\/actualidad\/1st-aoreta-golf-tournament-in-aid-of-cudeca\/","url":"https:\/\/www.cudeca.org\/en\/actualidad\/1st-aoreta-golf-tournament-in-aid-of-cudeca\/","name":"1st A&#241;oreta Golf Tournament in aid of Cudeca - Cudeca Cancer Care Hospice","isPartOf":{"@id":"https:\/\/www.cudeca.org\/#website"},"datePublished":"2011-04-19T17:45:18+00:00","dateModified":"2011-04-19T17:45:18+00:00","breadcrumb":{"@id":"https:\/\/www.cudeca.org\/en\/actualidad\/1st-aoreta-golf-tournament-in-aid-of-cudeca\/#breadcrumb"},"inLanguage":"en-US","potentialAction":[{"@type":"ReadAction","target":["https:\/\/www.cudeca.org\/en\/actualidad\/1st-aoreta-golf-tournament-in-aid-of-cudeca\/"]}]},{"@type":"BreadcrumbList","@id":"https:\/\/www.cudeca.org\/en\/actualidad\/1st-aoreta-golf-tournament-in-aid-of-cudeca\/#breadcrumb","itemListElement":[{"@type":"ListItem","position":1,"name":"Portada","item":"https:\/\/www.cudeca.org\/"},{"@type":"ListItem","position":2,"name":"1st A&#241;oreta Golf Tournament in aid of Cudeca"}]},{"@type":"Article","@id":"https:\/\/www.cudeca.org\/en\/actualidad\/1st-aoreta-golf-tournament-in-aid-of-cudeca\/#article","isPartOf":{"@id":"https:\/\/www.cudeca.org\/en\/actualidad\/1st-aoreta-golf-tournament-in-aid-of-cudeca\/"},"author":{"name":"","@id":""},"headline":"1st A&#241;oreta Golf Tournament in aid of Cudeca","datePublished":"2011-04-19T17:45:18+00:00","dateModified":"2011-04-19T17:45:18+00:00","mainEntityOfPage":{"@id":"https:\/\/www.cudeca.org\/en\/actualidad\/1st-aoreta-golf-tournament-in-aid-of-cudeca\/"},"wordCount":368,"commentCount":0,"publisher":{"@id":"https:\/\/www.cudeca.org\/#organization"},"articleSection":[""],"inLanguage":"en-US","potentialAction":[{"@type":"CommentAction","name":"Comment","target":["https:\/\/www.cudeca.org\/en\/actualidad\/1st-aoreta-golf-tournament-in-aid-of-cudeca\/#respond"]}]}]}},"_links":{"self":[{"href":"https:\/\/www.cudeca.org\/en\/wp-json\/wp\/v2\/posts\/16070"}],"collection":[{"href":"https:\/\/www.cudeca.org\/en\/wp-json\/wp\/v2\/posts"}],"about":[{"href":"https:\/\/www.cudeca.org\/en\/wp-json\/wp\/v2\/types\/post"}],"replies":[{"embeddable":true,"href":"https:\/\/www.cudeca.org\/en\/wp-json\/wp\/v2\/comments?post=16070"}],"version-history":[{"count":0,"href":"https:\/\/www.cudeca.org\/en\/wp-json\/wp\/v2\/posts\/16070\/revisions"}],"wp:attachment":[{"href":"https:\/\/www.cudeca.org\/en\/wp-json\/wp\/v2\/media?parent=16070"}],"wp:term":[{"taxonomy":"category","embeddable":true,"href":"https:\/\/www.cudeca.org\/en\/wp-json\/wp\/v2\/categories?post=16070"},{"taxonomy":"post_tag","embeddable":true,"href":"https:\/\/www.cudeca.org\/en\/wp-json\/wp\/v2\/tags?post=16070"}],"curies":[{"name":"wp","href":"https:\/\/api.w.org\/{rel}","templated":true}]}}