{"id":16069,"date":"2011-04-19T17:45:02","date_gmt":"2011-04-19T17:45:02","guid":{"rendered":"https:\/\/www.cudeca.org\/actualidad\/antonio-banderas-and-melanie-griffith-visit-the-cudeca-hospice\/"},"modified":"2011-04-19T17:45:02","modified_gmt":"2011-04-19T17:45:02","slug":"antonio-banderas-and-melanie-griffith-visit-the-cudeca-hospice","status":"publish","type":"post","link":"https:\/\/www.cudeca.org\/en\/actualidad\/antonio-banderas-and-melanie-griffith-visit-the-cudeca-hospice\/","title":{"rendered":"Antonio Banderas and Melanie Griffith visit the Cudeca Hospice"},"content":{"rendered":"<p><\/p>\n<div id=\"notCuerpo\">\n<div>  \t<strong>Benalm\u00e1dena, 18th April 2011<\/strong><\/div>\n<div>  \tThis week, Cudeca Cancer Care Hospice, had the pleasure of receiving a private visit from Antonio Banderas and Melanie Griffith at the Hospice Centre at Benalmadena.<\/div>\n<div>  \tThe visit has been aimed at understanding more fully the reality of Cudeca and the support given to patients who are cared for at the Hospice. The Banderas family expressed their appreciation and gratitude for the humanitarian work carried out by Joan Hunt and the Cudeca staff. Both Melanie and Antonio, and his brother Javier who accompanied them, took great interest in the patients in the Day Centre and In-Patient Unit. The patients enjoyed the surprise visit immensely and were again able to realise the significance of the Cudeca philosophy:<\/div>\n<div>  \t\u00a0<\/div>\n<div style=\"text-align: center\">  \t<em>Perhaps you cannot add days to life, but together we can add life to days.<\/em><\/div>\n<div>  \t\u00a0<\/div>\n<div>  \tOn Monday of this same week, Antonio and Melanie, together with the trustees of the Brotherhood Fundaci\u00f3n L\u00e1grimas y Favores, presented a donation of 25.000\u20ac which will be destined to Cudeca\u2019s Special Kind of Caring which is given without cost to people suffering from advanced cancer, as well as offering support to their families.<\/div>\n<div>  \t\u00a0<\/div>\n<div>  \tThese funds have been raised by the Brotherhood Fundaci\u00f3n L\u00e1grimas y Favores throughout 2010, thanks to events such as the charity gala \u201cStarlite\u201d held last summer at the Hotel Villa Padierna of Marbella, with the support of Antonio Banderas, the American actress Eva Longoria, (through her Foundation Eva\u2019s Heroes), and also thanks to the organisation by Sandra Garc\u00eda-San Ju\u00e1n and Mar\u00eda Bravo.<\/div>\n<div>  \t\u00a0<\/div>\n<div>  \tCudeca Cancer Care Hospice, is deeply grateful to the constant support received from our friends the Brotherhood Fundaci\u00f3n L\u00e1grimas y Favores, and particularly to the Banderas family in helping us to raise both awareness and funds which enable us to continue offering our Special Kind of Caring with which we have offered without cost to more than 6.500 people suffering from advanced cancer, and giving support to their families throughout the Malaga province.<br \/>  \t\u00a0<\/div><\/div>\n<p><\/p>","protected":false},"excerpt":{"rendered":"<p>Benalm\u00e1dena, 18th April 2011 This week, Cudeca Cancer Care Hospice, had the pleasure of receiving a private visit from Antonio Banderas and Melanie Griffith at the Hospice Centre at Benalmadena. The visit has been aimed at understanding more fully the reality of Cudeca and the support given to patients who are cared for at the [&hellip;]<\/p>\n","protected":false},"author":0,"featured_media":0,"comment_status":"open","ping_status":"open","sticky":false,"template":"","format":"standard","meta":[],"categories":[15],"tags":[],"yoast_head":"<!-- This site is optimized with the Yoast SEO plugin v19.4 - https:\/\/yoast.com\/wordpress\/plugins\/seo\/ -->\n<title>Antonio Banderas and Melanie Griffith visit the Cudeca Hospice - Cudeca Cancer Care Hospice<\/title>\n<meta name=\"robots\" content=\"index, follow, max-snippet:-1, max-image-preview:large, max-video-preview:-1\" \/>\n<link rel=\"canonical\" href=\"https:\/\/www.cudeca.org\/en\/actualidad\/antonio-banderas-and-melanie-griffith-visit-the-cudeca-hospice\/\" \/>\n<meta property=\"og:locale\" content=\"en_US\" \/>\n<meta property=\"og:type\" content=\"article\" \/>\n<meta property=\"og:title\" content=\"Antonio Banderas and Melanie Griffith visit the Cudeca Hospice - Cudeca Cancer Care Hospice\" \/>\n<meta property=\"og:description\" content=\"Benalm\u00e1dena, 18th April 2011 This week, Cudeca Cancer Care Hospice, had the pleasure of receiving a private visit from Antonio Banderas and Melanie Griffith at the Hospice Centre at Benalmadena. The visit has been aimed at understanding more fully the reality of Cudeca and the support given to patients who are cared for at the [&hellip;]\" \/>\n<meta property=\"og:url\" content=\"https:\/\/www.cudeca.org\/en\/actualidad\/antonio-banderas-and-melanie-griffith-visit-the-cudeca-hospice\/\" \/>\n<meta property=\"og:site_name\" content=\"Cudeca Cancer Care Hospice\" \/>\n<meta property=\"article:publisher\" content=\"https:\/\/www.facebook.com\/AmigosDeCudeca\" \/>\n<meta property=\"article:published_time\" content=\"2011-04-19T17:45:02+00:00\" \/>\n<meta name=\"twitter:card\" content=\"summary_large_image\" \/>\n<meta name=\"twitter:creator\" content=\"@cudeca\" \/>\n<meta name=\"twitter:site\" content=\"@cudeca\" \/>\n<meta name=\"twitter:label1\" content=\"Est. reading time\" \/>\n\t<meta name=\"twitter:data1\" content=\"2 minutes\" \/>\n<script type=\"application\/ld+json\" class=\"yoast-schema-graph\">{\"@context\":\"https:\/\/schema.org\",\"@graph\":[{\"@type\":\"Organization\",\"@id\":\"https:\/\/www.cudeca.org\/#organization\",\"name\":\"Fundaci\u00f3n Cudeca\",\"url\":\"https:\/\/www.cudeca.org\/\",\"sameAs\":[\"https:\/\/www.youtube.com\/c\/cudecamalaga\",\"https:\/\/www.facebook.com\/AmigosDeCudeca\",\"https:\/\/twitter.com\/cudeca\"],\"logo\":{\"@type\":\"ImageObject\",\"inLanguage\":\"en-US\",\"@id\":\"https:\/\/www.cudeca.org\/#\/schema\/logo\/image\/\",\"url\":\"https:\/\/www.cudeca.org\/wp-content\/uploads\/2018\/02\/cudeca-logo.png\",\"contentUrl\":\"https:\/\/www.cudeca.org\/wp-content\/uploads\/2018\/02\/cudeca-logo.png\",\"width\":2121,\"height\":984,\"caption\":\"Fundaci\u00f3n Cudeca\"},\"image\":{\"@id\":\"https:\/\/www.cudeca.org\/#\/schema\/logo\/image\/\"}},{\"@type\":\"WebSite\",\"@id\":\"https:\/\/www.cudeca.org\/#website\",\"url\":\"https:\/\/www.cudeca.org\/\",\"name\":\"Fundaci\u00f3n Cudeca\",\"description\":\"Cudeca Hospice\",\"publisher\":{\"@id\":\"https:\/\/www.cudeca.org\/#organization\"},\"potentialAction\":[{\"@type\":\"SearchAction\",\"target\":{\"@type\":\"EntryPoint\",\"urlTemplate\":\"https:\/\/www.cudeca.org\/?s={search_term_string}\"},\"query-input\":\"required name=search_term_string\"}],\"inLanguage\":\"en-US\"},{\"@type\":\"WebPage\",\"@id\":\"https:\/\/www.cudeca.org\/en\/actualidad\/antonio-banderas-and-melanie-griffith-visit-the-cudeca-hospice\/\",\"url\":\"https:\/\/www.cudeca.org\/en\/actualidad\/antonio-banderas-and-melanie-griffith-visit-the-cudeca-hospice\/\",\"name\":\"Antonio Banderas and Melanie Griffith visit the Cudeca Hospice - Cudeca Cancer Care Hospice\",\"isPartOf\":{\"@id\":\"https:\/\/www.cudeca.org\/#website\"},\"datePublished\":\"2011-04-19T17:45:02+00:00\",\"dateModified\":\"2011-04-19T17:45:02+00:00\",\"breadcrumb\":{\"@id\":\"https:\/\/www.cudeca.org\/en\/actualidad\/antonio-banderas-and-melanie-griffith-visit-the-cudeca-hospice\/#breadcrumb\"},\"inLanguage\":\"en-US\",\"potentialAction\":[{\"@type\":\"ReadAction\",\"target\":[\"https:\/\/www.cudeca.org\/en\/actualidad\/antonio-banderas-and-melanie-griffith-visit-the-cudeca-hospice\/\"]}]},{\"@type\":\"BreadcrumbList\",\"@id\":\"https:\/\/www.cudeca.org\/en\/actualidad\/antonio-banderas-and-melanie-griffith-visit-the-cudeca-hospice\/#breadcrumb\",\"itemListElement\":[{\"@type\":\"ListItem\",\"position\":1,\"name\":\"Portada\",\"item\":\"https:\/\/www.cudeca.org\/\"},{\"@type\":\"ListItem\",\"position\":2,\"name\":\"Antonio Banderas and Melanie Griffith visit the Cudeca Hospice\"}]},{\"@type\":\"Article\",\"@id\":\"https:\/\/www.cudeca.org\/en\/actualidad\/antonio-banderas-and-melanie-griffith-visit-the-cudeca-hospice\/#article\",\"isPartOf\":{\"@id\":\"https:\/\/www.cudeca.org\/en\/actualidad\/antonio-banderas-and-melanie-griffith-visit-the-cudeca-hospice\/\"},\"author\":{\"name\":\"\",\"@id\":\"\"},\"headline\":\"Antonio Banderas and Melanie Griffith visit the Cudeca Hospice\",\"datePublished\":\"2011-04-19T17:45:02+00:00\",\"dateModified\":\"2011-04-19T17:45:02+00:00\",\"mainEntityOfPage\":{\"@id\":\"https:\/\/www.cudeca.org\/en\/actualidad\/antonio-banderas-and-melanie-griffith-visit-the-cudeca-hospice\/\"},\"wordCount\":343,\"commentCount\":0,\"publisher\":{\"@id\":\"https:\/\/www.cudeca.org\/#organization\"},\"articleSection\":[\"\"],\"inLanguage\":\"en-US\",\"potentialAction\":[{\"@type\":\"CommentAction\",\"name\":\"Comment\",\"target\":[\"https:\/\/www.cudeca.org\/en\/actualidad\/antonio-banderas-and-melanie-griffith-visit-the-cudeca-hospice\/#respond\"]}]}]}<\/script>\n<!-- \/ Yoast SEO plugin. -->","yoast_head_json":{"title":"Antonio Banderas and Melanie Griffith visit the Cudeca Hospice - Cudeca Cancer Care Hospice","robots":{"index":"index","follow":"follow","max-snippet":"max-snippet:-1","max-image-preview":"max-image-preview:large","max-video-preview":"max-video-preview:-1"},"canonical":"https:\/\/www.cudeca.org\/en\/actualidad\/antonio-banderas-and-melanie-griffith-visit-the-cudeca-hospice\/","og_locale":"en_US","og_type":"article","og_title":"Antonio Banderas and Melanie Griffith visit the Cudeca Hospice - Cudeca Cancer Care Hospice","og_description":"Benalm\u00e1dena, 18th April 2011 This week, Cudeca Cancer Care Hospice, had the pleasure of receiving a private visit from Antonio Banderas and Melanie Griffith at the Hospice Centre at Benalmadena. The visit has been aimed at understanding more fully the reality of Cudeca and the support given to patients who are cared for at the [&hellip;]","og_url":"https:\/\/www.cudeca.org\/en\/actualidad\/antonio-banderas-and-melanie-griffith-visit-the-cudeca-hospice\/","og_site_name":"Cudeca Cancer Care Hospice","article_publisher":"https:\/\/www.facebook.com\/AmigosDeCudeca","article_published_time":"2011-04-19T17:45:02+00:00","twitter_card":"summary_large_image","twitter_creator":"@cudeca","twitter_site":"@cudeca","twitter_misc":{"Est. reading time":"2 minutes"},"schema":{"@context":"https:\/\/schema.org","@graph":[{"@type":"Organization","@id":"https:\/\/www.cudeca.org\/#organization","name":"Fundaci\u00f3n Cudeca","url":"https:\/\/www.cudeca.org\/","sameAs":["https:\/\/www.youtube.com\/c\/cudecamalaga","https:\/\/www.facebook.com\/AmigosDeCudeca","https:\/\/twitter.com\/cudeca"],"logo":{"@type":"ImageObject","inLanguage":"en-US","@id":"https:\/\/www.cudeca.org\/#\/schema\/logo\/image\/","url":"https:\/\/www.cudeca.org\/wp-content\/uploads\/2018\/02\/cudeca-logo.png","contentUrl":"https:\/\/www.cudeca.org\/wp-content\/uploads\/2018\/02\/cudeca-logo.png","width":2121,"height":984,"caption":"Fundaci\u00f3n Cudeca"},"image":{"@id":"https:\/\/www.cudeca.org\/#\/schema\/logo\/image\/"}},{"@type":"WebSite","@id":"https:\/\/www.cudeca.org\/#website","url":"https:\/\/www.cudeca.org\/","name":"Fundaci\u00f3n Cudeca","description":"Cudeca Hospice","publisher":{"@id":"https:\/\/www.cudeca.org\/#organization"},"potentialAction":[{"@type":"SearchAction","target":{"@type":"EntryPoint","urlTemplate":"https:\/\/www.cudeca.org\/?s={search_term_string}"},"query-input":"required name=search_term_string"}],"inLanguage":"en-US"},{"@type":"WebPage","@id":"https:\/\/www.cudeca.org\/en\/actualidad\/antonio-banderas-and-melanie-griffith-visit-the-cudeca-hospice\/","url":"https:\/\/www.cudeca.org\/en\/actualidad\/antonio-banderas-and-melanie-griffith-visit-the-cudeca-hospice\/","name":"Antonio Banderas and Melanie Griffith visit the Cudeca Hospice - Cudeca Cancer Care Hospice","isPartOf":{"@id":"https:\/\/www.cudeca.org\/#website"},"datePublished":"2011-04-19T17:45:02+00:00","dateModified":"2011-04-19T17:45:02+00:00","breadcrumb":{"@id":"https:\/\/www.cudeca.org\/en\/actualidad\/antonio-banderas-and-melanie-griffith-visit-the-cudeca-hospice\/#breadcrumb"},"inLanguage":"en-US","potentialAction":[{"@type":"ReadAction","target":["https:\/\/www.cudeca.org\/en\/actualidad\/antonio-banderas-and-melanie-griffith-visit-the-cudeca-hospice\/"]}]},{"@type":"BreadcrumbList","@id":"https:\/\/www.cudeca.org\/en\/actualidad\/antonio-banderas-and-melanie-griffith-visit-the-cudeca-hospice\/#breadcrumb","itemListElement":[{"@type":"ListItem","position":1,"name":"Portada","item":"https:\/\/www.cudeca.org\/"},{"@type":"ListItem","position":2,"name":"Antonio Banderas and Melanie Griffith visit the Cudeca Hospice"}]},{"@type":"Article","@id":"https:\/\/www.cudeca.org\/en\/actualidad\/antonio-banderas-and-melanie-griffith-visit-the-cudeca-hospice\/#article","isPartOf":{"@id":"https:\/\/www.cudeca.org\/en\/actualidad\/antonio-banderas-and-melanie-griffith-visit-the-cudeca-hospice\/"},"author":{"name":"","@id":""},"headline":"Antonio Banderas and Melanie Griffith visit the Cudeca Hospice","datePublished":"2011-04-19T17:45:02+00:00","dateModified":"2011-04-19T17:45:02+00:00","mainEntityOfPage":{"@id":"https:\/\/www.cudeca.org\/en\/actualidad\/antonio-banderas-and-melanie-griffith-visit-the-cudeca-hospice\/"},"wordCount":343,"commentCount":0,"publisher":{"@id":"https:\/\/www.cudeca.org\/#organization"},"articleSection":[""],"inLanguage":"en-US","potentialAction":[{"@type":"CommentAction","name":"Comment","target":["https:\/\/www.cudeca.org\/en\/actualidad\/antonio-banderas-and-melanie-griffith-visit-the-cudeca-hospice\/#respond"]}]}]}},"_links":{"self":[{"href":"https:\/\/www.cudeca.org\/en\/wp-json\/wp\/v2\/posts\/16069"}],"collection":[{"href":"https:\/\/www.cudeca.org\/en\/wp-json\/wp\/v2\/posts"}],"about":[{"href":"https:\/\/www.cudeca.org\/en\/wp-json\/wp\/v2\/types\/post"}],"replies":[{"embeddable":true,"href":"https:\/\/www.cudeca.org\/en\/wp-json\/wp\/v2\/comments?post=16069"}],"version-history":[{"count":0,"href":"https:\/\/www.cudeca.org\/en\/wp-json\/wp\/v2\/posts\/16069\/revisions"}],"wp:attachment":[{"href":"https:\/\/www.cudeca.org\/en\/wp-json\/wp\/v2\/media?parent=16069"}],"wp:term":[{"taxonomy":"category","embeddable":true,"href":"https:\/\/www.cudeca.org\/en\/wp-json\/wp\/v2\/categories?post=16069"},{"taxonomy":"post_tag","embeddable":true,"href":"https:\/\/www.cudeca.org\/en\/wp-json\/wp\/v2\/tags?post=16069"}],"curies":[{"name":"wp","href":"https:\/\/api.w.org\/{rel}","templated":true}]}}