{"id":16065,"date":"2011-04-07T17:42:39","date_gmt":"2011-04-07T17:42:39","guid":{"rendered":"https:\/\/www.cudeca.org\/actualidad\/cudeca-hospice-holds-its-annual-results-presentation\/"},"modified":"2011-04-07T17:42:39","modified_gmt":"2011-04-07T17:42:39","slug":"cudeca-hospice-holds-its-annual-results-presentation","status":"publish","type":"post","link":"https:\/\/www.cudeca.org\/en\/actualidad\/cudeca-hospice-holds-its-annual-results-presentation\/","title":{"rendered":"Cudeca Hospice holds its Annual Results Presentation"},"content":{"rendered":"<p><\/p>\n<div id=\"notCuerpo\">\n<div>  \t<strong>Benalm\u00e1dena, 5 de abril de 2011<\/strong><\/div>\n<div>  \t\u00a0<\/div>\n<div>  \tCudeca Cancer Care Hospice, held its Annual Care, Financial and Voluntary Results Presentation for 2010.<\/div>\n<div>  \t\u00a0<\/div>\n<div>  \tThe event was attended by many authorities, businesses, volunteers and supporters of the Hospice as well as the municipalities of Benalm\u00e1dena, M\u00e1laga, Mijas, Fuengirola and Alhaur\u00edn el Grande. Also collaborators such as the Costa del Sol Health District, Hare Benalm\u00e1dena, Unicaja, Cajasol, Xanit International, Croasa, AECC, Colegio Internacional Torrequebrada, M\u00e1laga Siglo XXI, Plaza Mayor, Restaurante Los Mellizos, Rendelsur and the University of Malaga.<\/div>\n<div>  \t\u00a0<\/div>\n<div>  \tPresent on behalf of Cudeca, were President and Founder, Joan Hunt OBE; Chief Executive and Medical Director, Dr. Marisa Mart\u00edn Rosell\u00f3, Deputy Chief Executive \u2013 Financial Director, Rafael Olalla and the Director of Nursing, Susan Hannam, who consequently awarded the Cudeca 2010 Golden Pin to the Good Companions group (represented by Tony White), in recognition for their continuous support to Cudeca since 1995 and their fantastic fundraising achievement of 123,000\u20ac to date for the Hospice Centre.<\/div>\n<div>  \t\u00a0<\/div>\n<div>  \t<strong>With regards to medical achievements<\/strong>, Dr. Martin explained that &#8220;2010 was a year full of excitement, as just when our Care Programme was in financial difficulites, we began to receive economic assistance and volunteer aid, allowing us to care for another 100 patients than the previous year. The figures are detailed below:<\/div>\n<div>  \t\u00a0<\/div>\n<div>\n<table>\n<tbody>\n<tr>\n<td>  \t\t\t\t\tTOTAL NUMBER OF PACIENTES<\/td>\n<td>  \t\t\t\t\t717<\/td>\n<\/tr>\n<tr>\n<td>  \t\t\t\t\tTOTAL NUMBER OF CLINICAL TREATMENTS<\/td>\n<td>  \t\t\t\t\t3.665<\/td>\n<\/tr>\n<tr>\n<td>  \t\t\t\t\tTOTAL NUMBER OF PSICOSOCIAL SESSIONS<\/td>\n<td>  \t\t\t\t\t3.735<\/td>\n<\/tr>\n<tr>\n<td>  \t\t\t\t\tTOTAL NUMBER OF FOLLOW-UP CALLS<\/td>\n<td>  \t\t\t\t\t6.916<\/td>\n<\/tr>\n<tr>\n<td>  \t\t\t\t\tTOTAL NUMBER OF KM\u2019S<\/td>\n<td>  \t\t\t\t\t71.892<\/td>\n<\/tr>\n<tr>\n<td>  \t\t\t\t\tAVERAGE STAY AT CUDECA HOSPICE<\/td>\n<td>  \t\t\t\t\t38 d\u00edas<\/td>\n<\/tr>\n<tr>\n<td>  \t\t\t\t\tAverage visit-Consultation\/patient<\/td>\n<td>  \t\t\t\t\t5,1<\/td>\n<\/tr>\n<tr>\n<td>  \t\t\t\t\tAverage Km\u2019s covered per patient<\/td>\n<td>  \t\t\t\t\t100,3<\/td>\n<\/tr>\n<\/tbody>\n<\/table><\/div>\n<div>  \t<strong>With regards to our financial situation<\/strong>, Rafael Olalla explained that 2010 was a great year from a financial perspective. Not only have we managed to reduce the deficit by 33% from -415,000\u20ac to -280,000\u20ac, but we have gratefully received legacies of properties, <strong>allowing us to estimate that in 2011 the income will cover expenditure<\/strong>. However, it is important to understand that <strong>our long-term future remains uncertain<\/strong>, given the unpredictable nature of our inheritances.<\/div>\n<div>  \t\u00a0<\/div>\n<div>  \t<img alt=\"\" src=\"\/UserFiles\/Image\/origenfondos2010eng.JPG\" style=\"width: 290px;height: 218px\" \/><\/div>\n<div>  \t<img alt=\"\" src=\"\/UserFiles\/Image\/destinofondos2010eng.JPG\" style=\"width: 292px;height: 219px\" \/><br \/>  \t\u00a0<\/div>\n<div>  \tThe future of our Hospice is without doubt our greatest challenge:<strong> we need to maintain the support of the community of Malaga<\/strong>, which includes volunteers, donations, sponsorships, public entities, banks and other support.<\/div>\n<div>  \t\u00a0<\/div>\n<div>  \tAll the developments during the past year have been made possible thanks to numerous companies, institutions and professionals within the media who are committed to our cost-free project, helping us to meet the needs of patients suffering from advanced cancer and support to their families.<br \/>  \t\u00a0<\/div><\/div>\n<p><\/p>","protected":false},"excerpt":{"rendered":"<p>Benalm\u00e1dena, 5 de abril de 2011 \u00a0 Cudeca Cancer Care Hospice, held its Annual Care, Financial and Voluntary Results Presentation for 2010. \u00a0 The event was attended by many authorities, businesses, volunteers and supporters of the Hospice as well as the municipalities of Benalm\u00e1dena, M\u00e1laga, Mijas, Fuengirola and Alhaur\u00edn el Grande. Also collaborators such as [&hellip;]<\/p>\n","protected":false},"author":0,"featured_media":0,"comment_status":"open","ping_status":"open","sticky":false,"template":"","format":"standard","meta":[],"categories":[15],"tags":[],"yoast_head":"<!-- This site is optimized with the Yoast SEO plugin v19.4 - https:\/\/yoast.com\/wordpress\/plugins\/seo\/ -->\n<title>Cudeca Hospice holds its Annual Results Presentation - Cudeca Cancer Care Hospice<\/title>\n<meta name=\"robots\" content=\"index, follow, max-snippet:-1, max-image-preview:large, max-video-preview:-1\" \/>\n<link rel=\"canonical\" href=\"https:\/\/www.cudeca.org\/actualidad\/cudeca-hospice-holds-its-annual-results-presentation\/\" \/>\n<meta property=\"og:locale\" content=\"en_US\" \/>\n<meta property=\"og:type\" content=\"article\" \/>\n<meta property=\"og:title\" content=\"Cudeca Hospice holds its Annual Results Presentation - Cudeca Cancer Care Hospice\" \/>\n<meta property=\"og:description\" content=\"Benalm\u00e1dena, 5 de abril de 2011 \u00a0 Cudeca Cancer Care Hospice, held its Annual Care, Financial and Voluntary Results Presentation for 2010. \u00a0 The event was attended by many authorities, businesses, volunteers and supporters of the Hospice as well as the municipalities of Benalm\u00e1dena, M\u00e1laga, Mijas, Fuengirola and Alhaur\u00edn el Grande. Also collaborators such as [&hellip;]\" \/>\n<meta property=\"og:url\" content=\"https:\/\/www.cudeca.org\/actualidad\/cudeca-hospice-holds-its-annual-results-presentation\/\" \/>\n<meta property=\"og:site_name\" content=\"Cudeca Cancer Care Hospice\" \/>\n<meta property=\"article:publisher\" content=\"https:\/\/www.facebook.com\/AmigosDeCudeca\" \/>\n<meta property=\"article:published_time\" content=\"2011-04-07T17:42:39+00:00\" \/>\n<meta property=\"og:image\" content=\"https:\/\/www.cudeca.org\/UserFiles\/Image\/origenfondos2010eng.JPG\" \/>\n<meta name=\"twitter:card\" content=\"summary_large_image\" \/>\n<meta name=\"twitter:creator\" content=\"@cudeca\" \/>\n<meta name=\"twitter:site\" content=\"@cudeca\" \/>\n<meta name=\"twitter:label1\" content=\"Est. reading time\" \/>\n\t<meta name=\"twitter:data1\" content=\"2 minutes\" \/>\n<script type=\"application\/ld+json\" class=\"yoast-schema-graph\">{\"@context\":\"https:\/\/schema.org\",\"@graph\":[{\"@type\":\"Organization\",\"@id\":\"https:\/\/www.cudeca.org\/#organization\",\"name\":\"Fundaci\u00f3n Cudeca\",\"url\":\"https:\/\/www.cudeca.org\/\",\"sameAs\":[\"https:\/\/www.youtube.com\/c\/cudecamalaga\",\"https:\/\/www.facebook.com\/AmigosDeCudeca\",\"https:\/\/twitter.com\/cudeca\"],\"logo\":{\"@type\":\"ImageObject\",\"inLanguage\":\"en-US\",\"@id\":\"https:\/\/www.cudeca.org\/#\/schema\/logo\/image\/\",\"url\":\"https:\/\/www.cudeca.org\/wp-content\/uploads\/2018\/02\/cudeca-logo.png\",\"contentUrl\":\"https:\/\/www.cudeca.org\/wp-content\/uploads\/2018\/02\/cudeca-logo.png\",\"width\":2121,\"height\":984,\"caption\":\"Fundaci\u00f3n Cudeca\"},\"image\":{\"@id\":\"https:\/\/www.cudeca.org\/#\/schema\/logo\/image\/\"}},{\"@type\":\"WebSite\",\"@id\":\"https:\/\/www.cudeca.org\/#website\",\"url\":\"https:\/\/www.cudeca.org\/\",\"name\":\"Fundaci\u00f3n Cudeca\",\"description\":\"Cudeca Hospice\",\"publisher\":{\"@id\":\"https:\/\/www.cudeca.org\/#organization\"},\"potentialAction\":[{\"@type\":\"SearchAction\",\"target\":{\"@type\":\"EntryPoint\",\"urlTemplate\":\"https:\/\/www.cudeca.org\/?s={search_term_string}\"},\"query-input\":\"required name=search_term_string\"}],\"inLanguage\":\"en-US\"},{\"@type\":\"WebPage\",\"@id\":\"https:\/\/www.cudeca.org\/actualidad\/cudeca-hospice-holds-its-annual-results-presentation\/\",\"url\":\"https:\/\/www.cudeca.org\/actualidad\/cudeca-hospice-holds-its-annual-results-presentation\/\",\"name\":\"Cudeca Hospice holds its Annual Results Presentation - Cudeca Cancer Care Hospice\",\"isPartOf\":{\"@id\":\"https:\/\/www.cudeca.org\/#website\"},\"datePublished\":\"2011-04-07T17:42:39+00:00\",\"dateModified\":\"2011-04-07T17:42:39+00:00\",\"breadcrumb\":{\"@id\":\"https:\/\/www.cudeca.org\/actualidad\/cudeca-hospice-holds-its-annual-results-presentation\/#breadcrumb\"},\"inLanguage\":\"en-US\",\"potentialAction\":[{\"@type\":\"ReadAction\",\"target\":[\"https:\/\/www.cudeca.org\/actualidad\/cudeca-hospice-holds-its-annual-results-presentation\/\"]}]},{\"@type\":\"BreadcrumbList\",\"@id\":\"https:\/\/www.cudeca.org\/actualidad\/cudeca-hospice-holds-its-annual-results-presentation\/#breadcrumb\",\"itemListElement\":[{\"@type\":\"ListItem\",\"position\":1,\"name\":\"Portada\",\"item\":\"https:\/\/www.cudeca.org\/\"},{\"@type\":\"ListItem\",\"position\":2,\"name\":\"Cudeca Hospice holds its Annual Results Presentation\"}]},{\"@type\":\"Article\",\"@id\":\"https:\/\/www.cudeca.org\/actualidad\/cudeca-hospice-holds-its-annual-results-presentation\/#article\",\"isPartOf\":{\"@id\":\"https:\/\/www.cudeca.org\/actualidad\/cudeca-hospice-holds-its-annual-results-presentation\/\"},\"author\":{\"name\":\"\",\"@id\":\"\"},\"headline\":\"Cudeca Hospice holds its Annual Results Presentation\",\"datePublished\":\"2011-04-07T17:42:39+00:00\",\"dateModified\":\"2011-04-07T17:42:39+00:00\",\"mainEntityOfPage\":{\"@id\":\"https:\/\/www.cudeca.org\/actualidad\/cudeca-hospice-holds-its-annual-results-presentation\/\"},\"wordCount\":407,\"commentCount\":0,\"publisher\":{\"@id\":\"https:\/\/www.cudeca.org\/#organization\"},\"articleSection\":[\"\"],\"inLanguage\":\"en-US\",\"potentialAction\":[{\"@type\":\"CommentAction\",\"name\":\"Comment\",\"target\":[\"https:\/\/www.cudeca.org\/actualidad\/cudeca-hospice-holds-its-annual-results-presentation\/#respond\"]}]}]}<\/script>\n<!-- \/ Yoast SEO plugin. -->","yoast_head_json":{"title":"Cudeca Hospice holds its Annual Results Presentation - Cudeca Cancer Care Hospice","robots":{"index":"index","follow":"follow","max-snippet":"max-snippet:-1","max-image-preview":"max-image-preview:large","max-video-preview":"max-video-preview:-1"},"canonical":"https:\/\/www.cudeca.org\/actualidad\/cudeca-hospice-holds-its-annual-results-presentation\/","og_locale":"en_US","og_type":"article","og_title":"Cudeca Hospice holds its Annual Results Presentation - Cudeca Cancer Care Hospice","og_description":"Benalm\u00e1dena, 5 de abril de 2011 \u00a0 Cudeca Cancer Care Hospice, held its Annual Care, Financial and Voluntary Results Presentation for 2010. \u00a0 The event was attended by many authorities, businesses, volunteers and supporters of the Hospice as well as the municipalities of Benalm\u00e1dena, M\u00e1laga, Mijas, Fuengirola and Alhaur\u00edn el Grande. Also collaborators such as [&hellip;]","og_url":"https:\/\/www.cudeca.org\/actualidad\/cudeca-hospice-holds-its-annual-results-presentation\/","og_site_name":"Cudeca Cancer Care Hospice","article_publisher":"https:\/\/www.facebook.com\/AmigosDeCudeca","article_published_time":"2011-04-07T17:42:39+00:00","og_image":[{"url":"https:\/\/www.cudeca.org\/UserFiles\/Image\/origenfondos2010eng.JPG"}],"twitter_card":"summary_large_image","twitter_creator":"@cudeca","twitter_site":"@cudeca","twitter_misc":{"Est. reading time":"2 minutes"},"schema":{"@context":"https:\/\/schema.org","@graph":[{"@type":"Organization","@id":"https:\/\/www.cudeca.org\/#organization","name":"Fundaci\u00f3n Cudeca","url":"https:\/\/www.cudeca.org\/","sameAs":["https:\/\/www.youtube.com\/c\/cudecamalaga","https:\/\/www.facebook.com\/AmigosDeCudeca","https:\/\/twitter.com\/cudeca"],"logo":{"@type":"ImageObject","inLanguage":"en-US","@id":"https:\/\/www.cudeca.org\/#\/schema\/logo\/image\/","url":"https:\/\/www.cudeca.org\/wp-content\/uploads\/2018\/02\/cudeca-logo.png","contentUrl":"https:\/\/www.cudeca.org\/wp-content\/uploads\/2018\/02\/cudeca-logo.png","width":2121,"height":984,"caption":"Fundaci\u00f3n Cudeca"},"image":{"@id":"https:\/\/www.cudeca.org\/#\/schema\/logo\/image\/"}},{"@type":"WebSite","@id":"https:\/\/www.cudeca.org\/#website","url":"https:\/\/www.cudeca.org\/","name":"Fundaci\u00f3n Cudeca","description":"Cudeca Hospice","publisher":{"@id":"https:\/\/www.cudeca.org\/#organization"},"potentialAction":[{"@type":"SearchAction","target":{"@type":"EntryPoint","urlTemplate":"https:\/\/www.cudeca.org\/?s={search_term_string}"},"query-input":"required name=search_term_string"}],"inLanguage":"en-US"},{"@type":"WebPage","@id":"https:\/\/www.cudeca.org\/actualidad\/cudeca-hospice-holds-its-annual-results-presentation\/","url":"https:\/\/www.cudeca.org\/actualidad\/cudeca-hospice-holds-its-annual-results-presentation\/","name":"Cudeca Hospice holds its Annual Results Presentation - Cudeca Cancer Care Hospice","isPartOf":{"@id":"https:\/\/www.cudeca.org\/#website"},"datePublished":"2011-04-07T17:42:39+00:00","dateModified":"2011-04-07T17:42:39+00:00","breadcrumb":{"@id":"https:\/\/www.cudeca.org\/actualidad\/cudeca-hospice-holds-its-annual-results-presentation\/#breadcrumb"},"inLanguage":"en-US","potentialAction":[{"@type":"ReadAction","target":["https:\/\/www.cudeca.org\/actualidad\/cudeca-hospice-holds-its-annual-results-presentation\/"]}]},{"@type":"BreadcrumbList","@id":"https:\/\/www.cudeca.org\/actualidad\/cudeca-hospice-holds-its-annual-results-presentation\/#breadcrumb","itemListElement":[{"@type":"ListItem","position":1,"name":"Portada","item":"https:\/\/www.cudeca.org\/"},{"@type":"ListItem","position":2,"name":"Cudeca Hospice holds its Annual Results Presentation"}]},{"@type":"Article","@id":"https:\/\/www.cudeca.org\/actualidad\/cudeca-hospice-holds-its-annual-results-presentation\/#article","isPartOf":{"@id":"https:\/\/www.cudeca.org\/actualidad\/cudeca-hospice-holds-its-annual-results-presentation\/"},"author":{"name":"","@id":""},"headline":"Cudeca Hospice holds its Annual Results Presentation","datePublished":"2011-04-07T17:42:39+00:00","dateModified":"2011-04-07T17:42:39+00:00","mainEntityOfPage":{"@id":"https:\/\/www.cudeca.org\/actualidad\/cudeca-hospice-holds-its-annual-results-presentation\/"},"wordCount":407,"commentCount":0,"publisher":{"@id":"https:\/\/www.cudeca.org\/#organization"},"articleSection":[""],"inLanguage":"en-US","potentialAction":[{"@type":"CommentAction","name":"Comment","target":["https:\/\/www.cudeca.org\/actualidad\/cudeca-hospice-holds-its-annual-results-presentation\/#respond"]}]}]}},"_links":{"self":[{"href":"https:\/\/www.cudeca.org\/en\/wp-json\/wp\/v2\/posts\/16065"}],"collection":[{"href":"https:\/\/www.cudeca.org\/en\/wp-json\/wp\/v2\/posts"}],"about":[{"href":"https:\/\/www.cudeca.org\/en\/wp-json\/wp\/v2\/types\/post"}],"replies":[{"embeddable":true,"href":"https:\/\/www.cudeca.org\/en\/wp-json\/wp\/v2\/comments?post=16065"}],"version-history":[{"count":0,"href":"https:\/\/www.cudeca.org\/en\/wp-json\/wp\/v2\/posts\/16065\/revisions"}],"wp:attachment":[{"href":"https:\/\/www.cudeca.org\/en\/wp-json\/wp\/v2\/media?parent=16065"}],"wp:term":[{"taxonomy":"category","embeddable":true,"href":"https:\/\/www.cudeca.org\/en\/wp-json\/wp\/v2\/categories?post=16065"},{"taxonomy":"post_tag","embeddable":true,"href":"https:\/\/www.cudeca.org\/en\/wp-json\/wp\/v2\/tags?post=16065"}],"curies":[{"name":"wp","href":"https:\/\/api.w.org\/{rel}","templated":true}]}}