{"id":16058,"date":"2011-03-03T17:42:14","date_gmt":"2011-03-03T17:42:14","guid":{"rendered":"https:\/\/www.cudeca.org\/actualidad\/collaboration-agreement-between-hotel-don-carlos-and-cudeca\/"},"modified":"2011-03-03T17:42:14","modified_gmt":"2011-03-03T17:42:14","slug":"collaboration-agreement-between-hotel-don-carlos-and-cudeca","status":"publish","type":"post","link":"https:\/\/www.cudeca.org\/en\/actualidad\/collaboration-agreement-between-hotel-don-carlos-and-cudeca\/","title":{"rendered":"Collaboration Agreement between Hotel Don Carlos and Cudeca"},"content":{"rendered":"<p><\/p>\n<div id=\"notCuerpo\">\n<div>  \tA Collaboration Agreement has been signed today between Don Carlos Leisure Resort &amp; Spa and the Cudeca Cancer Care Hospice with the view to joining efforts to help persons suffering from advanced cancer in the province of Malaga.<\/div>\n<div>  \t\u00a0<\/div>\n<div>  \tThe Agreement was signed by the Director of the Hotel Don Carlos, Manel Castell\u00f3, and for the Cudeca Hospice, the Medical Director, Marisa Mart\u00edn and the Manager of Communication and Fund Raising, Roc\u00edo Torres.<\/div>\n<div>  \t\u00a0<\/div>\n<div>  \tBy signing this agreement, the Hotel Don Carlos Resort has wished to formalise their firm support of the Special Kind of Caring given by the Cudeca Hospice, through raising funds and the disposal of areas for holding events and raising awareness. In the words given by the Director of the Don Carlos Leisure Resort &amp; Spa, Manel Castell\u00f3: \u201cone of the main social commitments of our Resort is to do what is within our means to contribute in helping and improving the quality of life of those who need it most\u201d.<\/div>\n<div>  \t\u00a0<\/div>\n<div>  \tThe Cudeca Cancer Care Hospice would like to offer its heartfelt thanks to the Don Carlos Leisure Resort &amp; Spa so that together we may continue to give life to days to the more than 5.800 patients with advanced cancer and their families, through the Home Care, Out Patients and Counselling, Psycho-social, Day Centre and Rehabilitation and In Patients Unit programmes, all of which are given free of charge.<br \/>  \t\u00a0<\/div><\/div>\n<p><\/p>","protected":false},"excerpt":{"rendered":"<p>A Collaboration Agreement has been signed today between Don Carlos Leisure Resort &amp; Spa and the Cudeca Cancer Care Hospice with the view to joining efforts to help persons suffering from advanced cancer in the province of Malaga. \u00a0 The Agreement was signed by the Director of the Hotel Don Carlos, Manel Castell\u00f3, and for [&hellip;]<\/p>\n","protected":false},"author":0,"featured_media":0,"comment_status":"open","ping_status":"open","sticky":false,"template":"","format":"standard","meta":[],"categories":[15],"tags":[],"yoast_head":"<!-- This site is optimized with the Yoast SEO plugin v19.4 - https:\/\/yoast.com\/wordpress\/plugins\/seo\/ -->\n<title>Collaboration Agreement between Hotel Don Carlos and Cudeca - Cudeca Cancer Care Hospice<\/title>\n<meta name=\"robots\" content=\"index, follow, max-snippet:-1, max-image-preview:large, max-video-preview:-1\" \/>\n<link rel=\"canonical\" href=\"https:\/\/www.cudeca.org\/actualidad\/collaboration-agreement-between-hotel-don-carlos-and-cudeca\/\" \/>\n<meta property=\"og:locale\" content=\"en_US\" \/>\n<meta property=\"og:type\" content=\"article\" \/>\n<meta property=\"og:title\" content=\"Collaboration Agreement between Hotel Don Carlos and Cudeca - Cudeca Cancer Care Hospice\" \/>\n<meta property=\"og:description\" content=\"A Collaboration Agreement has been signed today between Don Carlos Leisure Resort &amp; Spa and the Cudeca Cancer Care Hospice with the view to joining efforts to help persons suffering from advanced cancer in the province of Malaga. \u00a0 The Agreement was signed by the Director of the Hotel Don Carlos, Manel Castell\u00f3, and for [&hellip;]\" \/>\n<meta property=\"og:url\" content=\"https:\/\/www.cudeca.org\/actualidad\/collaboration-agreement-between-hotel-don-carlos-and-cudeca\/\" \/>\n<meta property=\"og:site_name\" content=\"Cudeca Cancer Care Hospice\" \/>\n<meta property=\"article:publisher\" content=\"https:\/\/www.facebook.com\/AmigosDeCudeca\" \/>\n<meta property=\"article:published_time\" content=\"2011-03-03T17:42:14+00:00\" \/>\n<meta name=\"twitter:card\" content=\"summary_large_image\" \/>\n<meta name=\"twitter:creator\" content=\"@cudeca\" \/>\n<meta name=\"twitter:site\" content=\"@cudeca\" \/>\n<meta name=\"twitter:label1\" content=\"Est. reading time\" \/>\n\t<meta name=\"twitter:data1\" content=\"1 minute\" \/>\n<script type=\"application\/ld+json\" class=\"yoast-schema-graph\">{\"@context\":\"https:\/\/schema.org\",\"@graph\":[{\"@type\":\"Organization\",\"@id\":\"https:\/\/www.cudeca.org\/#organization\",\"name\":\"Fundaci\u00f3n Cudeca\",\"url\":\"https:\/\/www.cudeca.org\/\",\"sameAs\":[\"https:\/\/www.youtube.com\/c\/cudecamalaga\",\"https:\/\/www.facebook.com\/AmigosDeCudeca\",\"https:\/\/twitter.com\/cudeca\"],\"logo\":{\"@type\":\"ImageObject\",\"inLanguage\":\"en-US\",\"@id\":\"https:\/\/www.cudeca.org\/#\/schema\/logo\/image\/\",\"url\":\"https:\/\/www.cudeca.org\/wp-content\/uploads\/2018\/02\/cudeca-logo.png\",\"contentUrl\":\"https:\/\/www.cudeca.org\/wp-content\/uploads\/2018\/02\/cudeca-logo.png\",\"width\":2121,\"height\":984,\"caption\":\"Fundaci\u00f3n Cudeca\"},\"image\":{\"@id\":\"https:\/\/www.cudeca.org\/#\/schema\/logo\/image\/\"}},{\"@type\":\"WebSite\",\"@id\":\"https:\/\/www.cudeca.org\/#website\",\"url\":\"https:\/\/www.cudeca.org\/\",\"name\":\"Fundaci\u00f3n Cudeca\",\"description\":\"Cudeca Hospice\",\"publisher\":{\"@id\":\"https:\/\/www.cudeca.org\/#organization\"},\"potentialAction\":[{\"@type\":\"SearchAction\",\"target\":{\"@type\":\"EntryPoint\",\"urlTemplate\":\"https:\/\/www.cudeca.org\/?s={search_term_string}\"},\"query-input\":\"required name=search_term_string\"}],\"inLanguage\":\"en-US\"},{\"@type\":\"WebPage\",\"@id\":\"https:\/\/www.cudeca.org\/actualidad\/collaboration-agreement-between-hotel-don-carlos-and-cudeca\/\",\"url\":\"https:\/\/www.cudeca.org\/actualidad\/collaboration-agreement-between-hotel-don-carlos-and-cudeca\/\",\"name\":\"Collaboration Agreement between Hotel Don Carlos and Cudeca - Cudeca Cancer Care Hospice\",\"isPartOf\":{\"@id\":\"https:\/\/www.cudeca.org\/#website\"},\"datePublished\":\"2011-03-03T17:42:14+00:00\",\"dateModified\":\"2011-03-03T17:42:14+00:00\",\"breadcrumb\":{\"@id\":\"https:\/\/www.cudeca.org\/actualidad\/collaboration-agreement-between-hotel-don-carlos-and-cudeca\/#breadcrumb\"},\"inLanguage\":\"en-US\",\"potentialAction\":[{\"@type\":\"ReadAction\",\"target\":[\"https:\/\/www.cudeca.org\/actualidad\/collaboration-agreement-between-hotel-don-carlos-and-cudeca\/\"]}]},{\"@type\":\"BreadcrumbList\",\"@id\":\"https:\/\/www.cudeca.org\/actualidad\/collaboration-agreement-between-hotel-don-carlos-and-cudeca\/#breadcrumb\",\"itemListElement\":[{\"@type\":\"ListItem\",\"position\":1,\"name\":\"Portada\",\"item\":\"https:\/\/www.cudeca.org\/\"},{\"@type\":\"ListItem\",\"position\":2,\"name\":\"Collaboration Agreement between Hotel Don Carlos and Cudeca\"}]},{\"@type\":\"Article\",\"@id\":\"https:\/\/www.cudeca.org\/actualidad\/collaboration-agreement-between-hotel-don-carlos-and-cudeca\/#article\",\"isPartOf\":{\"@id\":\"https:\/\/www.cudeca.org\/actualidad\/collaboration-agreement-between-hotel-don-carlos-and-cudeca\/\"},\"author\":{\"name\":\"\",\"@id\":\"\"},\"headline\":\"Collaboration Agreement between Hotel Don Carlos and Cudeca\",\"datePublished\":\"2011-03-03T17:42:14+00:00\",\"dateModified\":\"2011-03-03T17:42:14+00:00\",\"mainEntityOfPage\":{\"@id\":\"https:\/\/www.cudeca.org\/actualidad\/collaboration-agreement-between-hotel-don-carlos-and-cudeca\/\"},\"wordCount\":243,\"commentCount\":0,\"publisher\":{\"@id\":\"https:\/\/www.cudeca.org\/#organization\"},\"articleSection\":[\"\"],\"inLanguage\":\"en-US\",\"potentialAction\":[{\"@type\":\"CommentAction\",\"name\":\"Comment\",\"target\":[\"https:\/\/www.cudeca.org\/actualidad\/collaboration-agreement-between-hotel-don-carlos-and-cudeca\/#respond\"]}]}]}<\/script>\n<!-- \/ Yoast SEO plugin. -->","yoast_head_json":{"title":"Collaboration Agreement between Hotel Don Carlos and Cudeca - Cudeca Cancer Care Hospice","robots":{"index":"index","follow":"follow","max-snippet":"max-snippet:-1","max-image-preview":"max-image-preview:large","max-video-preview":"max-video-preview:-1"},"canonical":"https:\/\/www.cudeca.org\/actualidad\/collaboration-agreement-between-hotel-don-carlos-and-cudeca\/","og_locale":"en_US","og_type":"article","og_title":"Collaboration Agreement between Hotel Don Carlos and Cudeca - Cudeca Cancer Care Hospice","og_description":"A Collaboration Agreement has been signed today between Don Carlos Leisure Resort &amp; Spa and the Cudeca Cancer Care Hospice with the view to joining efforts to help persons suffering from advanced cancer in the province of Malaga. \u00a0 The Agreement was signed by the Director of the Hotel Don Carlos, Manel Castell\u00f3, and for [&hellip;]","og_url":"https:\/\/www.cudeca.org\/actualidad\/collaboration-agreement-between-hotel-don-carlos-and-cudeca\/","og_site_name":"Cudeca Cancer Care Hospice","article_publisher":"https:\/\/www.facebook.com\/AmigosDeCudeca","article_published_time":"2011-03-03T17:42:14+00:00","twitter_card":"summary_large_image","twitter_creator":"@cudeca","twitter_site":"@cudeca","twitter_misc":{"Est. reading time":"1 minute"},"schema":{"@context":"https:\/\/schema.org","@graph":[{"@type":"Organization","@id":"https:\/\/www.cudeca.org\/#organization","name":"Fundaci\u00f3n Cudeca","url":"https:\/\/www.cudeca.org\/","sameAs":["https:\/\/www.youtube.com\/c\/cudecamalaga","https:\/\/www.facebook.com\/AmigosDeCudeca","https:\/\/twitter.com\/cudeca"],"logo":{"@type":"ImageObject","inLanguage":"en-US","@id":"https:\/\/www.cudeca.org\/#\/schema\/logo\/image\/","url":"https:\/\/www.cudeca.org\/wp-content\/uploads\/2018\/02\/cudeca-logo.png","contentUrl":"https:\/\/www.cudeca.org\/wp-content\/uploads\/2018\/02\/cudeca-logo.png","width":2121,"height":984,"caption":"Fundaci\u00f3n Cudeca"},"image":{"@id":"https:\/\/www.cudeca.org\/#\/schema\/logo\/image\/"}},{"@type":"WebSite","@id":"https:\/\/www.cudeca.org\/#website","url":"https:\/\/www.cudeca.org\/","name":"Fundaci\u00f3n Cudeca","description":"Cudeca Hospice","publisher":{"@id":"https:\/\/www.cudeca.org\/#organization"},"potentialAction":[{"@type":"SearchAction","target":{"@type":"EntryPoint","urlTemplate":"https:\/\/www.cudeca.org\/?s={search_term_string}"},"query-input":"required name=search_term_string"}],"inLanguage":"en-US"},{"@type":"WebPage","@id":"https:\/\/www.cudeca.org\/actualidad\/collaboration-agreement-between-hotel-don-carlos-and-cudeca\/","url":"https:\/\/www.cudeca.org\/actualidad\/collaboration-agreement-between-hotel-don-carlos-and-cudeca\/","name":"Collaboration Agreement between Hotel Don Carlos and Cudeca - Cudeca Cancer Care Hospice","isPartOf":{"@id":"https:\/\/www.cudeca.org\/#website"},"datePublished":"2011-03-03T17:42:14+00:00","dateModified":"2011-03-03T17:42:14+00:00","breadcrumb":{"@id":"https:\/\/www.cudeca.org\/actualidad\/collaboration-agreement-between-hotel-don-carlos-and-cudeca\/#breadcrumb"},"inLanguage":"en-US","potentialAction":[{"@type":"ReadAction","target":["https:\/\/www.cudeca.org\/actualidad\/collaboration-agreement-between-hotel-don-carlos-and-cudeca\/"]}]},{"@type":"BreadcrumbList","@id":"https:\/\/www.cudeca.org\/actualidad\/collaboration-agreement-between-hotel-don-carlos-and-cudeca\/#breadcrumb","itemListElement":[{"@type":"ListItem","position":1,"name":"Portada","item":"https:\/\/www.cudeca.org\/"},{"@type":"ListItem","position":2,"name":"Collaboration Agreement between Hotel Don Carlos and Cudeca"}]},{"@type":"Article","@id":"https:\/\/www.cudeca.org\/actualidad\/collaboration-agreement-between-hotel-don-carlos-and-cudeca\/#article","isPartOf":{"@id":"https:\/\/www.cudeca.org\/actualidad\/collaboration-agreement-between-hotel-don-carlos-and-cudeca\/"},"author":{"name":"","@id":""},"headline":"Collaboration Agreement between Hotel Don Carlos and Cudeca","datePublished":"2011-03-03T17:42:14+00:00","dateModified":"2011-03-03T17:42:14+00:00","mainEntityOfPage":{"@id":"https:\/\/www.cudeca.org\/actualidad\/collaboration-agreement-between-hotel-don-carlos-and-cudeca\/"},"wordCount":243,"commentCount":0,"publisher":{"@id":"https:\/\/www.cudeca.org\/#organization"},"articleSection":[""],"inLanguage":"en-US","potentialAction":[{"@type":"CommentAction","name":"Comment","target":["https:\/\/www.cudeca.org\/actualidad\/collaboration-agreement-between-hotel-don-carlos-and-cudeca\/#respond"]}]}]}},"_links":{"self":[{"href":"https:\/\/www.cudeca.org\/en\/wp-json\/wp\/v2\/posts\/16058"}],"collection":[{"href":"https:\/\/www.cudeca.org\/en\/wp-json\/wp\/v2\/posts"}],"about":[{"href":"https:\/\/www.cudeca.org\/en\/wp-json\/wp\/v2\/types\/post"}],"replies":[{"embeddable":true,"href":"https:\/\/www.cudeca.org\/en\/wp-json\/wp\/v2\/comments?post=16058"}],"version-history":[{"count":0,"href":"https:\/\/www.cudeca.org\/en\/wp-json\/wp\/v2\/posts\/16058\/revisions"}],"wp:attachment":[{"href":"https:\/\/www.cudeca.org\/en\/wp-json\/wp\/v2\/media?parent=16058"}],"wp:term":[{"taxonomy":"category","embeddable":true,"href":"https:\/\/www.cudeca.org\/en\/wp-json\/wp\/v2\/categories?post=16058"},{"taxonomy":"post_tag","embeddable":true,"href":"https:\/\/www.cudeca.org\/en\/wp-json\/wp\/v2\/tags?post=16058"}],"curies":[{"name":"wp","href":"https:\/\/api.w.org\/{rel}","templated":true}]}}