{"id":16023,"date":"2010-11-29T17:36:29","date_gmt":"2010-11-29T17:36:29","guid":{"rendered":"https:\/\/www.cudeca.org\/actualidad\/cudeca-is-awarded-at-the-andalucia-volunteer-prize-awards\/"},"modified":"2010-11-29T17:36:29","modified_gmt":"2010-11-29T17:36:29","slug":"cudeca-is-awarded-at-the-andalucia-volunteer-prize-awards","status":"publish","type":"post","link":"https:\/\/www.cudeca.org\/en\/actualidad\/cudeca-is-awarded-at-the-andalucia-volunteer-prize-awards\/","title":{"rendered":"Cudeca is awarded at the Andalucia Volunteer Prize Awards"},"content":{"rendered":"<p><\/p>\n<div id=\"notCuerpo\">\n<div>  \tThe relationship that the Volunteer Program of Cudeca Foundation continues to have with the Andalucia Agency for Volunteers goes back to our early beginnings.<\/div>\n<div>  \t\u00a0<\/div>\n<div>  \tIn 2003 the Agency acknowledged the work of Volunteer\u2019s via the Andalucia Award for Volunteers and 8 years later they are showing their support again with the 10th Andalucia Volunteers Awards at a provincial level in the category of Working Network.<\/div>\n<div>  \t\u00a0<\/div>\n<div>  \tOn 23rd November, the award was presented to the Medical Director of Cudeca, Dra. Marisa Mart\u00edn Rosell\u00f3; Financial Director, Rafael Olalla; Nursing Director, Susan Hannam; Volunteer Programme Co-ordinator Inmaculada Ru\u00edz and Volunteers from the Hospice \u00c1ngeles, Miguel, Marisa, Justa, Rafael and Lourdes.<\/div>\n<div>  \t\u00a0<\/div>\n<div>  \tThe award was accepted by Marisa Mart\u00edn, who with moving words, thanked all the Volunteers for the support they have given Cudeca since it was founded, together with businesses, organisations and individuals who enable Cudeca to remain a reality. This award is dedicated to all of them, because without their support Cudeca would not exist.<br \/>  \t\u00a0<\/div><\/div>\n<p><\/p>","protected":false},"excerpt":{"rendered":"<p>The relationship that the Volunteer Program of Cudeca Foundation continues to have with the Andalucia Agency for Volunteers goes back to our early beginnings. \u00a0 In 2003 the Agency acknowledged the work of Volunteer\u2019s via the Andalucia Award for Volunteers and 8 years later they are showing their support again with the 10th Andalucia Volunteers [&hellip;]<\/p>\n","protected":false},"author":0,"featured_media":0,"comment_status":"open","ping_status":"open","sticky":false,"template":"","format":"standard","meta":[],"categories":[15],"tags":[],"yoast_head":"<!-- This site is optimized with the Yoast SEO plugin v19.4 - https:\/\/yoast.com\/wordpress\/plugins\/seo\/ -->\n<title>Cudeca is awarded at the Andalucia Volunteer Prize Awards - Cudeca Cancer Care Hospice<\/title>\n<meta name=\"robots\" content=\"index, follow, max-snippet:-1, max-image-preview:large, max-video-preview:-1\" \/>\n<link rel=\"canonical\" href=\"https:\/\/www.cudeca.org\/actualidad\/cudeca-is-awarded-at-the-andalucia-volunteer-prize-awards\/\" \/>\n<meta property=\"og:locale\" content=\"en_US\" \/>\n<meta property=\"og:type\" content=\"article\" \/>\n<meta property=\"og:title\" content=\"Cudeca is awarded at the Andalucia Volunteer Prize Awards - Cudeca Cancer Care Hospice\" \/>\n<meta property=\"og:description\" content=\"The relationship that the Volunteer Program of Cudeca Foundation continues to have with the Andalucia Agency for Volunteers goes back to our early beginnings. \u00a0 In 2003 the Agency acknowledged the work of Volunteer\u2019s via the Andalucia Award for Volunteers and 8 years later they are showing their support again with the 10th Andalucia Volunteers [&hellip;]\" \/>\n<meta property=\"og:url\" content=\"https:\/\/www.cudeca.org\/actualidad\/cudeca-is-awarded-at-the-andalucia-volunteer-prize-awards\/\" \/>\n<meta property=\"og:site_name\" content=\"Cudeca Cancer Care Hospice\" \/>\n<meta property=\"article:publisher\" content=\"https:\/\/www.facebook.com\/AmigosDeCudeca\" \/>\n<meta property=\"article:published_time\" content=\"2010-11-29T17:36:29+00:00\" \/>\n<meta name=\"twitter:card\" content=\"summary_large_image\" \/>\n<meta name=\"twitter:creator\" content=\"@cudeca\" \/>\n<meta name=\"twitter:site\" content=\"@cudeca\" \/>\n<meta name=\"twitter:label1\" content=\"Est. reading time\" \/>\n\t<meta name=\"twitter:data1\" content=\"1 minute\" \/>\n<script type=\"application\/ld+json\" class=\"yoast-schema-graph\">{\"@context\":\"https:\/\/schema.org\",\"@graph\":[{\"@type\":\"Organization\",\"@id\":\"https:\/\/www.cudeca.org\/#organization\",\"name\":\"Fundaci\u00f3n Cudeca\",\"url\":\"https:\/\/www.cudeca.org\/\",\"sameAs\":[\"https:\/\/www.youtube.com\/c\/cudecamalaga\",\"https:\/\/www.facebook.com\/AmigosDeCudeca\",\"https:\/\/twitter.com\/cudeca\"],\"logo\":{\"@type\":\"ImageObject\",\"inLanguage\":\"en-US\",\"@id\":\"https:\/\/www.cudeca.org\/#\/schema\/logo\/image\/\",\"url\":\"https:\/\/www.cudeca.org\/wp-content\/uploads\/2018\/02\/cudeca-logo.png\",\"contentUrl\":\"https:\/\/www.cudeca.org\/wp-content\/uploads\/2018\/02\/cudeca-logo.png\",\"width\":2121,\"height\":984,\"caption\":\"Fundaci\u00f3n Cudeca\"},\"image\":{\"@id\":\"https:\/\/www.cudeca.org\/#\/schema\/logo\/image\/\"}},{\"@type\":\"WebSite\",\"@id\":\"https:\/\/www.cudeca.org\/#website\",\"url\":\"https:\/\/www.cudeca.org\/\",\"name\":\"Fundaci\u00f3n Cudeca\",\"description\":\"Cudeca Hospice\",\"publisher\":{\"@id\":\"https:\/\/www.cudeca.org\/#organization\"},\"potentialAction\":[{\"@type\":\"SearchAction\",\"target\":{\"@type\":\"EntryPoint\",\"urlTemplate\":\"https:\/\/www.cudeca.org\/?s={search_term_string}\"},\"query-input\":\"required name=search_term_string\"}],\"inLanguage\":\"en-US\"},{\"@type\":\"WebPage\",\"@id\":\"https:\/\/www.cudeca.org\/actualidad\/cudeca-is-awarded-at-the-andalucia-volunteer-prize-awards\/\",\"url\":\"https:\/\/www.cudeca.org\/actualidad\/cudeca-is-awarded-at-the-andalucia-volunteer-prize-awards\/\",\"name\":\"Cudeca is awarded at the Andalucia Volunteer Prize Awards - Cudeca Cancer Care Hospice\",\"isPartOf\":{\"@id\":\"https:\/\/www.cudeca.org\/#website\"},\"datePublished\":\"2010-11-29T17:36:29+00:00\",\"dateModified\":\"2010-11-29T17:36:29+00:00\",\"breadcrumb\":{\"@id\":\"https:\/\/www.cudeca.org\/actualidad\/cudeca-is-awarded-at-the-andalucia-volunteer-prize-awards\/#breadcrumb\"},\"inLanguage\":\"en-US\",\"potentialAction\":[{\"@type\":\"ReadAction\",\"target\":[\"https:\/\/www.cudeca.org\/actualidad\/cudeca-is-awarded-at-the-andalucia-volunteer-prize-awards\/\"]}]},{\"@type\":\"BreadcrumbList\",\"@id\":\"https:\/\/www.cudeca.org\/actualidad\/cudeca-is-awarded-at-the-andalucia-volunteer-prize-awards\/#breadcrumb\",\"itemListElement\":[{\"@type\":\"ListItem\",\"position\":1,\"name\":\"Portada\",\"item\":\"https:\/\/www.cudeca.org\/\"},{\"@type\":\"ListItem\",\"position\":2,\"name\":\"Cudeca is awarded at the Andalucia Volunteer Prize Awards\"}]},{\"@type\":\"Article\",\"@id\":\"https:\/\/www.cudeca.org\/actualidad\/cudeca-is-awarded-at-the-andalucia-volunteer-prize-awards\/#article\",\"isPartOf\":{\"@id\":\"https:\/\/www.cudeca.org\/actualidad\/cudeca-is-awarded-at-the-andalucia-volunteer-prize-awards\/\"},\"author\":{\"name\":\"\",\"@id\":\"\"},\"headline\":\"Cudeca is awarded at the Andalucia Volunteer Prize Awards\",\"datePublished\":\"2010-11-29T17:36:29+00:00\",\"dateModified\":\"2010-11-29T17:36:29+00:00\",\"mainEntityOfPage\":{\"@id\":\"https:\/\/www.cudeca.org\/actualidad\/cudeca-is-awarded-at-the-andalucia-volunteer-prize-awards\/\"},\"wordCount\":175,\"commentCount\":0,\"publisher\":{\"@id\":\"https:\/\/www.cudeca.org\/#organization\"},\"articleSection\":[\"\"],\"inLanguage\":\"en-US\",\"potentialAction\":[{\"@type\":\"CommentAction\",\"name\":\"Comment\",\"target\":[\"https:\/\/www.cudeca.org\/actualidad\/cudeca-is-awarded-at-the-andalucia-volunteer-prize-awards\/#respond\"]}]}]}<\/script>\n<!-- \/ Yoast SEO plugin. -->","yoast_head_json":{"title":"Cudeca is awarded at the Andalucia Volunteer Prize Awards - Cudeca Cancer Care Hospice","robots":{"index":"index","follow":"follow","max-snippet":"max-snippet:-1","max-image-preview":"max-image-preview:large","max-video-preview":"max-video-preview:-1"},"canonical":"https:\/\/www.cudeca.org\/actualidad\/cudeca-is-awarded-at-the-andalucia-volunteer-prize-awards\/","og_locale":"en_US","og_type":"article","og_title":"Cudeca is awarded at the Andalucia Volunteer Prize Awards - Cudeca Cancer Care Hospice","og_description":"The relationship that the Volunteer Program of Cudeca Foundation continues to have with the Andalucia Agency for Volunteers goes back to our early beginnings. \u00a0 In 2003 the Agency acknowledged the work of Volunteer\u2019s via the Andalucia Award for Volunteers and 8 years later they are showing their support again with the 10th Andalucia Volunteers [&hellip;]","og_url":"https:\/\/www.cudeca.org\/actualidad\/cudeca-is-awarded-at-the-andalucia-volunteer-prize-awards\/","og_site_name":"Cudeca Cancer Care Hospice","article_publisher":"https:\/\/www.facebook.com\/AmigosDeCudeca","article_published_time":"2010-11-29T17:36:29+00:00","twitter_card":"summary_large_image","twitter_creator":"@cudeca","twitter_site":"@cudeca","twitter_misc":{"Est. reading time":"1 minute"},"schema":{"@context":"https:\/\/schema.org","@graph":[{"@type":"Organization","@id":"https:\/\/www.cudeca.org\/#organization","name":"Fundaci\u00f3n Cudeca","url":"https:\/\/www.cudeca.org\/","sameAs":["https:\/\/www.youtube.com\/c\/cudecamalaga","https:\/\/www.facebook.com\/AmigosDeCudeca","https:\/\/twitter.com\/cudeca"],"logo":{"@type":"ImageObject","inLanguage":"en-US","@id":"https:\/\/www.cudeca.org\/#\/schema\/logo\/image\/","url":"https:\/\/www.cudeca.org\/wp-content\/uploads\/2018\/02\/cudeca-logo.png","contentUrl":"https:\/\/www.cudeca.org\/wp-content\/uploads\/2018\/02\/cudeca-logo.png","width":2121,"height":984,"caption":"Fundaci\u00f3n Cudeca"},"image":{"@id":"https:\/\/www.cudeca.org\/#\/schema\/logo\/image\/"}},{"@type":"WebSite","@id":"https:\/\/www.cudeca.org\/#website","url":"https:\/\/www.cudeca.org\/","name":"Fundaci\u00f3n Cudeca","description":"Cudeca Hospice","publisher":{"@id":"https:\/\/www.cudeca.org\/#organization"},"potentialAction":[{"@type":"SearchAction","target":{"@type":"EntryPoint","urlTemplate":"https:\/\/www.cudeca.org\/?s={search_term_string}"},"query-input":"required name=search_term_string"}],"inLanguage":"en-US"},{"@type":"WebPage","@id":"https:\/\/www.cudeca.org\/actualidad\/cudeca-is-awarded-at-the-andalucia-volunteer-prize-awards\/","url":"https:\/\/www.cudeca.org\/actualidad\/cudeca-is-awarded-at-the-andalucia-volunteer-prize-awards\/","name":"Cudeca is awarded at the Andalucia Volunteer Prize Awards - Cudeca Cancer Care Hospice","isPartOf":{"@id":"https:\/\/www.cudeca.org\/#website"},"datePublished":"2010-11-29T17:36:29+00:00","dateModified":"2010-11-29T17:36:29+00:00","breadcrumb":{"@id":"https:\/\/www.cudeca.org\/actualidad\/cudeca-is-awarded-at-the-andalucia-volunteer-prize-awards\/#breadcrumb"},"inLanguage":"en-US","potentialAction":[{"@type":"ReadAction","target":["https:\/\/www.cudeca.org\/actualidad\/cudeca-is-awarded-at-the-andalucia-volunteer-prize-awards\/"]}]},{"@type":"BreadcrumbList","@id":"https:\/\/www.cudeca.org\/actualidad\/cudeca-is-awarded-at-the-andalucia-volunteer-prize-awards\/#breadcrumb","itemListElement":[{"@type":"ListItem","position":1,"name":"Portada","item":"https:\/\/www.cudeca.org\/"},{"@type":"ListItem","position":2,"name":"Cudeca is awarded at the Andalucia Volunteer Prize Awards"}]},{"@type":"Article","@id":"https:\/\/www.cudeca.org\/actualidad\/cudeca-is-awarded-at-the-andalucia-volunteer-prize-awards\/#article","isPartOf":{"@id":"https:\/\/www.cudeca.org\/actualidad\/cudeca-is-awarded-at-the-andalucia-volunteer-prize-awards\/"},"author":{"name":"","@id":""},"headline":"Cudeca is awarded at the Andalucia Volunteer Prize Awards","datePublished":"2010-11-29T17:36:29+00:00","dateModified":"2010-11-29T17:36:29+00:00","mainEntityOfPage":{"@id":"https:\/\/www.cudeca.org\/actualidad\/cudeca-is-awarded-at-the-andalucia-volunteer-prize-awards\/"},"wordCount":175,"commentCount":0,"publisher":{"@id":"https:\/\/www.cudeca.org\/#organization"},"articleSection":[""],"inLanguage":"en-US","potentialAction":[{"@type":"CommentAction","name":"Comment","target":["https:\/\/www.cudeca.org\/actualidad\/cudeca-is-awarded-at-the-andalucia-volunteer-prize-awards\/#respond"]}]}]}},"_links":{"self":[{"href":"https:\/\/www.cudeca.org\/en\/wp-json\/wp\/v2\/posts\/16023"}],"collection":[{"href":"https:\/\/www.cudeca.org\/en\/wp-json\/wp\/v2\/posts"}],"about":[{"href":"https:\/\/www.cudeca.org\/en\/wp-json\/wp\/v2\/types\/post"}],"replies":[{"embeddable":true,"href":"https:\/\/www.cudeca.org\/en\/wp-json\/wp\/v2\/comments?post=16023"}],"version-history":[{"count":0,"href":"https:\/\/www.cudeca.org\/en\/wp-json\/wp\/v2\/posts\/16023\/revisions"}],"wp:attachment":[{"href":"https:\/\/www.cudeca.org\/en\/wp-json\/wp\/v2\/media?parent=16023"}],"wp:term":[{"taxonomy":"category","embeddable":true,"href":"https:\/\/www.cudeca.org\/en\/wp-json\/wp\/v2\/categories?post=16023"},{"taxonomy":"post_tag","embeddable":true,"href":"https:\/\/www.cudeca.org\/en\/wp-json\/wp\/v2\/tags?post=16023"}],"curies":[{"name":"wp","href":"https:\/\/api.w.org\/{rel}","templated":true}]}}