{"id":15998,"date":"2010-08-10T17:30:29","date_gmt":"2010-08-10T17:30:29","guid":{"rendered":"https:\/\/www.cudeca.org\/actualidad\/spectacular-starlite-gala-with-cudeca\/"},"modified":"2010-08-10T17:30:29","modified_gmt":"2010-08-10T17:30:29","slug":"spectacular-starlite-gala-with-cudeca","status":"publish","type":"post","link":"https:\/\/www.cudeca.org\/en\/actualidad\/spectacular-starlite-gala-with-cudeca\/","title":{"rendered":"Spectacular Starlite Gala with Cudeca"},"content":{"rendered":"<p><\/p>\n<div id=\"notCuerpo\">\n<div>  \tCudeca Cancer Care Hospice is wholeheartedly grateful to <strong>Antonio Banderas, Melanie Griffith, Stella del Carmen, Maria Bravo, Sandra Garc\u00eda &#8211; Sanju\u00e1n<\/strong>, the trustees of the Foundation Tears and Favors, Vega Factory, Hotel Villapadierna\u2026.for all the support and affection given to Cudeca, at the spectacular gala Starlite, held on Saturday 7th August in Marbella.<\/div>\n<div>  \t\u00a0<\/div>\n<div>  \tThe aim of the gala, held in true Hollywood style, was to raise funds for the following three foundations: Eva&#039;s Heroes (Eva Longoria); \u201c<strong>Fundaci\u00f3n Lagrimas y Favores<\/strong>\u201d Tears and Favours (Antonio Banderas); and \u201cNi\u00f1os en Alegria\u201d Joy to Children (Sandra Garc\u00eda Sanju\u00e1n).<\/div>\n<div>  \t\u00a0<\/div>\n<div>  \t\u201cSince I\u2019ve been in Marbella, you won\u2019t have seen me at many parties, but I\u2019ve attended this one as it is so important to me\u201d, said Antonio as president of the Foundation Lagrimas y Favores, whose main objectives are to support the local culture and education via the University of M\u00e1laga (UMA) and also to help the <strong>Cudeca Cancer Care Hospice<\/strong> that provides Palliative Care patients suffering from advanced cancer.<\/div>\n<div>  \t<strong><br \/>  \t<span style=\"font-size: 14px\">CELEBRITIES WITH CUDECA<\/span><\/strong><\/div>\n<div>  \t\u00a0<\/div>\n<div>  \tAmong those attending the dinner, we were delighted to raise awareness of the care provided by Cudeca Cancer Care Hospice to <strong>Boris Becker, Eugenia Silva, Paloma Cuevas, Luis Alfonso de Borb\u00f3n y Margarita Vargas, Luis del Olmo, Rosa Villacast\u00edn, Gunilla Von Bismarck and Luis Ortiz, Carmen Lomana, Chenoa, David de Mar\u00eda, Manu Tenorio and Depack Chopra<\/strong>, elected winner of the evening for his great humanitarian work worldwide.<\/div>\n<div>  \t\u00a0<\/div>\n<div>  \tSince 1992, Cudeca has cared for more than 5,600 patients via personalized programs such as the Home Care Program, In-Patent Unit, Day Care Centre and many other multidisciplinary activities coordinated from the Hospice Centre.<\/div>\n<div>  \t\u00a0<\/div>\n<div>  \tThe friendship and collaboration of the community who are loyal to the cause, are giving life to the days of patients and families attended to by the Hospice this year, and we sincerely hope we can continue to help all those who need us in the future.<\/div>\n<div>  \t\u00a0<\/div>\n<div style=\"text-align: center\">  \t<a href=\"https:\/\/www.cudeca.org\/en\/bc\/fundraising\/campaigns\/becomebenefactor\"><strong><br \/>  \tHELP US TO CONTINUE GIVING LIFE TO DAYS!<br \/>  \t<\/strong><\/a><\/div><\/div>\n<p><\/p>","protected":false},"excerpt":{"rendered":"<p>Cudeca Cancer Care Hospice is wholeheartedly grateful to Antonio Banderas, Melanie Griffith, Stella del Carmen, Maria Bravo, Sandra Garc\u00eda &#8211; Sanju\u00e1n, the trustees of the Foundation Tears and Favors, Vega Factory, Hotel Villapadierna\u2026.for all the support and affection given to Cudeca, at the spectacular gala Starlite, held on Saturday 7th August in Marbella. \u00a0 The [&hellip;]<\/p>\n","protected":false},"author":0,"featured_media":0,"comment_status":"open","ping_status":"open","sticky":false,"template":"","format":"standard","meta":[],"categories":[15],"tags":[],"yoast_head":"<!-- This site is optimized with the Yoast SEO plugin v19.4 - https:\/\/yoast.com\/wordpress\/plugins\/seo\/ -->\n<title>Spectacular Starlite Gala with Cudeca - Cudeca Cancer Care Hospice<\/title>\n<meta name=\"robots\" content=\"index, follow, max-snippet:-1, max-image-preview:large, max-video-preview:-1\" \/>\n<link rel=\"canonical\" href=\"https:\/\/www.cudeca.org\/en\/actualidad\/spectacular-starlite-gala-with-cudeca\/\" \/>\n<meta property=\"og:locale\" content=\"en_US\" \/>\n<meta property=\"og:type\" content=\"article\" \/>\n<meta property=\"og:title\" content=\"Spectacular Starlite Gala with Cudeca - Cudeca Cancer Care Hospice\" \/>\n<meta property=\"og:description\" content=\"Cudeca Cancer Care Hospice is wholeheartedly grateful to Antonio Banderas, Melanie Griffith, Stella del Carmen, Maria Bravo, Sandra Garc\u00eda &#8211; Sanju\u00e1n, the trustees of the Foundation Tears and Favors, Vega Factory, Hotel Villapadierna\u2026.for all the support and affection given to Cudeca, at the spectacular gala Starlite, held on Saturday 7th August in Marbella. \u00a0 The [&hellip;]\" \/>\n<meta property=\"og:url\" content=\"https:\/\/www.cudeca.org\/en\/actualidad\/spectacular-starlite-gala-with-cudeca\/\" \/>\n<meta property=\"og:site_name\" content=\"Cudeca Cancer Care Hospice\" \/>\n<meta property=\"article:publisher\" content=\"https:\/\/www.facebook.com\/AmigosDeCudeca\" \/>\n<meta property=\"article:published_time\" content=\"2010-08-10T17:30:29+00:00\" \/>\n<meta name=\"twitter:card\" content=\"summary_large_image\" \/>\n<meta name=\"twitter:creator\" content=\"@cudeca\" \/>\n<meta name=\"twitter:site\" content=\"@cudeca\" \/>\n<meta name=\"twitter:label1\" content=\"Est. reading time\" \/>\n\t<meta name=\"twitter:data1\" content=\"2 minutes\" \/>\n<script type=\"application\/ld+json\" class=\"yoast-schema-graph\">{\"@context\":\"https:\/\/schema.org\",\"@graph\":[{\"@type\":\"Organization\",\"@id\":\"https:\/\/www.cudeca.org\/#organization\",\"name\":\"Fundaci\u00f3n Cudeca\",\"url\":\"https:\/\/www.cudeca.org\/\",\"sameAs\":[\"https:\/\/www.youtube.com\/c\/cudecamalaga\",\"https:\/\/www.facebook.com\/AmigosDeCudeca\",\"https:\/\/twitter.com\/cudeca\"],\"logo\":{\"@type\":\"ImageObject\",\"inLanguage\":\"en-US\",\"@id\":\"https:\/\/www.cudeca.org\/#\/schema\/logo\/image\/\",\"url\":\"https:\/\/www.cudeca.org\/wp-content\/uploads\/2018\/02\/cudeca-logo.png\",\"contentUrl\":\"https:\/\/www.cudeca.org\/wp-content\/uploads\/2018\/02\/cudeca-logo.png\",\"width\":2121,\"height\":984,\"caption\":\"Fundaci\u00f3n Cudeca\"},\"image\":{\"@id\":\"https:\/\/www.cudeca.org\/#\/schema\/logo\/image\/\"}},{\"@type\":\"WebSite\",\"@id\":\"https:\/\/www.cudeca.org\/#website\",\"url\":\"https:\/\/www.cudeca.org\/\",\"name\":\"Fundaci\u00f3n Cudeca\",\"description\":\"Cudeca Hospice\",\"publisher\":{\"@id\":\"https:\/\/www.cudeca.org\/#organization\"},\"potentialAction\":[{\"@type\":\"SearchAction\",\"target\":{\"@type\":\"EntryPoint\",\"urlTemplate\":\"https:\/\/www.cudeca.org\/?s={search_term_string}\"},\"query-input\":\"required name=search_term_string\"}],\"inLanguage\":\"en-US\"},{\"@type\":\"WebPage\",\"@id\":\"https:\/\/www.cudeca.org\/en\/actualidad\/spectacular-starlite-gala-with-cudeca\/\",\"url\":\"https:\/\/www.cudeca.org\/en\/actualidad\/spectacular-starlite-gala-with-cudeca\/\",\"name\":\"Spectacular Starlite Gala with Cudeca - Cudeca Cancer Care Hospice\",\"isPartOf\":{\"@id\":\"https:\/\/www.cudeca.org\/#website\"},\"datePublished\":\"2010-08-10T17:30:29+00:00\",\"dateModified\":\"2010-08-10T17:30:29+00:00\",\"breadcrumb\":{\"@id\":\"https:\/\/www.cudeca.org\/en\/actualidad\/spectacular-starlite-gala-with-cudeca\/#breadcrumb\"},\"inLanguage\":\"en-US\",\"potentialAction\":[{\"@type\":\"ReadAction\",\"target\":[\"https:\/\/www.cudeca.org\/en\/actualidad\/spectacular-starlite-gala-with-cudeca\/\"]}]},{\"@type\":\"BreadcrumbList\",\"@id\":\"https:\/\/www.cudeca.org\/en\/actualidad\/spectacular-starlite-gala-with-cudeca\/#breadcrumb\",\"itemListElement\":[{\"@type\":\"ListItem\",\"position\":1,\"name\":\"Portada\",\"item\":\"https:\/\/www.cudeca.org\/\"},{\"@type\":\"ListItem\",\"position\":2,\"name\":\"Spectacular Starlite Gala with Cudeca\"}]},{\"@type\":\"Article\",\"@id\":\"https:\/\/www.cudeca.org\/en\/actualidad\/spectacular-starlite-gala-with-cudeca\/#article\",\"isPartOf\":{\"@id\":\"https:\/\/www.cudeca.org\/en\/actualidad\/spectacular-starlite-gala-with-cudeca\/\"},\"author\":{\"name\":\"\",\"@id\":\"\"},\"headline\":\"Spectacular Starlite Gala with Cudeca\",\"datePublished\":\"2010-08-10T17:30:29+00:00\",\"dateModified\":\"2010-08-10T17:30:29+00:00\",\"mainEntityOfPage\":{\"@id\":\"https:\/\/www.cudeca.org\/en\/actualidad\/spectacular-starlite-gala-with-cudeca\/\"},\"wordCount\":344,\"commentCount\":0,\"publisher\":{\"@id\":\"https:\/\/www.cudeca.org\/#organization\"},\"articleSection\":[\"\"],\"inLanguage\":\"en-US\",\"potentialAction\":[{\"@type\":\"CommentAction\",\"name\":\"Comment\",\"target\":[\"https:\/\/www.cudeca.org\/en\/actualidad\/spectacular-starlite-gala-with-cudeca\/#respond\"]}]}]}<\/script>\n<!-- \/ Yoast SEO plugin. -->","yoast_head_json":{"title":"Spectacular Starlite Gala with Cudeca - Cudeca Cancer Care Hospice","robots":{"index":"index","follow":"follow","max-snippet":"max-snippet:-1","max-image-preview":"max-image-preview:large","max-video-preview":"max-video-preview:-1"},"canonical":"https:\/\/www.cudeca.org\/en\/actualidad\/spectacular-starlite-gala-with-cudeca\/","og_locale":"en_US","og_type":"article","og_title":"Spectacular Starlite Gala with Cudeca - Cudeca Cancer Care Hospice","og_description":"Cudeca Cancer Care Hospice is wholeheartedly grateful to Antonio Banderas, Melanie Griffith, Stella del Carmen, Maria Bravo, Sandra Garc\u00eda &#8211; Sanju\u00e1n, the trustees of the Foundation Tears and Favors, Vega Factory, Hotel Villapadierna\u2026.for all the support and affection given to Cudeca, at the spectacular gala Starlite, held on Saturday 7th August in Marbella. \u00a0 The [&hellip;]","og_url":"https:\/\/www.cudeca.org\/en\/actualidad\/spectacular-starlite-gala-with-cudeca\/","og_site_name":"Cudeca Cancer Care Hospice","article_publisher":"https:\/\/www.facebook.com\/AmigosDeCudeca","article_published_time":"2010-08-10T17:30:29+00:00","twitter_card":"summary_large_image","twitter_creator":"@cudeca","twitter_site":"@cudeca","twitter_misc":{"Est. reading time":"2 minutes"},"schema":{"@context":"https:\/\/schema.org","@graph":[{"@type":"Organization","@id":"https:\/\/www.cudeca.org\/#organization","name":"Fundaci\u00f3n Cudeca","url":"https:\/\/www.cudeca.org\/","sameAs":["https:\/\/www.youtube.com\/c\/cudecamalaga","https:\/\/www.facebook.com\/AmigosDeCudeca","https:\/\/twitter.com\/cudeca"],"logo":{"@type":"ImageObject","inLanguage":"en-US","@id":"https:\/\/www.cudeca.org\/#\/schema\/logo\/image\/","url":"https:\/\/www.cudeca.org\/wp-content\/uploads\/2018\/02\/cudeca-logo.png","contentUrl":"https:\/\/www.cudeca.org\/wp-content\/uploads\/2018\/02\/cudeca-logo.png","width":2121,"height":984,"caption":"Fundaci\u00f3n Cudeca"},"image":{"@id":"https:\/\/www.cudeca.org\/#\/schema\/logo\/image\/"}},{"@type":"WebSite","@id":"https:\/\/www.cudeca.org\/#website","url":"https:\/\/www.cudeca.org\/","name":"Fundaci\u00f3n Cudeca","description":"Cudeca Hospice","publisher":{"@id":"https:\/\/www.cudeca.org\/#organization"},"potentialAction":[{"@type":"SearchAction","target":{"@type":"EntryPoint","urlTemplate":"https:\/\/www.cudeca.org\/?s={search_term_string}"},"query-input":"required name=search_term_string"}],"inLanguage":"en-US"},{"@type":"WebPage","@id":"https:\/\/www.cudeca.org\/en\/actualidad\/spectacular-starlite-gala-with-cudeca\/","url":"https:\/\/www.cudeca.org\/en\/actualidad\/spectacular-starlite-gala-with-cudeca\/","name":"Spectacular Starlite Gala with Cudeca - Cudeca Cancer Care Hospice","isPartOf":{"@id":"https:\/\/www.cudeca.org\/#website"},"datePublished":"2010-08-10T17:30:29+00:00","dateModified":"2010-08-10T17:30:29+00:00","breadcrumb":{"@id":"https:\/\/www.cudeca.org\/en\/actualidad\/spectacular-starlite-gala-with-cudeca\/#breadcrumb"},"inLanguage":"en-US","potentialAction":[{"@type":"ReadAction","target":["https:\/\/www.cudeca.org\/en\/actualidad\/spectacular-starlite-gala-with-cudeca\/"]}]},{"@type":"BreadcrumbList","@id":"https:\/\/www.cudeca.org\/en\/actualidad\/spectacular-starlite-gala-with-cudeca\/#breadcrumb","itemListElement":[{"@type":"ListItem","position":1,"name":"Portada","item":"https:\/\/www.cudeca.org\/"},{"@type":"ListItem","position":2,"name":"Spectacular Starlite Gala with Cudeca"}]},{"@type":"Article","@id":"https:\/\/www.cudeca.org\/en\/actualidad\/spectacular-starlite-gala-with-cudeca\/#article","isPartOf":{"@id":"https:\/\/www.cudeca.org\/en\/actualidad\/spectacular-starlite-gala-with-cudeca\/"},"author":{"name":"","@id":""},"headline":"Spectacular Starlite Gala with Cudeca","datePublished":"2010-08-10T17:30:29+00:00","dateModified":"2010-08-10T17:30:29+00:00","mainEntityOfPage":{"@id":"https:\/\/www.cudeca.org\/en\/actualidad\/spectacular-starlite-gala-with-cudeca\/"},"wordCount":344,"commentCount":0,"publisher":{"@id":"https:\/\/www.cudeca.org\/#organization"},"articleSection":[""],"inLanguage":"en-US","potentialAction":[{"@type":"CommentAction","name":"Comment","target":["https:\/\/www.cudeca.org\/en\/actualidad\/spectacular-starlite-gala-with-cudeca\/#respond"]}]}]}},"_links":{"self":[{"href":"https:\/\/www.cudeca.org\/en\/wp-json\/wp\/v2\/posts\/15998"}],"collection":[{"href":"https:\/\/www.cudeca.org\/en\/wp-json\/wp\/v2\/posts"}],"about":[{"href":"https:\/\/www.cudeca.org\/en\/wp-json\/wp\/v2\/types\/post"}],"replies":[{"embeddable":true,"href":"https:\/\/www.cudeca.org\/en\/wp-json\/wp\/v2\/comments?post=15998"}],"version-history":[{"count":0,"href":"https:\/\/www.cudeca.org\/en\/wp-json\/wp\/v2\/posts\/15998\/revisions"}],"wp:attachment":[{"href":"https:\/\/www.cudeca.org\/en\/wp-json\/wp\/v2\/media?parent=15998"}],"wp:term":[{"taxonomy":"category","embeddable":true,"href":"https:\/\/www.cudeca.org\/en\/wp-json\/wp\/v2\/categories?post=15998"},{"taxonomy":"post_tag","embeddable":true,"href":"https:\/\/www.cudeca.org\/en\/wp-json\/wp\/v2\/tags?post=15998"}],"curies":[{"name":"wp","href":"https:\/\/api.w.org\/{rel}","templated":true}]}}