{"id":15988,"date":"2010-06-21T17:30:21","date_gmt":"2010-06-21T17:30:21","guid":{"rendered":"https:\/\/www.cudeca.org\/actualidad\/presentation-of-the-network-of-ambassadors-from-the-international-torrequebrada-school-with-collaboration-from-antonio-banderas\/"},"modified":"2010-06-21T17:30:21","modified_gmt":"2010-06-21T17:30:21","slug":"presentation-of-the-network-of-ambassadors-from-the-international-torrequebrada-school-with-collaboration-from-antonio-banderas","status":"publish","type":"post","link":"https:\/\/www.cudeca.org\/en\/actualidad\/presentation-of-the-network-of-ambassadors-from-the-international-torrequebrada-school-with-collaboration-from-antonio-banderas\/","title":{"rendered":"Presentation of the Network of Ambassadors from the International Torrequebrada School with collaboration from Antonio Banderas"},"content":{"rendered":"<p><\/p>\n<div id=\"notCuerpo\">\n<div>  \tThe International School of Torrequebrada (CIT) presented its Network of Child Ambassadors in the Benalm\u00e1dena Town Hall for the Cultural, Educational and Social commitment (REIC).<\/p>\n<p>  \tWith the influence of Antonio Banderas and in collaboration with the International Torrequebrada School (CIT), the Ambassadors Network for Children REIC was created in M\u00e1laga, with the \u201cobjective to make the most of and channel the talent, creativity, enthusiasm and energy of children, therefore promoting improvement and awareness activities in the social, cultural and educational society in which we live&#8221; quoted Banderas in the letter addressed to the school accepting this new network.<\/p><\/div>\n<div>  \tThe first project assigned to the task force, resulted in the achievement of 60 new Benefactors for the Cudeca Hospice, with an annual contribution of \u20ac 4,000.<\/p>\n<p>  \tAs a reward for their efforts, Samatha D\u00edaz Gu\u00e9dez (pupil of class 1\u00ba ES) and Charo Abad, Luisa Catal\u00e1n\u2019s Grandmother from class 3\u00ba ESO, have won a trip to London for three people, including theatre tickets, thanks to the Cajasol sponsorship, organised by branch manager of Benalm\u00e1dena, Don Carlos Ru\u00edz.<\/p><\/div>\n<div>  \tThe presentation ceremony was attended by the Mayor of Benalm\u00e1dena and Patron of Cudeca, Don Enrique Moya; the Health Councillor, D\u00f1a. Inmaculada Hernandez; the Deputy Mayor and Town Planning Councillor, Don Jes\u00fas Fortes; the Director of the International College of Torrequebrada, D\u00f1a. Sonia Diez; the Deputy \u2013 Chief Executive &#8211; Financial Director of Cudeca, Don Rafael Olalla Mart\u00ednez, and representing the Fundaci\u00f3n L\u00e1grimas y Favores (Tears and Favours) on behalf of Antonio Banderas, Don Francisco Javier Banderas and Don Francisco Fortes.<br \/>  \t\u00a0<\/div>\n<div>  \tOn behalf of Cudeca, we express our gratitude and congratulations to all the friends of the Torrequebrada School.<br \/>  \t\u00a0\u00a0<\/div><\/div>\n<p><\/p>","protected":false},"excerpt":{"rendered":"<p>The International School of Torrequebrada (CIT) presented its Network of Child Ambassadors in the Benalm\u00e1dena Town Hall for the Cultural, Educational and Social commitment (REIC). With the influence of Antonio Banderas and in collaboration with the International Torrequebrada School (CIT), the Ambassadors Network for Children REIC was created in M\u00e1laga, with the \u201cobjective to make [&hellip;]<\/p>\n","protected":false},"author":0,"featured_media":0,"comment_status":"open","ping_status":"open","sticky":false,"template":"","format":"standard","meta":[],"categories":[15],"tags":[],"yoast_head":"<!-- This site is optimized with the Yoast SEO plugin v19.4 - https:\/\/yoast.com\/wordpress\/plugins\/seo\/ -->\n<title>Presentation of the Network of Ambassadors from the International Torrequebrada School with collaboration from Antonio Banderas - Cudeca Cancer Care Hospice<\/title>\n<meta name=\"robots\" content=\"index, follow, max-snippet:-1, max-image-preview:large, max-video-preview:-1\" \/>\n<link rel=\"canonical\" href=\"https:\/\/www.cudeca.org\/actualidad\/presentation-of-the-network-of-ambassadors-from-the-international-torrequebrada-school-with-collaboration-from-antonio-banderas\/\" \/>\n<meta property=\"og:locale\" content=\"en_US\" \/>\n<meta property=\"og:type\" content=\"article\" \/>\n<meta property=\"og:title\" content=\"Presentation of the Network of Ambassadors from the International Torrequebrada School with collaboration from Antonio Banderas - Cudeca Cancer Care Hospice\" \/>\n<meta property=\"og:description\" content=\"The International School of Torrequebrada (CIT) presented its Network of Child Ambassadors in the Benalm\u00e1dena Town Hall for the Cultural, Educational and Social commitment (REIC). With the influence of Antonio Banderas and in collaboration with the International Torrequebrada School (CIT), the Ambassadors Network for Children REIC was created in M\u00e1laga, with the \u201cobjective to make [&hellip;]\" \/>\n<meta property=\"og:url\" content=\"https:\/\/www.cudeca.org\/actualidad\/presentation-of-the-network-of-ambassadors-from-the-international-torrequebrada-school-with-collaboration-from-antonio-banderas\/\" \/>\n<meta property=\"og:site_name\" content=\"Cudeca Cancer Care Hospice\" \/>\n<meta property=\"article:publisher\" content=\"https:\/\/www.facebook.com\/AmigosDeCudeca\" \/>\n<meta property=\"article:published_time\" content=\"2010-06-21T17:30:21+00:00\" \/>\n<meta name=\"twitter:card\" content=\"summary_large_image\" \/>\n<meta name=\"twitter:creator\" content=\"@cudeca\" \/>\n<meta name=\"twitter:site\" content=\"@cudeca\" \/>\n<meta name=\"twitter:label1\" content=\"Est. reading time\" \/>\n\t<meta name=\"twitter:data1\" content=\"1 minute\" \/>\n<script type=\"application\/ld+json\" class=\"yoast-schema-graph\">{\"@context\":\"https:\/\/schema.org\",\"@graph\":[{\"@type\":\"Organization\",\"@id\":\"https:\/\/www.cudeca.org\/#organization\",\"name\":\"Fundaci\u00f3n Cudeca\",\"url\":\"https:\/\/www.cudeca.org\/\",\"sameAs\":[\"https:\/\/www.youtube.com\/c\/cudecamalaga\",\"https:\/\/www.facebook.com\/AmigosDeCudeca\",\"https:\/\/twitter.com\/cudeca\"],\"logo\":{\"@type\":\"ImageObject\",\"inLanguage\":\"en-US\",\"@id\":\"https:\/\/www.cudeca.org\/#\/schema\/logo\/image\/\",\"url\":\"https:\/\/www.cudeca.org\/wp-content\/uploads\/2018\/02\/cudeca-logo.png\",\"contentUrl\":\"https:\/\/www.cudeca.org\/wp-content\/uploads\/2018\/02\/cudeca-logo.png\",\"width\":2121,\"height\":984,\"caption\":\"Fundaci\u00f3n Cudeca\"},\"image\":{\"@id\":\"https:\/\/www.cudeca.org\/#\/schema\/logo\/image\/\"}},{\"@type\":\"WebSite\",\"@id\":\"https:\/\/www.cudeca.org\/#website\",\"url\":\"https:\/\/www.cudeca.org\/\",\"name\":\"Fundaci\u00f3n Cudeca\",\"description\":\"Cudeca Hospice\",\"publisher\":{\"@id\":\"https:\/\/www.cudeca.org\/#organization\"},\"potentialAction\":[{\"@type\":\"SearchAction\",\"target\":{\"@type\":\"EntryPoint\",\"urlTemplate\":\"https:\/\/www.cudeca.org\/?s={search_term_string}\"},\"query-input\":\"required name=search_term_string\"}],\"inLanguage\":\"en-US\"},{\"@type\":\"WebPage\",\"@id\":\"https:\/\/www.cudeca.org\/actualidad\/presentation-of-the-network-of-ambassadors-from-the-international-torrequebrada-school-with-collaboration-from-antonio-banderas\/\",\"url\":\"https:\/\/www.cudeca.org\/actualidad\/presentation-of-the-network-of-ambassadors-from-the-international-torrequebrada-school-with-collaboration-from-antonio-banderas\/\",\"name\":\"Presentation of the Network of Ambassadors from the International Torrequebrada School with collaboration from Antonio Banderas - Cudeca Cancer Care Hospice\",\"isPartOf\":{\"@id\":\"https:\/\/www.cudeca.org\/#website\"},\"datePublished\":\"2010-06-21T17:30:21+00:00\",\"dateModified\":\"2010-06-21T17:30:21+00:00\",\"breadcrumb\":{\"@id\":\"https:\/\/www.cudeca.org\/actualidad\/presentation-of-the-network-of-ambassadors-from-the-international-torrequebrada-school-with-collaboration-from-antonio-banderas\/#breadcrumb\"},\"inLanguage\":\"en-US\",\"potentialAction\":[{\"@type\":\"ReadAction\",\"target\":[\"https:\/\/www.cudeca.org\/actualidad\/presentation-of-the-network-of-ambassadors-from-the-international-torrequebrada-school-with-collaboration-from-antonio-banderas\/\"]}]},{\"@type\":\"BreadcrumbList\",\"@id\":\"https:\/\/www.cudeca.org\/actualidad\/presentation-of-the-network-of-ambassadors-from-the-international-torrequebrada-school-with-collaboration-from-antonio-banderas\/#breadcrumb\",\"itemListElement\":[{\"@type\":\"ListItem\",\"position\":1,\"name\":\"Portada\",\"item\":\"https:\/\/www.cudeca.org\/\"},{\"@type\":\"ListItem\",\"position\":2,\"name\":\"Presentation of the Network of Ambassadors from the International Torrequebrada School with collaboration from Antonio Banderas\"}]},{\"@type\":\"Article\",\"@id\":\"https:\/\/www.cudeca.org\/actualidad\/presentation-of-the-network-of-ambassadors-from-the-international-torrequebrada-school-with-collaboration-from-antonio-banderas\/#article\",\"isPartOf\":{\"@id\":\"https:\/\/www.cudeca.org\/actualidad\/presentation-of-the-network-of-ambassadors-from-the-international-torrequebrada-school-with-collaboration-from-antonio-banderas\/\"},\"author\":{\"name\":\"\",\"@id\":\"\"},\"headline\":\"Presentation of the Network of Ambassadors from the International Torrequebrada School with collaboration from Antonio Banderas\",\"datePublished\":\"2010-06-21T17:30:21+00:00\",\"dateModified\":\"2010-06-21T17:30:21+00:00\",\"mainEntityOfPage\":{\"@id\":\"https:\/\/www.cudeca.org\/actualidad\/presentation-of-the-network-of-ambassadors-from-the-international-torrequebrada-school-with-collaboration-from-antonio-banderas\/\"},\"wordCount\":301,\"commentCount\":0,\"publisher\":{\"@id\":\"https:\/\/www.cudeca.org\/#organization\"},\"articleSection\":[\"\"],\"inLanguage\":\"en-US\",\"potentialAction\":[{\"@type\":\"CommentAction\",\"name\":\"Comment\",\"target\":[\"https:\/\/www.cudeca.org\/actualidad\/presentation-of-the-network-of-ambassadors-from-the-international-torrequebrada-school-with-collaboration-from-antonio-banderas\/#respond\"]}]}]}<\/script>\n<!-- \/ Yoast SEO plugin. -->","yoast_head_json":{"title":"Presentation of the Network of Ambassadors from the International Torrequebrada School with collaboration from Antonio Banderas - Cudeca Cancer Care Hospice","robots":{"index":"index","follow":"follow","max-snippet":"max-snippet:-1","max-image-preview":"max-image-preview:large","max-video-preview":"max-video-preview:-1"},"canonical":"https:\/\/www.cudeca.org\/actualidad\/presentation-of-the-network-of-ambassadors-from-the-international-torrequebrada-school-with-collaboration-from-antonio-banderas\/","og_locale":"en_US","og_type":"article","og_title":"Presentation of the Network of Ambassadors from the International Torrequebrada School with collaboration from Antonio Banderas - Cudeca Cancer Care Hospice","og_description":"The International School of Torrequebrada (CIT) presented its Network of Child Ambassadors in the Benalm\u00e1dena Town Hall for the Cultural, Educational and Social commitment (REIC). With the influence of Antonio Banderas and in collaboration with the International Torrequebrada School (CIT), the Ambassadors Network for Children REIC was created in M\u00e1laga, with the \u201cobjective to make [&hellip;]","og_url":"https:\/\/www.cudeca.org\/actualidad\/presentation-of-the-network-of-ambassadors-from-the-international-torrequebrada-school-with-collaboration-from-antonio-banderas\/","og_site_name":"Cudeca Cancer Care Hospice","article_publisher":"https:\/\/www.facebook.com\/AmigosDeCudeca","article_published_time":"2010-06-21T17:30:21+00:00","twitter_card":"summary_large_image","twitter_creator":"@cudeca","twitter_site":"@cudeca","twitter_misc":{"Est. reading time":"1 minute"},"schema":{"@context":"https:\/\/schema.org","@graph":[{"@type":"Organization","@id":"https:\/\/www.cudeca.org\/#organization","name":"Fundaci\u00f3n Cudeca","url":"https:\/\/www.cudeca.org\/","sameAs":["https:\/\/www.youtube.com\/c\/cudecamalaga","https:\/\/www.facebook.com\/AmigosDeCudeca","https:\/\/twitter.com\/cudeca"],"logo":{"@type":"ImageObject","inLanguage":"en-US","@id":"https:\/\/www.cudeca.org\/#\/schema\/logo\/image\/","url":"https:\/\/www.cudeca.org\/wp-content\/uploads\/2018\/02\/cudeca-logo.png","contentUrl":"https:\/\/www.cudeca.org\/wp-content\/uploads\/2018\/02\/cudeca-logo.png","width":2121,"height":984,"caption":"Fundaci\u00f3n Cudeca"},"image":{"@id":"https:\/\/www.cudeca.org\/#\/schema\/logo\/image\/"}},{"@type":"WebSite","@id":"https:\/\/www.cudeca.org\/#website","url":"https:\/\/www.cudeca.org\/","name":"Fundaci\u00f3n Cudeca","description":"Cudeca Hospice","publisher":{"@id":"https:\/\/www.cudeca.org\/#organization"},"potentialAction":[{"@type":"SearchAction","target":{"@type":"EntryPoint","urlTemplate":"https:\/\/www.cudeca.org\/?s={search_term_string}"},"query-input":"required name=search_term_string"}],"inLanguage":"en-US"},{"@type":"WebPage","@id":"https:\/\/www.cudeca.org\/actualidad\/presentation-of-the-network-of-ambassadors-from-the-international-torrequebrada-school-with-collaboration-from-antonio-banderas\/","url":"https:\/\/www.cudeca.org\/actualidad\/presentation-of-the-network-of-ambassadors-from-the-international-torrequebrada-school-with-collaboration-from-antonio-banderas\/","name":"Presentation of the Network of Ambassadors from the International Torrequebrada School with collaboration from Antonio Banderas - Cudeca Cancer Care Hospice","isPartOf":{"@id":"https:\/\/www.cudeca.org\/#website"},"datePublished":"2010-06-21T17:30:21+00:00","dateModified":"2010-06-21T17:30:21+00:00","breadcrumb":{"@id":"https:\/\/www.cudeca.org\/actualidad\/presentation-of-the-network-of-ambassadors-from-the-international-torrequebrada-school-with-collaboration-from-antonio-banderas\/#breadcrumb"},"inLanguage":"en-US","potentialAction":[{"@type":"ReadAction","target":["https:\/\/www.cudeca.org\/actualidad\/presentation-of-the-network-of-ambassadors-from-the-international-torrequebrada-school-with-collaboration-from-antonio-banderas\/"]}]},{"@type":"BreadcrumbList","@id":"https:\/\/www.cudeca.org\/actualidad\/presentation-of-the-network-of-ambassadors-from-the-international-torrequebrada-school-with-collaboration-from-antonio-banderas\/#breadcrumb","itemListElement":[{"@type":"ListItem","position":1,"name":"Portada","item":"https:\/\/www.cudeca.org\/"},{"@type":"ListItem","position":2,"name":"Presentation of the Network of Ambassadors from the International Torrequebrada School with collaboration from Antonio Banderas"}]},{"@type":"Article","@id":"https:\/\/www.cudeca.org\/actualidad\/presentation-of-the-network-of-ambassadors-from-the-international-torrequebrada-school-with-collaboration-from-antonio-banderas\/#article","isPartOf":{"@id":"https:\/\/www.cudeca.org\/actualidad\/presentation-of-the-network-of-ambassadors-from-the-international-torrequebrada-school-with-collaboration-from-antonio-banderas\/"},"author":{"name":"","@id":""},"headline":"Presentation of the Network of Ambassadors from the International Torrequebrada School with collaboration from Antonio Banderas","datePublished":"2010-06-21T17:30:21+00:00","dateModified":"2010-06-21T17:30:21+00:00","mainEntityOfPage":{"@id":"https:\/\/www.cudeca.org\/actualidad\/presentation-of-the-network-of-ambassadors-from-the-international-torrequebrada-school-with-collaboration-from-antonio-banderas\/"},"wordCount":301,"commentCount":0,"publisher":{"@id":"https:\/\/www.cudeca.org\/#organization"},"articleSection":[""],"inLanguage":"en-US","potentialAction":[{"@type":"CommentAction","name":"Comment","target":["https:\/\/www.cudeca.org\/actualidad\/presentation-of-the-network-of-ambassadors-from-the-international-torrequebrada-school-with-collaboration-from-antonio-banderas\/#respond"]}]}]}},"_links":{"self":[{"href":"https:\/\/www.cudeca.org\/en\/wp-json\/wp\/v2\/posts\/15988"}],"collection":[{"href":"https:\/\/www.cudeca.org\/en\/wp-json\/wp\/v2\/posts"}],"about":[{"href":"https:\/\/www.cudeca.org\/en\/wp-json\/wp\/v2\/types\/post"}],"replies":[{"embeddable":true,"href":"https:\/\/www.cudeca.org\/en\/wp-json\/wp\/v2\/comments?post=15988"}],"version-history":[{"count":0,"href":"https:\/\/www.cudeca.org\/en\/wp-json\/wp\/v2\/posts\/15988\/revisions"}],"wp:attachment":[{"href":"https:\/\/www.cudeca.org\/en\/wp-json\/wp\/v2\/media?parent=15988"}],"wp:term":[{"taxonomy":"category","embeddable":true,"href":"https:\/\/www.cudeca.org\/en\/wp-json\/wp\/v2\/categories?post=15988"},{"taxonomy":"post_tag","embeddable":true,"href":"https:\/\/www.cudeca.org\/en\/wp-json\/wp\/v2\/tags?post=15988"}],"curies":[{"name":"wp","href":"https:\/\/api.w.org\/{rel}","templated":true}]}}