{"id":15987,"date":"2010-06-09T17:30:16","date_gmt":"2010-06-09T17:30:16","guid":{"rendered":"https:\/\/www.cudeca.org\/actualidad\/re-opening-of-the-cudeca-torre-del-mar-charity-shop\/"},"modified":"2010-06-09T17:30:16","modified_gmt":"2010-06-09T17:30:16","slug":"re-opening-of-the-cudeca-torre-del-mar-charity-shop","status":"publish","type":"post","link":"https:\/\/www.cudeca.org\/en\/actualidad\/re-opening-of-the-cudeca-torre-del-mar-charity-shop\/","title":{"rendered":"Re-opening of the Cudeca Torre del Mar Charity Shop"},"content":{"rendered":"<p><\/p>\n<div id=\"notCuerpo\">\n<div>  \tOn Thursday 10th June at 12:00 hrs, Cudeca will be re-opening its charity shop in Torre del Mar, located on Calle Infantes, after extensive remodelling and decorating.<\/div>\n<div>  \t\u00a0<\/div>\n<div>  \tThe following special guests will be attending the event: the Mayoress of Velez-M\u00e1laga, D\u00f1a. Mar\u00eda Salom\u00e9 Arroyo S\u00e1nchez, the Councillor of Social Actions and Family Affairs, D\u00f1a. Carmen Garc\u00eda Ru\u00edz; and D. Rafael Olalla Mart\u00ednez, Cudeca\u2019s Financial Director, together with all the Shop Volunteers.<\/div>\n<div>  \t\u00a0<\/div>\n<div>  \tThe store has been completely renovated and we expect to have much success, to allow Cudeca continue to raising those essential funds and continue providing the &#8220;Special Kind of Caring&#8221; to patients with advanced cancer, completely free of charge and support their families.<\/p>\n<p>  \tDuring the renovation, the existing Cudeca furniture shop remained open, and now with our renovation of the original shop premises, we have clothing, accessories, books, furniture, and more all at the same location.<\/p>\n<p>  \tThe Charity Shop in Torre del Mar is one of the few locales that thankfully, has enough volunteers enabling it to also open in the afternoons. Its opening hours are Monday through to Saturday from 10:00hrs to 13:30hrs and 17:30hrs to 20:00 hrs. For more information, please call the Shop on tel: 953 54 35 16.<\/p><\/div>\n<div>  \t\u00a0<\/div>\n<div>  \tDATE: Thursday 10th June 2010<br \/>  \tTIME: 12:00 horas<br \/>  \tLOCATION: Torre del Mar Cudeca Charity Shop<br \/>  \tCalle Infantes, 21, Nerja<br \/>  \t\u00a0<\/div><\/div>\n<p><\/p>","protected":false},"excerpt":{"rendered":"<p>On Thursday 10th June at 12:00 hrs, Cudeca will be re-opening its charity shop in Torre del Mar, located on Calle Infantes, after extensive remodelling and decorating. \u00a0 The following special guests will be attending the event: the Mayoress of Velez-M\u00e1laga, D\u00f1a. Mar\u00eda Salom\u00e9 Arroyo S\u00e1nchez, the Councillor of Social Actions and Family Affairs, D\u00f1a. [&hellip;]<\/p>\n","protected":false},"author":0,"featured_media":0,"comment_status":"open","ping_status":"open","sticky":false,"template":"","format":"standard","meta":[],"categories":[15],"tags":[],"yoast_head":"<!-- This site is optimized with the Yoast SEO plugin v19.4 - https:\/\/yoast.com\/wordpress\/plugins\/seo\/ -->\n<title>Re-opening of the Cudeca Torre del Mar Charity Shop - Cudeca Cancer Care Hospice<\/title>\n<meta name=\"robots\" content=\"index, follow, max-snippet:-1, max-image-preview:large, max-video-preview:-1\" \/>\n<link rel=\"canonical\" href=\"https:\/\/www.cudeca.org\/en\/actualidad\/re-opening-of-the-cudeca-torre-del-mar-charity-shop\/\" \/>\n<meta property=\"og:locale\" content=\"en_US\" \/>\n<meta property=\"og:type\" content=\"article\" \/>\n<meta property=\"og:title\" content=\"Re-opening of the Cudeca Torre del Mar Charity Shop - Cudeca Cancer Care Hospice\" \/>\n<meta property=\"og:description\" content=\"On Thursday 10th June at 12:00 hrs, Cudeca will be re-opening its charity shop in Torre del Mar, located on Calle Infantes, after extensive remodelling and decorating. \u00a0 The following special guests will be attending the event: the Mayoress of Velez-M\u00e1laga, D\u00f1a. Mar\u00eda Salom\u00e9 Arroyo S\u00e1nchez, the Councillor of Social Actions and Family Affairs, D\u00f1a. [&hellip;]\" \/>\n<meta property=\"og:url\" content=\"https:\/\/www.cudeca.org\/en\/actualidad\/re-opening-of-the-cudeca-torre-del-mar-charity-shop\/\" \/>\n<meta property=\"og:site_name\" content=\"Cudeca Cancer Care Hospice\" \/>\n<meta property=\"article:publisher\" content=\"https:\/\/www.facebook.com\/AmigosDeCudeca\" \/>\n<meta property=\"article:published_time\" content=\"2010-06-09T17:30:16+00:00\" \/>\n<meta name=\"twitter:card\" content=\"summary_large_image\" \/>\n<meta name=\"twitter:creator\" content=\"@cudeca\" \/>\n<meta name=\"twitter:site\" content=\"@cudeca\" \/>\n<meta name=\"twitter:label1\" content=\"Est. reading time\" \/>\n\t<meta name=\"twitter:data1\" content=\"1 minute\" \/>\n<script type=\"application\/ld+json\" class=\"yoast-schema-graph\">{\"@context\":\"https:\/\/schema.org\",\"@graph\":[{\"@type\":\"Organization\",\"@id\":\"https:\/\/www.cudeca.org\/#organization\",\"name\":\"Fundaci\u00f3n Cudeca\",\"url\":\"https:\/\/www.cudeca.org\/\",\"sameAs\":[\"https:\/\/www.youtube.com\/c\/cudecamalaga\",\"https:\/\/www.facebook.com\/AmigosDeCudeca\",\"https:\/\/twitter.com\/cudeca\"],\"logo\":{\"@type\":\"ImageObject\",\"inLanguage\":\"en-US\",\"@id\":\"https:\/\/www.cudeca.org\/#\/schema\/logo\/image\/\",\"url\":\"https:\/\/www.cudeca.org\/wp-content\/uploads\/2018\/02\/cudeca-logo.png\",\"contentUrl\":\"https:\/\/www.cudeca.org\/wp-content\/uploads\/2018\/02\/cudeca-logo.png\",\"width\":2121,\"height\":984,\"caption\":\"Fundaci\u00f3n Cudeca\"},\"image\":{\"@id\":\"https:\/\/www.cudeca.org\/#\/schema\/logo\/image\/\"}},{\"@type\":\"WebSite\",\"@id\":\"https:\/\/www.cudeca.org\/#website\",\"url\":\"https:\/\/www.cudeca.org\/\",\"name\":\"Fundaci\u00f3n Cudeca\",\"description\":\"Cudeca Hospice\",\"publisher\":{\"@id\":\"https:\/\/www.cudeca.org\/#organization\"},\"potentialAction\":[{\"@type\":\"SearchAction\",\"target\":{\"@type\":\"EntryPoint\",\"urlTemplate\":\"https:\/\/www.cudeca.org\/?s={search_term_string}\"},\"query-input\":\"required name=search_term_string\"}],\"inLanguage\":\"en-US\"},{\"@type\":\"WebPage\",\"@id\":\"https:\/\/www.cudeca.org\/en\/actualidad\/re-opening-of-the-cudeca-torre-del-mar-charity-shop\/\",\"url\":\"https:\/\/www.cudeca.org\/en\/actualidad\/re-opening-of-the-cudeca-torre-del-mar-charity-shop\/\",\"name\":\"Re-opening of the Cudeca Torre del Mar Charity Shop - Cudeca Cancer Care Hospice\",\"isPartOf\":{\"@id\":\"https:\/\/www.cudeca.org\/#website\"},\"datePublished\":\"2010-06-09T17:30:16+00:00\",\"dateModified\":\"2010-06-09T17:30:16+00:00\",\"breadcrumb\":{\"@id\":\"https:\/\/www.cudeca.org\/en\/actualidad\/re-opening-of-the-cudeca-torre-del-mar-charity-shop\/#breadcrumb\"},\"inLanguage\":\"en-US\",\"potentialAction\":[{\"@type\":\"ReadAction\",\"target\":[\"https:\/\/www.cudeca.org\/en\/actualidad\/re-opening-of-the-cudeca-torre-del-mar-charity-shop\/\"]}]},{\"@type\":\"BreadcrumbList\",\"@id\":\"https:\/\/www.cudeca.org\/en\/actualidad\/re-opening-of-the-cudeca-torre-del-mar-charity-shop\/#breadcrumb\",\"itemListElement\":[{\"@type\":\"ListItem\",\"position\":1,\"name\":\"Portada\",\"item\":\"https:\/\/www.cudeca.org\/\"},{\"@type\":\"ListItem\",\"position\":2,\"name\":\"Re-opening of the Cudeca Torre del Mar Charity Shop\"}]},{\"@type\":\"Article\",\"@id\":\"https:\/\/www.cudeca.org\/en\/actualidad\/re-opening-of-the-cudeca-torre-del-mar-charity-shop\/#article\",\"isPartOf\":{\"@id\":\"https:\/\/www.cudeca.org\/en\/actualidad\/re-opening-of-the-cudeca-torre-del-mar-charity-shop\/\"},\"author\":{\"name\":\"\",\"@id\":\"\"},\"headline\":\"Re-opening of the Cudeca Torre del Mar Charity Shop\",\"datePublished\":\"2010-06-09T17:30:16+00:00\",\"dateModified\":\"2010-06-09T17:30:16+00:00\",\"mainEntityOfPage\":{\"@id\":\"https:\/\/www.cudeca.org\/en\/actualidad\/re-opening-of-the-cudeca-torre-del-mar-charity-shop\/\"},\"wordCount\":233,\"commentCount\":0,\"publisher\":{\"@id\":\"https:\/\/www.cudeca.org\/#organization\"},\"articleSection\":[\"\"],\"inLanguage\":\"en-US\",\"potentialAction\":[{\"@type\":\"CommentAction\",\"name\":\"Comment\",\"target\":[\"https:\/\/www.cudeca.org\/en\/actualidad\/re-opening-of-the-cudeca-torre-del-mar-charity-shop\/#respond\"]}]}]}<\/script>\n<!-- \/ Yoast SEO plugin. -->","yoast_head_json":{"title":"Re-opening of the Cudeca Torre del Mar Charity Shop - Cudeca Cancer Care Hospice","robots":{"index":"index","follow":"follow","max-snippet":"max-snippet:-1","max-image-preview":"max-image-preview:large","max-video-preview":"max-video-preview:-1"},"canonical":"https:\/\/www.cudeca.org\/en\/actualidad\/re-opening-of-the-cudeca-torre-del-mar-charity-shop\/","og_locale":"en_US","og_type":"article","og_title":"Re-opening of the Cudeca Torre del Mar Charity Shop - Cudeca Cancer Care Hospice","og_description":"On Thursday 10th June at 12:00 hrs, Cudeca will be re-opening its charity shop in Torre del Mar, located on Calle Infantes, after extensive remodelling and decorating. \u00a0 The following special guests will be attending the event: the Mayoress of Velez-M\u00e1laga, D\u00f1a. Mar\u00eda Salom\u00e9 Arroyo S\u00e1nchez, the Councillor of Social Actions and Family Affairs, D\u00f1a. [&hellip;]","og_url":"https:\/\/www.cudeca.org\/en\/actualidad\/re-opening-of-the-cudeca-torre-del-mar-charity-shop\/","og_site_name":"Cudeca Cancer Care Hospice","article_publisher":"https:\/\/www.facebook.com\/AmigosDeCudeca","article_published_time":"2010-06-09T17:30:16+00:00","twitter_card":"summary_large_image","twitter_creator":"@cudeca","twitter_site":"@cudeca","twitter_misc":{"Est. reading time":"1 minute"},"schema":{"@context":"https:\/\/schema.org","@graph":[{"@type":"Organization","@id":"https:\/\/www.cudeca.org\/#organization","name":"Fundaci\u00f3n Cudeca","url":"https:\/\/www.cudeca.org\/","sameAs":["https:\/\/www.youtube.com\/c\/cudecamalaga","https:\/\/www.facebook.com\/AmigosDeCudeca","https:\/\/twitter.com\/cudeca"],"logo":{"@type":"ImageObject","inLanguage":"en-US","@id":"https:\/\/www.cudeca.org\/#\/schema\/logo\/image\/","url":"https:\/\/www.cudeca.org\/wp-content\/uploads\/2018\/02\/cudeca-logo.png","contentUrl":"https:\/\/www.cudeca.org\/wp-content\/uploads\/2018\/02\/cudeca-logo.png","width":2121,"height":984,"caption":"Fundaci\u00f3n Cudeca"},"image":{"@id":"https:\/\/www.cudeca.org\/#\/schema\/logo\/image\/"}},{"@type":"WebSite","@id":"https:\/\/www.cudeca.org\/#website","url":"https:\/\/www.cudeca.org\/","name":"Fundaci\u00f3n Cudeca","description":"Cudeca Hospice","publisher":{"@id":"https:\/\/www.cudeca.org\/#organization"},"potentialAction":[{"@type":"SearchAction","target":{"@type":"EntryPoint","urlTemplate":"https:\/\/www.cudeca.org\/?s={search_term_string}"},"query-input":"required name=search_term_string"}],"inLanguage":"en-US"},{"@type":"WebPage","@id":"https:\/\/www.cudeca.org\/en\/actualidad\/re-opening-of-the-cudeca-torre-del-mar-charity-shop\/","url":"https:\/\/www.cudeca.org\/en\/actualidad\/re-opening-of-the-cudeca-torre-del-mar-charity-shop\/","name":"Re-opening of the Cudeca Torre del Mar Charity Shop - Cudeca Cancer Care Hospice","isPartOf":{"@id":"https:\/\/www.cudeca.org\/#website"},"datePublished":"2010-06-09T17:30:16+00:00","dateModified":"2010-06-09T17:30:16+00:00","breadcrumb":{"@id":"https:\/\/www.cudeca.org\/en\/actualidad\/re-opening-of-the-cudeca-torre-del-mar-charity-shop\/#breadcrumb"},"inLanguage":"en-US","potentialAction":[{"@type":"ReadAction","target":["https:\/\/www.cudeca.org\/en\/actualidad\/re-opening-of-the-cudeca-torre-del-mar-charity-shop\/"]}]},{"@type":"BreadcrumbList","@id":"https:\/\/www.cudeca.org\/en\/actualidad\/re-opening-of-the-cudeca-torre-del-mar-charity-shop\/#breadcrumb","itemListElement":[{"@type":"ListItem","position":1,"name":"Portada","item":"https:\/\/www.cudeca.org\/"},{"@type":"ListItem","position":2,"name":"Re-opening of the Cudeca Torre del Mar Charity Shop"}]},{"@type":"Article","@id":"https:\/\/www.cudeca.org\/en\/actualidad\/re-opening-of-the-cudeca-torre-del-mar-charity-shop\/#article","isPartOf":{"@id":"https:\/\/www.cudeca.org\/en\/actualidad\/re-opening-of-the-cudeca-torre-del-mar-charity-shop\/"},"author":{"name":"","@id":""},"headline":"Re-opening of the Cudeca Torre del Mar Charity Shop","datePublished":"2010-06-09T17:30:16+00:00","dateModified":"2010-06-09T17:30:16+00:00","mainEntityOfPage":{"@id":"https:\/\/www.cudeca.org\/en\/actualidad\/re-opening-of-the-cudeca-torre-del-mar-charity-shop\/"},"wordCount":233,"commentCount":0,"publisher":{"@id":"https:\/\/www.cudeca.org\/#organization"},"articleSection":[""],"inLanguage":"en-US","potentialAction":[{"@type":"CommentAction","name":"Comment","target":["https:\/\/www.cudeca.org\/en\/actualidad\/re-opening-of-the-cudeca-torre-del-mar-charity-shop\/#respond"]}]}]}},"_links":{"self":[{"href":"https:\/\/www.cudeca.org\/en\/wp-json\/wp\/v2\/posts\/15987"}],"collection":[{"href":"https:\/\/www.cudeca.org\/en\/wp-json\/wp\/v2\/posts"}],"about":[{"href":"https:\/\/www.cudeca.org\/en\/wp-json\/wp\/v2\/types\/post"}],"replies":[{"embeddable":true,"href":"https:\/\/www.cudeca.org\/en\/wp-json\/wp\/v2\/comments?post=15987"}],"version-history":[{"count":0,"href":"https:\/\/www.cudeca.org\/en\/wp-json\/wp\/v2\/posts\/15987\/revisions"}],"wp:attachment":[{"href":"https:\/\/www.cudeca.org\/en\/wp-json\/wp\/v2\/media?parent=15987"}],"wp:term":[{"taxonomy":"category","embeddable":true,"href":"https:\/\/www.cudeca.org\/en\/wp-json\/wp\/v2\/categories?post=15987"},{"taxonomy":"post_tag","embeddable":true,"href":"https:\/\/www.cudeca.org\/en\/wp-json\/wp\/v2\/tags?post=15987"}],"curies":[{"name":"wp","href":"https:\/\/api.w.org\/{rel}","templated":true}]}}