{"id":15955,"date":"2009-12-09T17:21:41","date_gmt":"2009-12-09T17:21:41","guid":{"rendered":"https:\/\/www.cudeca.org\/actualidad\/malaga-painters-and-jewellers-support-cudeca-and-caritas-thanks-to-fernando-joyeros\/"},"modified":"2009-12-09T17:21:41","modified_gmt":"2009-12-09T17:21:41","slug":"malaga-painters-and-jewellers-support-cudeca-and-caritas-thanks-to-fernando-joyeros","status":"publish","type":"post","link":"https:\/\/www.cudeca.org\/en\/actualidad\/malaga-painters-and-jewellers-support-cudeca-and-caritas-thanks-to-fernando-joyeros\/","title":{"rendered":"Malaga painters and jewellers support Cudeca and Caritas thanks to Fernando Joyeros"},"content":{"rendered":"<p><\/p>\n<div id=\"notCuerpo\">\n<p>F. Cudeca, Malaga 1st December 2009<\/p>\n<p>The presentation of the Charity Auction of Jewellery and Paintings was held on the 1st December at the Salon de Actos of Unicaja in the Plaza de la Marina of Malaga, being organised by Fernando Joyeros to support the social and care programmes of Fundaci\u00f3n Cudeca and C\u00e1ritas Diocesanas to be held on the 12th December at 21.00 h. at the Restaurante Do\u00f1a Pepa (situated on the Malaga promenade, (c\/ Velez M\u00e1laga n\u00ba 6).<\/p>\n<p>Fernando Martin and Paco Ramirez of Fernando Joyeros, both friends and volunteers of Cudeca, attended the presentation, together with the renowned journalist F\u00e9lix Guti\u00e9rrez, and gave emotive and heartfelt words on presenting the poster and this project which Fernando Joyeros have been organising for some years for Malaga charities. The poster for this edition has been painted by the German painter living in Malaga, Marcos Bombach.<\/p>\n<p>The artists who have contributed by donating their paintings for this charity auction for Fundaci\u00f3n Cudeca and C\u00e1ritas are: Alberca, etc. (see original)<\/p>\n<p>The jewellers who have contributed by donating items for the auction are: Carlos S\u00e1nchez, Fernando Joyeros; Francisco Ru\u00edz, Graglia, Joyer\u00eda Elifer, Lolo Mart\u00edn (Marper), Pepe Par\u00eds, Paco L\u00f3pez Ru\u00edz, Rafael Mart\u00edn, Refer, and the firms Baume Mercier, Cartier, Longines, Mont Blanc, Tag Heuer, as well as many other jewellers from other Spanish provinces and abroad.<\/p>\n<p>All of the paintings have been specially donated for the auction and are signed by artists or renowned fame both nationally and internationally and the wonderful pieces of jewellery have been donated by jewellers from Malaga, Spain and some from abroad.<\/p>\n<p>Fundaci\u00f3n Cudeca is an ONG founded in 1992 and offers Palliative Care and the best quality of life possible to those suffering from incurable cancer and also to the family, during the illness and afterwards, during mourning. The care is offered throughout the Malaga province to those who require this special care through different programmes (Home Care, Out Patients and Counselling, Psycho-Social Programme, Day Care Programme, Rehabilitation and In Patient Unit).<br \/>  \u00a0<\/p>\n<\/div>\n<p><\/p>","protected":false},"excerpt":{"rendered":"<p>F. Cudeca, Malaga 1st December 2009 The presentation of the Charity Auction of Jewellery and Paintings was held on the 1st December at the Salon de Actos of Unicaja in the Plaza de la Marina of Malaga, being organised by Fernando Joyeros to support the social and care programmes of Fundaci\u00f3n Cudeca and C\u00e1ritas Diocesanas [&hellip;]<\/p>\n","protected":false},"author":0,"featured_media":0,"comment_status":"open","ping_status":"open","sticky":false,"template":"","format":"standard","meta":[],"categories":[15],"tags":[],"yoast_head":"<!-- This site is optimized with the Yoast SEO plugin v19.4 - https:\/\/yoast.com\/wordpress\/plugins\/seo\/ -->\n<title>Malaga painters and jewellers support Cudeca and Caritas thanks to Fernando Joyeros - Cudeca Cancer Care Hospice<\/title>\n<meta name=\"robots\" content=\"index, follow, max-snippet:-1, max-image-preview:large, max-video-preview:-1\" \/>\n<link rel=\"canonical\" href=\"https:\/\/www.cudeca.org\/actualidad\/malaga-painters-and-jewellers-support-cudeca-and-caritas-thanks-to-fernando-joyeros\/\" \/>\n<meta property=\"og:locale\" content=\"en_US\" \/>\n<meta property=\"og:type\" content=\"article\" \/>\n<meta property=\"og:title\" content=\"Malaga painters and jewellers support Cudeca and Caritas thanks to Fernando Joyeros - Cudeca Cancer Care Hospice\" \/>\n<meta property=\"og:description\" content=\"F. Cudeca, Malaga 1st December 2009 The presentation of the Charity Auction of Jewellery and Paintings was held on the 1st December at the Salon de Actos of Unicaja in the Plaza de la Marina of Malaga, being organised by Fernando Joyeros to support the social and care programmes of Fundaci\u00f3n Cudeca and C\u00e1ritas Diocesanas [&hellip;]\" \/>\n<meta property=\"og:url\" content=\"https:\/\/www.cudeca.org\/actualidad\/malaga-painters-and-jewellers-support-cudeca-and-caritas-thanks-to-fernando-joyeros\/\" \/>\n<meta property=\"og:site_name\" content=\"Cudeca Cancer Care Hospice\" \/>\n<meta property=\"article:publisher\" content=\"https:\/\/www.facebook.com\/AmigosDeCudeca\" \/>\n<meta property=\"article:published_time\" content=\"2009-12-09T17:21:41+00:00\" \/>\n<meta name=\"twitter:card\" content=\"summary_large_image\" \/>\n<meta name=\"twitter:creator\" content=\"@cudeca\" \/>\n<meta name=\"twitter:site\" content=\"@cudeca\" \/>\n<meta name=\"twitter:label1\" content=\"Est. reading time\" \/>\n\t<meta name=\"twitter:data1\" content=\"2 minutes\" \/>\n<script type=\"application\/ld+json\" class=\"yoast-schema-graph\">{\"@context\":\"https:\/\/schema.org\",\"@graph\":[{\"@type\":\"Organization\",\"@id\":\"https:\/\/www.cudeca.org\/#organization\",\"name\":\"Fundaci\u00f3n Cudeca\",\"url\":\"https:\/\/www.cudeca.org\/\",\"sameAs\":[\"https:\/\/www.youtube.com\/c\/cudecamalaga\",\"https:\/\/www.facebook.com\/AmigosDeCudeca\",\"https:\/\/twitter.com\/cudeca\"],\"logo\":{\"@type\":\"ImageObject\",\"inLanguage\":\"en-US\",\"@id\":\"https:\/\/www.cudeca.org\/#\/schema\/logo\/image\/\",\"url\":\"https:\/\/www.cudeca.org\/wp-content\/uploads\/2018\/02\/cudeca-logo.png\",\"contentUrl\":\"https:\/\/www.cudeca.org\/wp-content\/uploads\/2018\/02\/cudeca-logo.png\",\"width\":2121,\"height\":984,\"caption\":\"Fundaci\u00f3n Cudeca\"},\"image\":{\"@id\":\"https:\/\/www.cudeca.org\/#\/schema\/logo\/image\/\"}},{\"@type\":\"WebSite\",\"@id\":\"https:\/\/www.cudeca.org\/#website\",\"url\":\"https:\/\/www.cudeca.org\/\",\"name\":\"Fundaci\u00f3n Cudeca\",\"description\":\"Cudeca Hospice\",\"publisher\":{\"@id\":\"https:\/\/www.cudeca.org\/#organization\"},\"potentialAction\":[{\"@type\":\"SearchAction\",\"target\":{\"@type\":\"EntryPoint\",\"urlTemplate\":\"https:\/\/www.cudeca.org\/?s={search_term_string}\"},\"query-input\":\"required name=search_term_string\"}],\"inLanguage\":\"en-US\"},{\"@type\":\"WebPage\",\"@id\":\"https:\/\/www.cudeca.org\/actualidad\/malaga-painters-and-jewellers-support-cudeca-and-caritas-thanks-to-fernando-joyeros\/\",\"url\":\"https:\/\/www.cudeca.org\/actualidad\/malaga-painters-and-jewellers-support-cudeca-and-caritas-thanks-to-fernando-joyeros\/\",\"name\":\"Malaga painters and jewellers support Cudeca and Caritas thanks to Fernando Joyeros - Cudeca Cancer Care Hospice\",\"isPartOf\":{\"@id\":\"https:\/\/www.cudeca.org\/#website\"},\"datePublished\":\"2009-12-09T17:21:41+00:00\",\"dateModified\":\"2009-12-09T17:21:41+00:00\",\"breadcrumb\":{\"@id\":\"https:\/\/www.cudeca.org\/actualidad\/malaga-painters-and-jewellers-support-cudeca-and-caritas-thanks-to-fernando-joyeros\/#breadcrumb\"},\"inLanguage\":\"en-US\",\"potentialAction\":[{\"@type\":\"ReadAction\",\"target\":[\"https:\/\/www.cudeca.org\/actualidad\/malaga-painters-and-jewellers-support-cudeca-and-caritas-thanks-to-fernando-joyeros\/\"]}]},{\"@type\":\"BreadcrumbList\",\"@id\":\"https:\/\/www.cudeca.org\/actualidad\/malaga-painters-and-jewellers-support-cudeca-and-caritas-thanks-to-fernando-joyeros\/#breadcrumb\",\"itemListElement\":[{\"@type\":\"ListItem\",\"position\":1,\"name\":\"Portada\",\"item\":\"https:\/\/www.cudeca.org\/\"},{\"@type\":\"ListItem\",\"position\":2,\"name\":\"Malaga painters and jewellers support Cudeca and Caritas thanks to Fernando Joyeros\"}]},{\"@type\":\"Article\",\"@id\":\"https:\/\/www.cudeca.org\/actualidad\/malaga-painters-and-jewellers-support-cudeca-and-caritas-thanks-to-fernando-joyeros\/#article\",\"isPartOf\":{\"@id\":\"https:\/\/www.cudeca.org\/actualidad\/malaga-painters-and-jewellers-support-cudeca-and-caritas-thanks-to-fernando-joyeros\/\"},\"author\":{\"name\":\"\",\"@id\":\"\"},\"headline\":\"Malaga painters and jewellers support Cudeca and Caritas thanks to Fernando Joyeros\",\"datePublished\":\"2009-12-09T17:21:41+00:00\",\"dateModified\":\"2009-12-09T17:21:41+00:00\",\"mainEntityOfPage\":{\"@id\":\"https:\/\/www.cudeca.org\/actualidad\/malaga-painters-and-jewellers-support-cudeca-and-caritas-thanks-to-fernando-joyeros\/\"},\"wordCount\":363,\"commentCount\":0,\"publisher\":{\"@id\":\"https:\/\/www.cudeca.org\/#organization\"},\"articleSection\":[\"\"],\"inLanguage\":\"en-US\",\"potentialAction\":[{\"@type\":\"CommentAction\",\"name\":\"Comment\",\"target\":[\"https:\/\/www.cudeca.org\/actualidad\/malaga-painters-and-jewellers-support-cudeca-and-caritas-thanks-to-fernando-joyeros\/#respond\"]}]}]}<\/script>\n<!-- \/ Yoast SEO plugin. -->","yoast_head_json":{"title":"Malaga painters and jewellers support Cudeca and Caritas thanks to Fernando Joyeros - Cudeca Cancer Care Hospice","robots":{"index":"index","follow":"follow","max-snippet":"max-snippet:-1","max-image-preview":"max-image-preview:large","max-video-preview":"max-video-preview:-1"},"canonical":"https:\/\/www.cudeca.org\/actualidad\/malaga-painters-and-jewellers-support-cudeca-and-caritas-thanks-to-fernando-joyeros\/","og_locale":"en_US","og_type":"article","og_title":"Malaga painters and jewellers support Cudeca and Caritas thanks to Fernando Joyeros - Cudeca Cancer Care Hospice","og_description":"F. Cudeca, Malaga 1st December 2009 The presentation of the Charity Auction of Jewellery and Paintings was held on the 1st December at the Salon de Actos of Unicaja in the Plaza de la Marina of Malaga, being organised by Fernando Joyeros to support the social and care programmes of Fundaci\u00f3n Cudeca and C\u00e1ritas Diocesanas [&hellip;]","og_url":"https:\/\/www.cudeca.org\/actualidad\/malaga-painters-and-jewellers-support-cudeca-and-caritas-thanks-to-fernando-joyeros\/","og_site_name":"Cudeca Cancer Care Hospice","article_publisher":"https:\/\/www.facebook.com\/AmigosDeCudeca","article_published_time":"2009-12-09T17:21:41+00:00","twitter_card":"summary_large_image","twitter_creator":"@cudeca","twitter_site":"@cudeca","twitter_misc":{"Est. reading time":"2 minutes"},"schema":{"@context":"https:\/\/schema.org","@graph":[{"@type":"Organization","@id":"https:\/\/www.cudeca.org\/#organization","name":"Fundaci\u00f3n Cudeca","url":"https:\/\/www.cudeca.org\/","sameAs":["https:\/\/www.youtube.com\/c\/cudecamalaga","https:\/\/www.facebook.com\/AmigosDeCudeca","https:\/\/twitter.com\/cudeca"],"logo":{"@type":"ImageObject","inLanguage":"en-US","@id":"https:\/\/www.cudeca.org\/#\/schema\/logo\/image\/","url":"https:\/\/www.cudeca.org\/wp-content\/uploads\/2018\/02\/cudeca-logo.png","contentUrl":"https:\/\/www.cudeca.org\/wp-content\/uploads\/2018\/02\/cudeca-logo.png","width":2121,"height":984,"caption":"Fundaci\u00f3n Cudeca"},"image":{"@id":"https:\/\/www.cudeca.org\/#\/schema\/logo\/image\/"}},{"@type":"WebSite","@id":"https:\/\/www.cudeca.org\/#website","url":"https:\/\/www.cudeca.org\/","name":"Fundaci\u00f3n Cudeca","description":"Cudeca Hospice","publisher":{"@id":"https:\/\/www.cudeca.org\/#organization"},"potentialAction":[{"@type":"SearchAction","target":{"@type":"EntryPoint","urlTemplate":"https:\/\/www.cudeca.org\/?s={search_term_string}"},"query-input":"required name=search_term_string"}],"inLanguage":"en-US"},{"@type":"WebPage","@id":"https:\/\/www.cudeca.org\/actualidad\/malaga-painters-and-jewellers-support-cudeca-and-caritas-thanks-to-fernando-joyeros\/","url":"https:\/\/www.cudeca.org\/actualidad\/malaga-painters-and-jewellers-support-cudeca-and-caritas-thanks-to-fernando-joyeros\/","name":"Malaga painters and jewellers support Cudeca and Caritas thanks to Fernando Joyeros - Cudeca Cancer Care Hospice","isPartOf":{"@id":"https:\/\/www.cudeca.org\/#website"},"datePublished":"2009-12-09T17:21:41+00:00","dateModified":"2009-12-09T17:21:41+00:00","breadcrumb":{"@id":"https:\/\/www.cudeca.org\/actualidad\/malaga-painters-and-jewellers-support-cudeca-and-caritas-thanks-to-fernando-joyeros\/#breadcrumb"},"inLanguage":"en-US","potentialAction":[{"@type":"ReadAction","target":["https:\/\/www.cudeca.org\/actualidad\/malaga-painters-and-jewellers-support-cudeca-and-caritas-thanks-to-fernando-joyeros\/"]}]},{"@type":"BreadcrumbList","@id":"https:\/\/www.cudeca.org\/actualidad\/malaga-painters-and-jewellers-support-cudeca-and-caritas-thanks-to-fernando-joyeros\/#breadcrumb","itemListElement":[{"@type":"ListItem","position":1,"name":"Portada","item":"https:\/\/www.cudeca.org\/"},{"@type":"ListItem","position":2,"name":"Malaga painters and jewellers support Cudeca and Caritas thanks to Fernando Joyeros"}]},{"@type":"Article","@id":"https:\/\/www.cudeca.org\/actualidad\/malaga-painters-and-jewellers-support-cudeca-and-caritas-thanks-to-fernando-joyeros\/#article","isPartOf":{"@id":"https:\/\/www.cudeca.org\/actualidad\/malaga-painters-and-jewellers-support-cudeca-and-caritas-thanks-to-fernando-joyeros\/"},"author":{"name":"","@id":""},"headline":"Malaga painters and jewellers support Cudeca and Caritas thanks to Fernando Joyeros","datePublished":"2009-12-09T17:21:41+00:00","dateModified":"2009-12-09T17:21:41+00:00","mainEntityOfPage":{"@id":"https:\/\/www.cudeca.org\/actualidad\/malaga-painters-and-jewellers-support-cudeca-and-caritas-thanks-to-fernando-joyeros\/"},"wordCount":363,"commentCount":0,"publisher":{"@id":"https:\/\/www.cudeca.org\/#organization"},"articleSection":[""],"inLanguage":"en-US","potentialAction":[{"@type":"CommentAction","name":"Comment","target":["https:\/\/www.cudeca.org\/actualidad\/malaga-painters-and-jewellers-support-cudeca-and-caritas-thanks-to-fernando-joyeros\/#respond"]}]}]}},"_links":{"self":[{"href":"https:\/\/www.cudeca.org\/en\/wp-json\/wp\/v2\/posts\/15955"}],"collection":[{"href":"https:\/\/www.cudeca.org\/en\/wp-json\/wp\/v2\/posts"}],"about":[{"href":"https:\/\/www.cudeca.org\/en\/wp-json\/wp\/v2\/types\/post"}],"replies":[{"embeddable":true,"href":"https:\/\/www.cudeca.org\/en\/wp-json\/wp\/v2\/comments?post=15955"}],"version-history":[{"count":0,"href":"https:\/\/www.cudeca.org\/en\/wp-json\/wp\/v2\/posts\/15955\/revisions"}],"wp:attachment":[{"href":"https:\/\/www.cudeca.org\/en\/wp-json\/wp\/v2\/media?parent=15955"}],"wp:term":[{"taxonomy":"category","embeddable":true,"href":"https:\/\/www.cudeca.org\/en\/wp-json\/wp\/v2\/categories?post=15955"},{"taxonomy":"post_tag","embeddable":true,"href":"https:\/\/www.cudeca.org\/en\/wp-json\/wp\/v2\/tags?post=15955"}],"curies":[{"name":"wp","href":"https:\/\/api.w.org\/{rel}","templated":true}]}}