{"id":15905,"date":"2009-07-01T17:15:24","date_gmt":"2009-07-01T17:15:24","guid":{"rendered":"https:\/\/www.cudeca.org\/actualidad\/costa-pop-2009-success-for-cudeca\/"},"modified":"2009-07-01T17:15:24","modified_gmt":"2009-07-01T17:15:24","slug":"costa-pop-2009-success-for-cudeca","status":"publish","type":"post","link":"https:\/\/www.cudeca.org\/en\/actualidad\/costa-pop-2009-success-for-cudeca\/","title":{"rendered":"Costa Pop 2009 &#8211; Success for Cudeca"},"content":{"rendered":"<p><\/p>\n<div id=\"notCuerpo\">\n<p>Benalm\u00e1dena (M\u00e1laga), 3rd June 2009.- On Saturday 27th June, the Spanish radio station \u201cLos 40 Principales\u201d celebrated it\u2019s 25th anniversary in M\u00e1laga and Andalucia by putting on a massive concert \u201cCosta Pop 2009\u201d in aid of Cudeca, in the Municipal Audit\u00f3rium of M\u00e1laga.<\/p>\n<p>Renowned national and international artists took part in the concert: Katy Perry, Nena Daconte, Efecto Mariposa, Danza Invisible, Taxi, Lucas Marciano, Macaco, Conchita, Manuel Carrasco, Sidonie and Nek. Each artist recorded a message for Cudeca with Roc\u00edo Torres, Manager of the Cudeca PR and Fundraising department along with Camera man, Mr. Antonio Bel\u00f3n (<a target=\"_blank\" href=\"http:\/\/www.abelon.tv\">www.abelon.tv<\/a>) which can be viewed on the Cudeca website at www.cudeca.org.<\/p>\n<p>The concert commenced with the final of the Costa Pop Express talent competition: El Beso de Wendy, Musho, The Tragic Company y Cerebro Enano. Following a few acts by each band, the winner was chosen being The Tragic Company, who will be entitled to a production of a CD with five of their hits.<\/p>\n<p>Each year, hundreds of people who suffer from advanced cancer, need the \u201cspecial kind of caring\u201d Cudeca offers to the patient and family thanks to its professional team of doctors, Physiologists, Nurses and Volunteers. All the care provided is totally cost-free and offered throughout the M\u00e1laga province. All the support we receive from the community is always welcome and necessary to sustain this project created 17 years ago by Joan Hunt and a group of volunteers and professionals.<\/p>\n<p>Thanks to Los 40 Principales, the artists, the community of M\u00e1laga, Cudeca\u2019s volunteers and the following sponsors: Unicaja, Costa del Sol M\u00e1laga, \u00c1rea de Juventud del Ayuntamiento de M\u00e1laga, RENFE, Metro M\u00e1laga, Coca-Cola, Cruzcampo, Ron Legendario, Worten, Centro Comercial Rinc\u00f3n de la Victoria, Ford Garum Motor, 2016 M\u00e1laga Cuidad Europea de la Cultura y Grupo Espect\u00e1culos Mundo, Cudeca can continue to add life to days of patients who suffer from advanced cancer and care to their families all over the province of M\u00e1laga.<\/p>\n<p>In the near future, Los 40 Principales will be organising a Press Conference to hand over a cheque for the final amount raised from the concert to Cudeca.<\/p>\n<p>  Help us to continue giving life to days of those who will need us in the future<br \/>  \u00a0<\/p>\n<\/div>\n<p><\/p>","protected":false},"excerpt":{"rendered":"<p>Benalm\u00e1dena (M\u00e1laga), 3rd June 2009.- On Saturday 27th June, the Spanish radio station \u201cLos 40 Principales\u201d celebrated it\u2019s 25th anniversary in M\u00e1laga and Andalucia by putting on a massive concert \u201cCosta Pop 2009\u201d in aid of Cudeca, in the Municipal Audit\u00f3rium of M\u00e1laga. Renowned national and international artists took part in the concert: Katy Perry, [&hellip;]<\/p>\n","protected":false},"author":0,"featured_media":0,"comment_status":"open","ping_status":"open","sticky":false,"template":"","format":"standard","meta":[],"categories":[15],"tags":[],"yoast_head":"<!-- This site is optimized with the Yoast SEO plugin v19.4 - https:\/\/yoast.com\/wordpress\/plugins\/seo\/ -->\n<title>Costa Pop 2009 - Success for Cudeca - Cudeca Cancer Care Hospice<\/title>\n<meta name=\"robots\" content=\"index, follow, max-snippet:-1, max-image-preview:large, max-video-preview:-1\" \/>\n<link rel=\"canonical\" href=\"https:\/\/www.cudeca.org\/en\/actualidad\/costa-pop-2009-success-for-cudeca\/\" \/>\n<meta property=\"og:locale\" content=\"en_US\" \/>\n<meta property=\"og:type\" content=\"article\" \/>\n<meta property=\"og:title\" content=\"Costa Pop 2009 - Success for Cudeca - Cudeca Cancer Care Hospice\" \/>\n<meta property=\"og:description\" content=\"Benalm\u00e1dena (M\u00e1laga), 3rd June 2009.- On Saturday 27th June, the Spanish radio station \u201cLos 40 Principales\u201d celebrated it\u2019s 25th anniversary in M\u00e1laga and Andalucia by putting on a massive concert \u201cCosta Pop 2009\u201d in aid of Cudeca, in the Municipal Audit\u00f3rium of M\u00e1laga. Renowned national and international artists took part in the concert: Katy Perry, [&hellip;]\" \/>\n<meta property=\"og:url\" content=\"https:\/\/www.cudeca.org\/en\/actualidad\/costa-pop-2009-success-for-cudeca\/\" \/>\n<meta property=\"og:site_name\" content=\"Cudeca Cancer Care Hospice\" \/>\n<meta property=\"article:publisher\" content=\"https:\/\/www.facebook.com\/AmigosDeCudeca\" \/>\n<meta property=\"article:published_time\" content=\"2009-07-01T17:15:24+00:00\" \/>\n<meta name=\"twitter:card\" content=\"summary_large_image\" \/>\n<meta name=\"twitter:creator\" content=\"@cudeca\" \/>\n<meta name=\"twitter:site\" content=\"@cudeca\" \/>\n<meta name=\"twitter:label1\" content=\"Est. reading time\" \/>\n\t<meta name=\"twitter:data1\" content=\"2 minutes\" \/>\n<script type=\"application\/ld+json\" class=\"yoast-schema-graph\">{\"@context\":\"https:\/\/schema.org\",\"@graph\":[{\"@type\":\"Organization\",\"@id\":\"https:\/\/www.cudeca.org\/#organization\",\"name\":\"Fundaci\u00f3n Cudeca\",\"url\":\"https:\/\/www.cudeca.org\/\",\"sameAs\":[\"https:\/\/www.youtube.com\/c\/cudecamalaga\",\"https:\/\/www.facebook.com\/AmigosDeCudeca\",\"https:\/\/twitter.com\/cudeca\"],\"logo\":{\"@type\":\"ImageObject\",\"inLanguage\":\"en-US\",\"@id\":\"https:\/\/www.cudeca.org\/#\/schema\/logo\/image\/\",\"url\":\"https:\/\/www.cudeca.org\/wp-content\/uploads\/2018\/02\/cudeca-logo.png\",\"contentUrl\":\"https:\/\/www.cudeca.org\/wp-content\/uploads\/2018\/02\/cudeca-logo.png\",\"width\":2121,\"height\":984,\"caption\":\"Fundaci\u00f3n Cudeca\"},\"image\":{\"@id\":\"https:\/\/www.cudeca.org\/#\/schema\/logo\/image\/\"}},{\"@type\":\"WebSite\",\"@id\":\"https:\/\/www.cudeca.org\/#website\",\"url\":\"https:\/\/www.cudeca.org\/\",\"name\":\"Fundaci\u00f3n Cudeca\",\"description\":\"Cudeca Hospice\",\"publisher\":{\"@id\":\"https:\/\/www.cudeca.org\/#organization\"},\"potentialAction\":[{\"@type\":\"SearchAction\",\"target\":{\"@type\":\"EntryPoint\",\"urlTemplate\":\"https:\/\/www.cudeca.org\/?s={search_term_string}\"},\"query-input\":\"required name=search_term_string\"}],\"inLanguage\":\"en-US\"},{\"@type\":\"WebPage\",\"@id\":\"https:\/\/www.cudeca.org\/en\/actualidad\/costa-pop-2009-success-for-cudeca\/\",\"url\":\"https:\/\/www.cudeca.org\/en\/actualidad\/costa-pop-2009-success-for-cudeca\/\",\"name\":\"Costa Pop 2009 - Success for Cudeca - Cudeca Cancer Care Hospice\",\"isPartOf\":{\"@id\":\"https:\/\/www.cudeca.org\/#website\"},\"datePublished\":\"2009-07-01T17:15:24+00:00\",\"dateModified\":\"2009-07-01T17:15:24+00:00\",\"breadcrumb\":{\"@id\":\"https:\/\/www.cudeca.org\/en\/actualidad\/costa-pop-2009-success-for-cudeca\/#breadcrumb\"},\"inLanguage\":\"en-US\",\"potentialAction\":[{\"@type\":\"ReadAction\",\"target\":[\"https:\/\/www.cudeca.org\/en\/actualidad\/costa-pop-2009-success-for-cudeca\/\"]}]},{\"@type\":\"BreadcrumbList\",\"@id\":\"https:\/\/www.cudeca.org\/en\/actualidad\/costa-pop-2009-success-for-cudeca\/#breadcrumb\",\"itemListElement\":[{\"@type\":\"ListItem\",\"position\":1,\"name\":\"Portada\",\"item\":\"https:\/\/www.cudeca.org\/\"},{\"@type\":\"ListItem\",\"position\":2,\"name\":\"Costa Pop 2009 &#8211; Success for Cudeca\"}]},{\"@type\":\"Article\",\"@id\":\"https:\/\/www.cudeca.org\/en\/actualidad\/costa-pop-2009-success-for-cudeca\/#article\",\"isPartOf\":{\"@id\":\"https:\/\/www.cudeca.org\/en\/actualidad\/costa-pop-2009-success-for-cudeca\/\"},\"author\":{\"name\":\"\",\"@id\":\"\"},\"headline\":\"Costa Pop 2009 &#8211; Success for Cudeca\",\"datePublished\":\"2009-07-01T17:15:24+00:00\",\"dateModified\":\"2009-07-01T17:15:24+00:00\",\"mainEntityOfPage\":{\"@id\":\"https:\/\/www.cudeca.org\/en\/actualidad\/costa-pop-2009-success-for-cudeca\/\"},\"wordCount\":391,\"commentCount\":0,\"publisher\":{\"@id\":\"https:\/\/www.cudeca.org\/#organization\"},\"articleSection\":[\"\"],\"inLanguage\":\"en-US\",\"potentialAction\":[{\"@type\":\"CommentAction\",\"name\":\"Comment\",\"target\":[\"https:\/\/www.cudeca.org\/en\/actualidad\/costa-pop-2009-success-for-cudeca\/#respond\"]}]}]}<\/script>\n<!-- \/ Yoast SEO plugin. -->","yoast_head_json":{"title":"Costa Pop 2009 - Success for Cudeca - Cudeca Cancer Care Hospice","robots":{"index":"index","follow":"follow","max-snippet":"max-snippet:-1","max-image-preview":"max-image-preview:large","max-video-preview":"max-video-preview:-1"},"canonical":"https:\/\/www.cudeca.org\/en\/actualidad\/costa-pop-2009-success-for-cudeca\/","og_locale":"en_US","og_type":"article","og_title":"Costa Pop 2009 - Success for Cudeca - Cudeca Cancer Care Hospice","og_description":"Benalm\u00e1dena (M\u00e1laga), 3rd June 2009.- On Saturday 27th June, the Spanish radio station \u201cLos 40 Principales\u201d celebrated it\u2019s 25th anniversary in M\u00e1laga and Andalucia by putting on a massive concert \u201cCosta Pop 2009\u201d in aid of Cudeca, in the Municipal Audit\u00f3rium of M\u00e1laga. Renowned national and international artists took part in the concert: Katy Perry, [&hellip;]","og_url":"https:\/\/www.cudeca.org\/en\/actualidad\/costa-pop-2009-success-for-cudeca\/","og_site_name":"Cudeca Cancer Care Hospice","article_publisher":"https:\/\/www.facebook.com\/AmigosDeCudeca","article_published_time":"2009-07-01T17:15:24+00:00","twitter_card":"summary_large_image","twitter_creator":"@cudeca","twitter_site":"@cudeca","twitter_misc":{"Est. reading time":"2 minutes"},"schema":{"@context":"https:\/\/schema.org","@graph":[{"@type":"Organization","@id":"https:\/\/www.cudeca.org\/#organization","name":"Fundaci\u00f3n Cudeca","url":"https:\/\/www.cudeca.org\/","sameAs":["https:\/\/www.youtube.com\/c\/cudecamalaga","https:\/\/www.facebook.com\/AmigosDeCudeca","https:\/\/twitter.com\/cudeca"],"logo":{"@type":"ImageObject","inLanguage":"en-US","@id":"https:\/\/www.cudeca.org\/#\/schema\/logo\/image\/","url":"https:\/\/www.cudeca.org\/wp-content\/uploads\/2018\/02\/cudeca-logo.png","contentUrl":"https:\/\/www.cudeca.org\/wp-content\/uploads\/2018\/02\/cudeca-logo.png","width":2121,"height":984,"caption":"Fundaci\u00f3n Cudeca"},"image":{"@id":"https:\/\/www.cudeca.org\/#\/schema\/logo\/image\/"}},{"@type":"WebSite","@id":"https:\/\/www.cudeca.org\/#website","url":"https:\/\/www.cudeca.org\/","name":"Fundaci\u00f3n Cudeca","description":"Cudeca Hospice","publisher":{"@id":"https:\/\/www.cudeca.org\/#organization"},"potentialAction":[{"@type":"SearchAction","target":{"@type":"EntryPoint","urlTemplate":"https:\/\/www.cudeca.org\/?s={search_term_string}"},"query-input":"required name=search_term_string"}],"inLanguage":"en-US"},{"@type":"WebPage","@id":"https:\/\/www.cudeca.org\/en\/actualidad\/costa-pop-2009-success-for-cudeca\/","url":"https:\/\/www.cudeca.org\/en\/actualidad\/costa-pop-2009-success-for-cudeca\/","name":"Costa Pop 2009 - Success for Cudeca - Cudeca Cancer Care Hospice","isPartOf":{"@id":"https:\/\/www.cudeca.org\/#website"},"datePublished":"2009-07-01T17:15:24+00:00","dateModified":"2009-07-01T17:15:24+00:00","breadcrumb":{"@id":"https:\/\/www.cudeca.org\/en\/actualidad\/costa-pop-2009-success-for-cudeca\/#breadcrumb"},"inLanguage":"en-US","potentialAction":[{"@type":"ReadAction","target":["https:\/\/www.cudeca.org\/en\/actualidad\/costa-pop-2009-success-for-cudeca\/"]}]},{"@type":"BreadcrumbList","@id":"https:\/\/www.cudeca.org\/en\/actualidad\/costa-pop-2009-success-for-cudeca\/#breadcrumb","itemListElement":[{"@type":"ListItem","position":1,"name":"Portada","item":"https:\/\/www.cudeca.org\/"},{"@type":"ListItem","position":2,"name":"Costa Pop 2009 &#8211; Success for Cudeca"}]},{"@type":"Article","@id":"https:\/\/www.cudeca.org\/en\/actualidad\/costa-pop-2009-success-for-cudeca\/#article","isPartOf":{"@id":"https:\/\/www.cudeca.org\/en\/actualidad\/costa-pop-2009-success-for-cudeca\/"},"author":{"name":"","@id":""},"headline":"Costa Pop 2009 &#8211; Success for Cudeca","datePublished":"2009-07-01T17:15:24+00:00","dateModified":"2009-07-01T17:15:24+00:00","mainEntityOfPage":{"@id":"https:\/\/www.cudeca.org\/en\/actualidad\/costa-pop-2009-success-for-cudeca\/"},"wordCount":391,"commentCount":0,"publisher":{"@id":"https:\/\/www.cudeca.org\/#organization"},"articleSection":[""],"inLanguage":"en-US","potentialAction":[{"@type":"CommentAction","name":"Comment","target":["https:\/\/www.cudeca.org\/en\/actualidad\/costa-pop-2009-success-for-cudeca\/#respond"]}]}]}},"_links":{"self":[{"href":"https:\/\/www.cudeca.org\/en\/wp-json\/wp\/v2\/posts\/15905"}],"collection":[{"href":"https:\/\/www.cudeca.org\/en\/wp-json\/wp\/v2\/posts"}],"about":[{"href":"https:\/\/www.cudeca.org\/en\/wp-json\/wp\/v2\/types\/post"}],"replies":[{"embeddable":true,"href":"https:\/\/www.cudeca.org\/en\/wp-json\/wp\/v2\/comments?post=15905"}],"version-history":[{"count":0,"href":"https:\/\/www.cudeca.org\/en\/wp-json\/wp\/v2\/posts\/15905\/revisions"}],"wp:attachment":[{"href":"https:\/\/www.cudeca.org\/en\/wp-json\/wp\/v2\/media?parent=15905"}],"wp:term":[{"taxonomy":"category","embeddable":true,"href":"https:\/\/www.cudeca.org\/en\/wp-json\/wp\/v2\/categories?post=15905"},{"taxonomy":"post_tag","embeddable":true,"href":"https:\/\/www.cudeca.org\/en\/wp-json\/wp\/v2\/tags?post=15905"}],"curies":[{"name":"wp","href":"https:\/\/api.w.org\/{rel}","templated":true}]}}