{"id":14677,"date":"2017-10-28T11:42:27","date_gmt":"2017-10-28T11:42:27","guid":{"rendered":"https:\/\/www.cudeca.org\/actualidad\/cudeca-foundation-cancer-hospice-events-556\/"},"modified":"2017-10-28T11:42:27","modified_gmt":"2017-10-28T11:42:27","slug":"cudeca-foundation-cancer-hospice-events-556","status":"publish","type":"post","link":"https:\/\/www.cudeca.org\/en\/actualidad\/cudeca-foundation-cancer-hospice-events-556\/","title":{"rendered":"Cudeca Foundation, Cancer Hospice, Events"},"content":{"rendered":"<p><\/p>\n<div id=\"notCuerpo\">\n<div>On October 28th, the drama company <a href=\"http:\/\/www.alezeiateatro.com\/\" target=\"_blank\"><strong>Alezeia Teatro <\/strong><\/a>presents the play<strong> &#8220;Lis\u00edstrata&#8221; <\/strong>at the<a href=\"https:\/\/www.tripadvisor.es\/Attraction_Review-g187440-d669593-Reviews-Pablo_Ruiz_Picasso_Cultural_Centre-Torremolinos_Costa_del_Sol_Province_of_Malaga_A.html\" target=\"_blank\"><strong> Pablo Ruiz Picasso Cultural Center in Torremolinos<\/strong><\/a> to help us.<\/div>\n<div>\u00a0<\/div>\n<div>It will take place at the <strong>Pablo Ruiz Picasso Cultural Centre <\/strong>in <strong>Torremolinos <\/strong>at 20.30h under the direction of <strong>Daniel Mac\u00edas and Desir\u00e9e P\u00e9rez.<\/strong><\/div>\n<div>\u00a0<\/div>\n<div><u><strong>Cast<\/strong><\/u>: Pilar Barreche, Jose Cabello, Francisco Campos, Mar\u00eda Jos\u00e9 Cisneros, Carmen Cord\u00f3n, Mar\u00eda Flores, Bel\u00e9n Garc\u00eda, pepi Granados, Lourdes Hidalgo, Inma Mart\u00edn, Sara Mart\u00edn, Maite Ortigosa and Sonia Velasco.<\/div>\n<div>\u00a0<\/div>\n<div><u><strong>Directed by<\/strong><\/u>: Daniel Mac\u00edas and Desir\u00e9e P\u00e9rez.<\/div>\n<div>\u00a0<\/div>\n<div><u><strong>Lighting and Sound<\/strong><\/u>: Juan Manuel Castillo<\/div>\n<div>\u00a0<\/div>\n<div>\u00a0<\/div>\n<div>The <strong>donation ticket is 6\u20ac<\/strong> and can be purchased at<strong><a href=\"https:\/\/www.colegiomaravillas.net\/\" target=\"_blank\"> Colegio Maravillas (Benalm\u00e1dena)<\/a><\/strong>, at the reception of the <strong>Cudeca centre in Arroyo de la Miel (Benalm\u00e1dena)<\/strong> and at the <strong>box office<\/strong> on the opening day (Torremolinos).<\/div>\n<div>\u00a0<\/div>\n<div>Concert organized by <strong>Alezeia Teatro (<a href=\"http:\/\/www.alezeiateatro.com\" target=\"_blank\">www.alezeiateatro.com<\/a>)<\/strong>.<\/div>\n<div>\u00a0<\/div>\n<div>Date: <strong>Saturday 28th October<\/strong><\/div>\n<div>Time: <strong>20.30h<\/strong><\/div>\n<div>Place: <strong>Pablo Ru\u00edz Picasso Cultural Center<\/strong><\/div>\n<div><strong>42 Calle de la Cruz, Torremolinos<\/strong><\/div>\n<div>Tickets for sale: <strong>Colegio Maravillas (952 44 26 33)<\/strong>, <strong>Centro Cudeca (952 564 910)<\/strong> and at the <strong>ticket office<\/strong> the same day of the event, Centro Cultural Pablo Ru\u00edz Picasso.<\/div>\n<div>More info: <strong>Juan Manuel Castillo <a href=\"mailto:johanma73@hotmail.com\">johanma73@hotmail.com<\/a><\/strong><\/div><\/div>\n<p><\/p>","protected":false},"excerpt":{"rendered":"<p>On October 28th, the drama company Alezeia Teatro presents the play &#8220;Lis\u00edstrata&#8221; at the Pablo Ruiz Picasso Cultural Center in Torremolinos to help us. \u00a0 It will take place at the Pablo Ruiz Picasso Cultural Centre in Torremolinos at 20.30h under the direction of Daniel Mac\u00edas and Desir\u00e9e P\u00e9rez. \u00a0 Cast: Pilar Barreche, Jose Cabello, [&hellip;]<\/p>\n","protected":false},"author":0,"featured_media":0,"comment_status":"open","ping_status":"open","sticky":false,"template":"","format":"standard","meta":[],"categories":[12],"tags":[],"yoast_head":"<!-- This site is optimized with the Yoast SEO plugin v19.4 - https:\/\/yoast.com\/wordpress\/plugins\/seo\/ -->\n<title>Cudeca Foundation, Cancer Hospice, Events - Cudeca Cancer Care Hospice<\/title>\n<meta name=\"robots\" content=\"index, follow, max-snippet:-1, max-image-preview:large, max-video-preview:-1\" \/>\n<link rel=\"canonical\" href=\"https:\/\/www.cudeca.org\/actualidad\/cudeca-foundation-cancer-hospice-events-556\/\" \/>\n<meta property=\"og:locale\" content=\"en_US\" \/>\n<meta property=\"og:type\" content=\"article\" \/>\n<meta property=\"og:title\" content=\"Cudeca Foundation, Cancer Hospice, Events - Cudeca Cancer Care Hospice\" \/>\n<meta property=\"og:description\" content=\"On October 28th, the drama company Alezeia Teatro presents the play &#8220;Lis\u00edstrata&#8221; at the Pablo Ruiz Picasso Cultural Center in Torremolinos to help us. \u00a0 It will take place at the Pablo Ruiz Picasso Cultural Centre in Torremolinos at 20.30h under the direction of Daniel Mac\u00edas and Desir\u00e9e P\u00e9rez. \u00a0 Cast: Pilar Barreche, Jose Cabello, [&hellip;]\" \/>\n<meta property=\"og:url\" content=\"https:\/\/www.cudeca.org\/actualidad\/cudeca-foundation-cancer-hospice-events-556\/\" \/>\n<meta property=\"og:site_name\" content=\"Cudeca Cancer Care Hospice\" \/>\n<meta property=\"article:publisher\" content=\"https:\/\/www.facebook.com\/AmigosDeCudeca\" \/>\n<meta property=\"article:published_time\" content=\"2017-10-28T11:42:27+00:00\" \/>\n<meta name=\"twitter:card\" content=\"summary_large_image\" \/>\n<meta name=\"twitter:creator\" content=\"@cudeca\" \/>\n<meta name=\"twitter:site\" content=\"@cudeca\" \/>\n<meta name=\"twitter:label1\" content=\"Est. reading time\" \/>\n\t<meta name=\"twitter:data1\" content=\"1 minute\" \/>\n<script type=\"application\/ld+json\" class=\"yoast-schema-graph\">{\"@context\":\"https:\/\/schema.org\",\"@graph\":[{\"@type\":\"Organization\",\"@id\":\"https:\/\/www.cudeca.org\/#organization\",\"name\":\"Fundaci\u00f3n Cudeca\",\"url\":\"https:\/\/www.cudeca.org\/\",\"sameAs\":[\"https:\/\/www.youtube.com\/c\/cudecamalaga\",\"https:\/\/www.facebook.com\/AmigosDeCudeca\",\"https:\/\/twitter.com\/cudeca\"],\"logo\":{\"@type\":\"ImageObject\",\"inLanguage\":\"en-US\",\"@id\":\"https:\/\/www.cudeca.org\/#\/schema\/logo\/image\/\",\"url\":\"https:\/\/www.cudeca.org\/wp-content\/uploads\/2018\/02\/cudeca-logo.png\",\"contentUrl\":\"https:\/\/www.cudeca.org\/wp-content\/uploads\/2018\/02\/cudeca-logo.png\",\"width\":2121,\"height\":984,\"caption\":\"Fundaci\u00f3n Cudeca\"},\"image\":{\"@id\":\"https:\/\/www.cudeca.org\/#\/schema\/logo\/image\/\"}},{\"@type\":\"WebSite\",\"@id\":\"https:\/\/www.cudeca.org\/#website\",\"url\":\"https:\/\/www.cudeca.org\/\",\"name\":\"Fundaci\u00f3n Cudeca\",\"description\":\"Cudeca Hospice\",\"publisher\":{\"@id\":\"https:\/\/www.cudeca.org\/#organization\"},\"potentialAction\":[{\"@type\":\"SearchAction\",\"target\":{\"@type\":\"EntryPoint\",\"urlTemplate\":\"https:\/\/www.cudeca.org\/?s={search_term_string}\"},\"query-input\":\"required name=search_term_string\"}],\"inLanguage\":\"en-US\"},{\"@type\":\"WebPage\",\"@id\":\"https:\/\/www.cudeca.org\/actualidad\/cudeca-foundation-cancer-hospice-events-556\/\",\"url\":\"https:\/\/www.cudeca.org\/actualidad\/cudeca-foundation-cancer-hospice-events-556\/\",\"name\":\"Cudeca Foundation, Cancer Hospice, Events - Cudeca Cancer Care Hospice\",\"isPartOf\":{\"@id\":\"https:\/\/www.cudeca.org\/#website\"},\"datePublished\":\"2017-10-28T11:42:27+00:00\",\"dateModified\":\"2017-10-28T11:42:27+00:00\",\"breadcrumb\":{\"@id\":\"https:\/\/www.cudeca.org\/actualidad\/cudeca-foundation-cancer-hospice-events-556\/#breadcrumb\"},\"inLanguage\":\"en-US\",\"potentialAction\":[{\"@type\":\"ReadAction\",\"target\":[\"https:\/\/www.cudeca.org\/actualidad\/cudeca-foundation-cancer-hospice-events-556\/\"]}]},{\"@type\":\"BreadcrumbList\",\"@id\":\"https:\/\/www.cudeca.org\/actualidad\/cudeca-foundation-cancer-hospice-events-556\/#breadcrumb\",\"itemListElement\":[{\"@type\":\"ListItem\",\"position\":1,\"name\":\"Portada\",\"item\":\"https:\/\/www.cudeca.org\/\"},{\"@type\":\"ListItem\",\"position\":2,\"name\":\"Cudeca Foundation, Cancer Hospice, Events\"}]},{\"@type\":\"Article\",\"@id\":\"https:\/\/www.cudeca.org\/actualidad\/cudeca-foundation-cancer-hospice-events-556\/#article\",\"isPartOf\":{\"@id\":\"https:\/\/www.cudeca.org\/actualidad\/cudeca-foundation-cancer-hospice-events-556\/\"},\"author\":{\"name\":\"\",\"@id\":\"\"},\"headline\":\"Cudeca Foundation, Cancer Hospice, Events\",\"datePublished\":\"2017-10-28T11:42:27+00:00\",\"dateModified\":\"2017-10-28T11:42:27+00:00\",\"mainEntityOfPage\":{\"@id\":\"https:\/\/www.cudeca.org\/actualidad\/cudeca-foundation-cancer-hospice-events-556\/\"},\"wordCount\":206,\"commentCount\":0,\"publisher\":{\"@id\":\"https:\/\/www.cudeca.org\/#organization\"},\"articleSection\":[\"\"],\"inLanguage\":\"en-US\",\"potentialAction\":[{\"@type\":\"CommentAction\",\"name\":\"Comment\",\"target\":[\"https:\/\/www.cudeca.org\/actualidad\/cudeca-foundation-cancer-hospice-events-556\/#respond\"]}]}]}<\/script>\n<!-- \/ Yoast SEO plugin. -->","yoast_head_json":{"title":"Cudeca Foundation, Cancer Hospice, Events - Cudeca Cancer Care Hospice","robots":{"index":"index","follow":"follow","max-snippet":"max-snippet:-1","max-image-preview":"max-image-preview:large","max-video-preview":"max-video-preview:-1"},"canonical":"https:\/\/www.cudeca.org\/actualidad\/cudeca-foundation-cancer-hospice-events-556\/","og_locale":"en_US","og_type":"article","og_title":"Cudeca Foundation, Cancer Hospice, Events - Cudeca Cancer Care Hospice","og_description":"On October 28th, the drama company Alezeia Teatro presents the play &#8220;Lis\u00edstrata&#8221; at the Pablo Ruiz Picasso Cultural Center in Torremolinos to help us. \u00a0 It will take place at the Pablo Ruiz Picasso Cultural Centre in Torremolinos at 20.30h under the direction of Daniel Mac\u00edas and Desir\u00e9e P\u00e9rez. \u00a0 Cast: Pilar Barreche, Jose Cabello, [&hellip;]","og_url":"https:\/\/www.cudeca.org\/actualidad\/cudeca-foundation-cancer-hospice-events-556\/","og_site_name":"Cudeca Cancer Care Hospice","article_publisher":"https:\/\/www.facebook.com\/AmigosDeCudeca","article_published_time":"2017-10-28T11:42:27+00:00","twitter_card":"summary_large_image","twitter_creator":"@cudeca","twitter_site":"@cudeca","twitter_misc":{"Est. reading time":"1 minute"},"schema":{"@context":"https:\/\/schema.org","@graph":[{"@type":"Organization","@id":"https:\/\/www.cudeca.org\/#organization","name":"Fundaci\u00f3n Cudeca","url":"https:\/\/www.cudeca.org\/","sameAs":["https:\/\/www.youtube.com\/c\/cudecamalaga","https:\/\/www.facebook.com\/AmigosDeCudeca","https:\/\/twitter.com\/cudeca"],"logo":{"@type":"ImageObject","inLanguage":"en-US","@id":"https:\/\/www.cudeca.org\/#\/schema\/logo\/image\/","url":"https:\/\/www.cudeca.org\/wp-content\/uploads\/2018\/02\/cudeca-logo.png","contentUrl":"https:\/\/www.cudeca.org\/wp-content\/uploads\/2018\/02\/cudeca-logo.png","width":2121,"height":984,"caption":"Fundaci\u00f3n Cudeca"},"image":{"@id":"https:\/\/www.cudeca.org\/#\/schema\/logo\/image\/"}},{"@type":"WebSite","@id":"https:\/\/www.cudeca.org\/#website","url":"https:\/\/www.cudeca.org\/","name":"Fundaci\u00f3n Cudeca","description":"Cudeca Hospice","publisher":{"@id":"https:\/\/www.cudeca.org\/#organization"},"potentialAction":[{"@type":"SearchAction","target":{"@type":"EntryPoint","urlTemplate":"https:\/\/www.cudeca.org\/?s={search_term_string}"},"query-input":"required name=search_term_string"}],"inLanguage":"en-US"},{"@type":"WebPage","@id":"https:\/\/www.cudeca.org\/actualidad\/cudeca-foundation-cancer-hospice-events-556\/","url":"https:\/\/www.cudeca.org\/actualidad\/cudeca-foundation-cancer-hospice-events-556\/","name":"Cudeca Foundation, Cancer Hospice, Events - Cudeca Cancer Care Hospice","isPartOf":{"@id":"https:\/\/www.cudeca.org\/#website"},"datePublished":"2017-10-28T11:42:27+00:00","dateModified":"2017-10-28T11:42:27+00:00","breadcrumb":{"@id":"https:\/\/www.cudeca.org\/actualidad\/cudeca-foundation-cancer-hospice-events-556\/#breadcrumb"},"inLanguage":"en-US","potentialAction":[{"@type":"ReadAction","target":["https:\/\/www.cudeca.org\/actualidad\/cudeca-foundation-cancer-hospice-events-556\/"]}]},{"@type":"BreadcrumbList","@id":"https:\/\/www.cudeca.org\/actualidad\/cudeca-foundation-cancer-hospice-events-556\/#breadcrumb","itemListElement":[{"@type":"ListItem","position":1,"name":"Portada","item":"https:\/\/www.cudeca.org\/"},{"@type":"ListItem","position":2,"name":"Cudeca Foundation, Cancer Hospice, Events"}]},{"@type":"Article","@id":"https:\/\/www.cudeca.org\/actualidad\/cudeca-foundation-cancer-hospice-events-556\/#article","isPartOf":{"@id":"https:\/\/www.cudeca.org\/actualidad\/cudeca-foundation-cancer-hospice-events-556\/"},"author":{"name":"","@id":""},"headline":"Cudeca Foundation, Cancer Hospice, Events","datePublished":"2017-10-28T11:42:27+00:00","dateModified":"2017-10-28T11:42:27+00:00","mainEntityOfPage":{"@id":"https:\/\/www.cudeca.org\/actualidad\/cudeca-foundation-cancer-hospice-events-556\/"},"wordCount":206,"commentCount":0,"publisher":{"@id":"https:\/\/www.cudeca.org\/#organization"},"articleSection":[""],"inLanguage":"en-US","potentialAction":[{"@type":"CommentAction","name":"Comment","target":["https:\/\/www.cudeca.org\/actualidad\/cudeca-foundation-cancer-hospice-events-556\/#respond"]}]}]}},"_links":{"self":[{"href":"https:\/\/www.cudeca.org\/en\/wp-json\/wp\/v2\/posts\/14677"}],"collection":[{"href":"https:\/\/www.cudeca.org\/en\/wp-json\/wp\/v2\/posts"}],"about":[{"href":"https:\/\/www.cudeca.org\/en\/wp-json\/wp\/v2\/types\/post"}],"replies":[{"embeddable":true,"href":"https:\/\/www.cudeca.org\/en\/wp-json\/wp\/v2\/comments?post=14677"}],"version-history":[{"count":0,"href":"https:\/\/www.cudeca.org\/en\/wp-json\/wp\/v2\/posts\/14677\/revisions"}],"wp:attachment":[{"href":"https:\/\/www.cudeca.org\/en\/wp-json\/wp\/v2\/media?parent=14677"}],"wp:term":[{"taxonomy":"category","embeddable":true,"href":"https:\/\/www.cudeca.org\/en\/wp-json\/wp\/v2\/categories?post=14677"},{"taxonomy":"post_tag","embeddable":true,"href":"https:\/\/www.cudeca.org\/en\/wp-json\/wp\/v2\/tags?post=14677"}],"curies":[{"name":"wp","href":"https:\/\/api.w.org\/{rel}","templated":true}]}}