{"id":14661,"date":"2017-06-17T11:42:08","date_gmt":"2017-06-17T11:42:08","guid":{"rendered":"https:\/\/www.cudeca.org\/actualidad\/cudeca-foundation-cancer-hospice-events-540\/"},"modified":"2017-06-17T11:42:08","modified_gmt":"2017-06-17T11:42:08","slug":"cudeca-foundation-cancer-hospice-events-540","status":"publish","type":"post","link":"https:\/\/www.cudeca.org\/en\/actualidad\/cudeca-foundation-cancer-hospice-events-540\/","title":{"rendered":"Cudeca Foundation, Cancer Hospice, Events"},"content":{"rendered":"<p><\/p>\n<div id=\"notCuerpo\">\n<div>One year again\u00a0we hold our annual Sunflower Campaign in order to raise funds and awareness on the importance of our Special Kind of Caring.<\/div>\n<div>  During this Campaign, our volunteers will take to the streets to raise awareness and offer Sunflowers (symbol of International Palliative Care), in exchange for donations, with the aim of giving life to the days of over 1,300 patients and their families attended to each year by Cudeca, thanks to its professional team of doctors, nurses, psychologists, social workers, physiotherapist and volunteers.<br \/>  \u00a0\u00a0\u00a0\u00a0\u00a0\u00a0\u00a0\u00a0\u00a0\u00a0\u00a0\u00a0\u00a0\u00a0\u00a0\u00a0\u00a0\u00a0\u00a0\u00a0\u00a0\u00a0\u00a0\u00a0\u00a0\u00a0\u00a0\u00a0\u00a0\u00a0\u00a0\u00a0\u00a0\u00a0\u00a0\u00a0\u00a0\u00a0\u00a0\u00a0\u00a0\u00a0\u00a0\u00a0\u00a0\u00a0\u00a0\u00a0\u00a0\u00a0\u00a0\u00a0\u00a0\u00a0\u00a0\u00a0\u00a0\u00a0\u00a0\u00a0\u00a0\u00a0\u00a0\u00a0\u00a0\u00a0\u00a0\u00a0\u00a0\u00a0\u00a0\u00a0\u00a0\u00a0\u00a0\u00a0\u00a0\u00a0\u00a0\u00a0\u00a0\u00a0\u00a0\u00a0\u00a0\u00a0\u00a0\u00a0\u00a0\u00a0\u00a0\u00a0\u00a0\u00a0\u00a0\u00a0\u00a0\u00a0\u00a0\u00a0\u00a0\u00a0\u00a0\u00a0\u00a0\u00a0\u00a0\u00a0\u00a0\u00a0\u00a0\u00a0\u00a0\u00a0\u00a0\u00a0\u00a0\u00a0\u00a0\u00a0\u00a0\u00a0<br \/>  <strong>The Sunflower Campaign 2017, will take place from 17th June to 2nd July<\/strong>, when the awareness tables and volunteers will be conveniently located at popular locations within the M\u00e1laga capital and province such as: Arroyo de la Miel, Fuengirola, Mijas, Nerja, Torremolinos, Marbella, M\u00e1laga, Benalm\u00e1dena, and many more places.<br \/>  \u00a0<br \/>  This year, we count on <strong><a href=\"http:\/\/dinergia.com\" target=\"_blank\">Dinergia <\/a><\/strong>(a well-known fuel company from M\u00e1laga) as sponsor. Dinergia fuel has been offered and spreaded throughout the province of M\u00e1laga for more than 50 years and they are also supporting us financially in many other different events organized.\u00a0<br \/>  \u00a0<br \/>  <strong>To participate as a volunteer in the Sunflower Campaign <\/strong>or for more information regarding the Sunflower Campaign itinerary, please do not hesitate to contact us at girasol@cudeca.org or calling at .<br \/>  \u00a0<br \/>  <strong><u>Bellow you will find all dates and locations where to find our stands during the whole Sunflower Campaign.<\/u><\/strong><br \/>  \u00a0<\/div>\n<div><strong>WEDNESDAY 14TH JUNE<\/strong><br \/>  10 A 14 HS MERCADILLO-STREET MARKET ALHAUR\u00cdN DE LA TORRE<\/div>\n<div>  <strong>THURSDAY 15TH JUNE<\/strong><br \/>  10 A 14 HS MERCADILLO- STREET MARKET ALHAUR\u00cdN EL GRANDE<\/div>\n<div>  <strong>FRIDAY 16TH JUNE<\/strong><br \/>  10 A 14 HS COLEGIO PLATERO (M\u00c1LAGA)<\/div>\n<div>  <strong>SATURDAY 17TH JUNE<\/strong><br \/>  10 A 14 HS EL CORTE INGL\u00c9S M\u00c1LAGA<br \/>  10 A 14 HS MERCA CENTRO FUENGIROLA<br \/>  17 A 21 HS SHOPPING CENTRE MIRAMAR , FUENGIROLA<br \/>  14 A 21 HS SHOPPING CENTRE VIALIA, M\u00c1LAGA<\/div>\n<div>  <strong>SUNDAY 18TH JUNE<\/strong><br \/>  10 A 14 HS MUELLE UNO M\u00c1LAGA<br \/>  10 A 14 HS MERCADILLO-STREET MARKET TORREMOLINOS<br \/>  17 A 21 HS MUELLE UNO M\u00c1LAGA<\/div>\n<div>  <strong>MONDAY 19TH JUNE<\/strong><br \/>  10 A 14 HS MERCADILLO-STREET MARKET \u00c1LORA<br \/>  10 A 14 HS HOSPITAL CHARE BENALM\u00c1DENA<br \/>  10 A 14 HS DUNNES-STORES FUENGIROLA<\/div>\n<div>  <strong>TUESDAY 20TH JUNE<\/strong><br \/>  10 A 14 HS MERCADILLO-STREET MARKET FUENGIROLA<br \/>  10 A 14 HS MERCADILLO-STREET MARKET NERJA<br \/>  10 A 14 HS CALA DE MIJAS CITY CENTRE<\/div>\n<div>  <strong>WEDNESDAY 21ST JUNE<\/strong><br \/>  10 A 14 HS MERCADILLO-STREET MARKET ESTEPONA<br \/>  10 A 14 HS HOSPITAL QUIR\u00d3N MARBELLA<\/div>\n<div>  <strong>THURSDAY 22ND JUNE<\/strong><br \/>  10 A 14 HS MERCADILLO-STREET MARKET SAN PEDRO DE ALC\u00c1NTARA<br \/>  10 A 14 HS MERCADILLO- STREET MARKET TORREMOLINOS<br \/>  10 A 14 HS HOSPITAL COSTA DEL SOL MARBELLA<\/div>\n<div>  <strong>FRIDAY 23RD JUNE<\/strong><br \/>  10 A 14 HS MERCADILLO-STREET MARKET T\u00cdVOLI ARROYO DE LA MIEL<br \/>  10 A 14 HS CHARITY SHOP ARROYO DE LA MIEL (C\/SIERRAMAR)<br \/>  10 A 14 HS CHARITY SHOP PLAZA DE LA MERCED MALAGA<br \/>  17 A 21 HS SHOPPING CENTER ROSALEDA M\u00c1LAGA<br \/>  \u00a0<br \/>  <strong>SATURDAY 24TH JUNE<\/strong><br \/>  10 A 14 HS CARREFOUR ESTEPONA<br \/>  10 A 14 HS MERCADILLO-STREET MARKET FUENGIROLA<br \/>  17 A 21 HS EUROMARKET CARREFOUR PLANET MIJAS<\/div>\n<div>  SUNDAY 25TH JUNE<br \/>  10 A 14 HS STREET MARKET SHOPPING CENTER LA TROCHA CO\u00cdN<br \/>  10 A 14 HS STREET MARKET MOSQUE FUENGIROLA<\/div>\n<div>  <strong>MONDAY 26TH JUNE<\/strong><br \/>  10 A 14 HS HOSPITAL XANIT BENALM\u00c1DENA<br \/>  10 A 14 HS MALAGA UNIVERSITY<br \/>  10 A 14 HS SAN MIGUEL STREET TORREMOLINOS<\/div>\n<div>  <strong>TUESDAY 27TH JUNE<\/strong><br \/>  10 A 14 HS BALC\u00d3N DE EUROPA NERJA<br \/>  10 A 14 HS HOSPITAL MATERNO INFANTIL MALAGA<br \/>  10 A 14 HS HOSPITAL CIVIL MALAGA<br \/>  \u00a0<\/div><\/div>\n<p><\/p>","protected":false},"excerpt":{"rendered":"<p>One year again\u00a0we hold our annual Sunflower Campaign in order to raise funds and awareness on the importance of our Special Kind of Caring. During this Campaign, our volunteers will take to the streets to raise awareness and offer Sunflowers (symbol of International Palliative Care), in exchange for donations, with the aim of giving life [&hellip;]<\/p>\n","protected":false},"author":0,"featured_media":0,"comment_status":"open","ping_status":"open","sticky":false,"template":"","format":"standard","meta":[],"categories":[12],"tags":[],"yoast_head":"<!-- This site is optimized with the Yoast SEO plugin v19.4 - https:\/\/yoast.com\/wordpress\/plugins\/seo\/ -->\n<title>Cudeca Foundation, Cancer Hospice, Events - Cudeca Cancer Care Hospice<\/title>\n<meta name=\"robots\" content=\"index, follow, max-snippet:-1, max-image-preview:large, max-video-preview:-1\" \/>\n<link rel=\"canonical\" href=\"https:\/\/www.cudeca.org\/actualidad\/cudeca-foundation-cancer-hospice-events-540\/\" \/>\n<meta property=\"og:locale\" content=\"en_US\" \/>\n<meta property=\"og:type\" content=\"article\" \/>\n<meta property=\"og:title\" content=\"Cudeca Foundation, Cancer Hospice, Events - Cudeca Cancer Care Hospice\" \/>\n<meta property=\"og:description\" content=\"One year again\u00a0we hold our annual Sunflower Campaign in order to raise funds and awareness on the importance of our Special Kind of Caring. During this Campaign, our volunteers will take to the streets to raise awareness and offer Sunflowers (symbol of International Palliative Care), in exchange for donations, with the aim of giving life [&hellip;]\" \/>\n<meta property=\"og:url\" content=\"https:\/\/www.cudeca.org\/actualidad\/cudeca-foundation-cancer-hospice-events-540\/\" \/>\n<meta property=\"og:site_name\" content=\"Cudeca Cancer Care Hospice\" \/>\n<meta property=\"article:publisher\" content=\"https:\/\/www.facebook.com\/AmigosDeCudeca\" \/>\n<meta property=\"article:published_time\" content=\"2017-06-17T11:42:08+00:00\" \/>\n<meta name=\"twitter:card\" content=\"summary_large_image\" \/>\n<meta name=\"twitter:creator\" content=\"@cudeca\" \/>\n<meta name=\"twitter:site\" content=\"@cudeca\" \/>\n<meta name=\"twitter:label1\" content=\"Est. reading time\" \/>\n\t<meta name=\"twitter:data1\" content=\"3 minutes\" \/>\n<script type=\"application\/ld+json\" class=\"yoast-schema-graph\">{\"@context\":\"https:\/\/schema.org\",\"@graph\":[{\"@type\":\"Organization\",\"@id\":\"https:\/\/www.cudeca.org\/#organization\",\"name\":\"Fundaci\u00f3n Cudeca\",\"url\":\"https:\/\/www.cudeca.org\/\",\"sameAs\":[\"https:\/\/www.youtube.com\/c\/cudecamalaga\",\"https:\/\/www.facebook.com\/AmigosDeCudeca\",\"https:\/\/twitter.com\/cudeca\"],\"logo\":{\"@type\":\"ImageObject\",\"inLanguage\":\"en-US\",\"@id\":\"https:\/\/www.cudeca.org\/#\/schema\/logo\/image\/\",\"url\":\"https:\/\/www.cudeca.org\/wp-content\/uploads\/2018\/02\/cudeca-logo.png\",\"contentUrl\":\"https:\/\/www.cudeca.org\/wp-content\/uploads\/2018\/02\/cudeca-logo.png\",\"width\":2121,\"height\":984,\"caption\":\"Fundaci\u00f3n Cudeca\"},\"image\":{\"@id\":\"https:\/\/www.cudeca.org\/#\/schema\/logo\/image\/\"}},{\"@type\":\"WebSite\",\"@id\":\"https:\/\/www.cudeca.org\/#website\",\"url\":\"https:\/\/www.cudeca.org\/\",\"name\":\"Fundaci\u00f3n Cudeca\",\"description\":\"Cudeca Hospice\",\"publisher\":{\"@id\":\"https:\/\/www.cudeca.org\/#organization\"},\"potentialAction\":[{\"@type\":\"SearchAction\",\"target\":{\"@type\":\"EntryPoint\",\"urlTemplate\":\"https:\/\/www.cudeca.org\/?s={search_term_string}\"},\"query-input\":\"required name=search_term_string\"}],\"inLanguage\":\"en-US\"},{\"@type\":\"WebPage\",\"@id\":\"https:\/\/www.cudeca.org\/actualidad\/cudeca-foundation-cancer-hospice-events-540\/\",\"url\":\"https:\/\/www.cudeca.org\/actualidad\/cudeca-foundation-cancer-hospice-events-540\/\",\"name\":\"Cudeca Foundation, Cancer Hospice, Events - Cudeca Cancer Care Hospice\",\"isPartOf\":{\"@id\":\"https:\/\/www.cudeca.org\/#website\"},\"datePublished\":\"2017-06-17T11:42:08+00:00\",\"dateModified\":\"2017-06-17T11:42:08+00:00\",\"breadcrumb\":{\"@id\":\"https:\/\/www.cudeca.org\/actualidad\/cudeca-foundation-cancer-hospice-events-540\/#breadcrumb\"},\"inLanguage\":\"en-US\",\"potentialAction\":[{\"@type\":\"ReadAction\",\"target\":[\"https:\/\/www.cudeca.org\/actualidad\/cudeca-foundation-cancer-hospice-events-540\/\"]}]},{\"@type\":\"BreadcrumbList\",\"@id\":\"https:\/\/www.cudeca.org\/actualidad\/cudeca-foundation-cancer-hospice-events-540\/#breadcrumb\",\"itemListElement\":[{\"@type\":\"ListItem\",\"position\":1,\"name\":\"Portada\",\"item\":\"https:\/\/www.cudeca.org\/\"},{\"@type\":\"ListItem\",\"position\":2,\"name\":\"Cudeca Foundation, Cancer Hospice, Events\"}]},{\"@type\":\"Article\",\"@id\":\"https:\/\/www.cudeca.org\/actualidad\/cudeca-foundation-cancer-hospice-events-540\/#article\",\"isPartOf\":{\"@id\":\"https:\/\/www.cudeca.org\/actualidad\/cudeca-foundation-cancer-hospice-events-540\/\"},\"author\":{\"name\":\"\",\"@id\":\"\"},\"headline\":\"Cudeca Foundation, Cancer Hospice, Events\",\"datePublished\":\"2017-06-17T11:42:08+00:00\",\"dateModified\":\"2017-06-17T11:42:08+00:00\",\"mainEntityOfPage\":{\"@id\":\"https:\/\/www.cudeca.org\/actualidad\/cudeca-foundation-cancer-hospice-events-540\/\"},\"wordCount\":513,\"commentCount\":0,\"publisher\":{\"@id\":\"https:\/\/www.cudeca.org\/#organization\"},\"articleSection\":[\"\"],\"inLanguage\":\"en-US\",\"potentialAction\":[{\"@type\":\"CommentAction\",\"name\":\"Comment\",\"target\":[\"https:\/\/www.cudeca.org\/actualidad\/cudeca-foundation-cancer-hospice-events-540\/#respond\"]}]}]}<\/script>\n<!-- \/ Yoast SEO plugin. -->","yoast_head_json":{"title":"Cudeca Foundation, Cancer Hospice, Events - Cudeca Cancer Care Hospice","robots":{"index":"index","follow":"follow","max-snippet":"max-snippet:-1","max-image-preview":"max-image-preview:large","max-video-preview":"max-video-preview:-1"},"canonical":"https:\/\/www.cudeca.org\/actualidad\/cudeca-foundation-cancer-hospice-events-540\/","og_locale":"en_US","og_type":"article","og_title":"Cudeca Foundation, Cancer Hospice, Events - Cudeca Cancer Care Hospice","og_description":"One year again\u00a0we hold our annual Sunflower Campaign in order to raise funds and awareness on the importance of our Special Kind of Caring. During this Campaign, our volunteers will take to the streets to raise awareness and offer Sunflowers (symbol of International Palliative Care), in exchange for donations, with the aim of giving life [&hellip;]","og_url":"https:\/\/www.cudeca.org\/actualidad\/cudeca-foundation-cancer-hospice-events-540\/","og_site_name":"Cudeca Cancer Care Hospice","article_publisher":"https:\/\/www.facebook.com\/AmigosDeCudeca","article_published_time":"2017-06-17T11:42:08+00:00","twitter_card":"summary_large_image","twitter_creator":"@cudeca","twitter_site":"@cudeca","twitter_misc":{"Est. reading time":"3 minutes"},"schema":{"@context":"https:\/\/schema.org","@graph":[{"@type":"Organization","@id":"https:\/\/www.cudeca.org\/#organization","name":"Fundaci\u00f3n Cudeca","url":"https:\/\/www.cudeca.org\/","sameAs":["https:\/\/www.youtube.com\/c\/cudecamalaga","https:\/\/www.facebook.com\/AmigosDeCudeca","https:\/\/twitter.com\/cudeca"],"logo":{"@type":"ImageObject","inLanguage":"en-US","@id":"https:\/\/www.cudeca.org\/#\/schema\/logo\/image\/","url":"https:\/\/www.cudeca.org\/wp-content\/uploads\/2018\/02\/cudeca-logo.png","contentUrl":"https:\/\/www.cudeca.org\/wp-content\/uploads\/2018\/02\/cudeca-logo.png","width":2121,"height":984,"caption":"Fundaci\u00f3n Cudeca"},"image":{"@id":"https:\/\/www.cudeca.org\/#\/schema\/logo\/image\/"}},{"@type":"WebSite","@id":"https:\/\/www.cudeca.org\/#website","url":"https:\/\/www.cudeca.org\/","name":"Fundaci\u00f3n Cudeca","description":"Cudeca Hospice","publisher":{"@id":"https:\/\/www.cudeca.org\/#organization"},"potentialAction":[{"@type":"SearchAction","target":{"@type":"EntryPoint","urlTemplate":"https:\/\/www.cudeca.org\/?s={search_term_string}"},"query-input":"required name=search_term_string"}],"inLanguage":"en-US"},{"@type":"WebPage","@id":"https:\/\/www.cudeca.org\/actualidad\/cudeca-foundation-cancer-hospice-events-540\/","url":"https:\/\/www.cudeca.org\/actualidad\/cudeca-foundation-cancer-hospice-events-540\/","name":"Cudeca Foundation, Cancer Hospice, Events - Cudeca Cancer Care Hospice","isPartOf":{"@id":"https:\/\/www.cudeca.org\/#website"},"datePublished":"2017-06-17T11:42:08+00:00","dateModified":"2017-06-17T11:42:08+00:00","breadcrumb":{"@id":"https:\/\/www.cudeca.org\/actualidad\/cudeca-foundation-cancer-hospice-events-540\/#breadcrumb"},"inLanguage":"en-US","potentialAction":[{"@type":"ReadAction","target":["https:\/\/www.cudeca.org\/actualidad\/cudeca-foundation-cancer-hospice-events-540\/"]}]},{"@type":"BreadcrumbList","@id":"https:\/\/www.cudeca.org\/actualidad\/cudeca-foundation-cancer-hospice-events-540\/#breadcrumb","itemListElement":[{"@type":"ListItem","position":1,"name":"Portada","item":"https:\/\/www.cudeca.org\/"},{"@type":"ListItem","position":2,"name":"Cudeca Foundation, Cancer Hospice, Events"}]},{"@type":"Article","@id":"https:\/\/www.cudeca.org\/actualidad\/cudeca-foundation-cancer-hospice-events-540\/#article","isPartOf":{"@id":"https:\/\/www.cudeca.org\/actualidad\/cudeca-foundation-cancer-hospice-events-540\/"},"author":{"name":"","@id":""},"headline":"Cudeca Foundation, Cancer Hospice, Events","datePublished":"2017-06-17T11:42:08+00:00","dateModified":"2017-06-17T11:42:08+00:00","mainEntityOfPage":{"@id":"https:\/\/www.cudeca.org\/actualidad\/cudeca-foundation-cancer-hospice-events-540\/"},"wordCount":513,"commentCount":0,"publisher":{"@id":"https:\/\/www.cudeca.org\/#organization"},"articleSection":[""],"inLanguage":"en-US","potentialAction":[{"@type":"CommentAction","name":"Comment","target":["https:\/\/www.cudeca.org\/actualidad\/cudeca-foundation-cancer-hospice-events-540\/#respond"]}]}]}},"_links":{"self":[{"href":"https:\/\/www.cudeca.org\/en\/wp-json\/wp\/v2\/posts\/14661"}],"collection":[{"href":"https:\/\/www.cudeca.org\/en\/wp-json\/wp\/v2\/posts"}],"about":[{"href":"https:\/\/www.cudeca.org\/en\/wp-json\/wp\/v2\/types\/post"}],"replies":[{"embeddable":true,"href":"https:\/\/www.cudeca.org\/en\/wp-json\/wp\/v2\/comments?post=14661"}],"version-history":[{"count":0,"href":"https:\/\/www.cudeca.org\/en\/wp-json\/wp\/v2\/posts\/14661\/revisions"}],"wp:attachment":[{"href":"https:\/\/www.cudeca.org\/en\/wp-json\/wp\/v2\/media?parent=14661"}],"wp:term":[{"taxonomy":"category","embeddable":true,"href":"https:\/\/www.cudeca.org\/en\/wp-json\/wp\/v2\/categories?post=14661"},{"taxonomy":"post_tag","embeddable":true,"href":"https:\/\/www.cudeca.org\/en\/wp-json\/wp\/v2\/tags?post=14661"}],"curies":[{"name":"wp","href":"https:\/\/api.w.org\/{rel}","templated":true}]}}