{"id":14642,"date":"2017-04-25T11:36:37","date_gmt":"2017-04-25T11:36:37","guid":{"rendered":"https:\/\/www.cudeca.org\/actualidad\/cudeca-foundation-cancer-hospice-events-523\/"},"modified":"2017-04-25T11:36:37","modified_gmt":"2017-04-25T11:36:37","slug":"cudeca-foundation-cancer-hospice-events-523","status":"publish","type":"post","link":"https:\/\/www.cudeca.org\/en\/actualidad\/cudeca-foundation-cancer-hospice-events-523\/","title":{"rendered":"Cudeca Foundation, Cancer Hospice, Events"},"content":{"rendered":"<p><\/p>\n<div id=\"notCuerpo\">\n<div><u><strong>BUY\u00a0YOUR<strong>\u00a0<\/strong>TICKET HERE,<\/strong> <a href=\"http:\/\/www.unientradas.es\/janto\/main.php?Nivel=Evento&amp;idEvento=17Cudeca\">www.unientradas.es\/janto\/main.php?Nivel=Evento&amp;idEvento=17Cudeca<\/a><\/u><\/div>\n<div>\u00a0<\/div>\n<div>\u00a0<\/div>\n<div>We\u00a0will celebrate\u00a0<strong>our 25th anniversary<\/strong> with a commemorative concert performed by the <a href=\"https:\/\/es-es.facebook.com\/sinfonicamalaga\" target=\"_blank\"><strong>Provincial Symphony Orchestra of Malaga<\/strong><\/a>.<br \/>  \u00a0<br \/>  It will take place on <strong>Tuesday, April 25th<\/strong> at 8 pm at the <strong><a href=\"http:\/\/www.teatrocervantes.com\" target=\"_blank\">Cervantes Theater<\/a><\/strong>,\u00a0Malaga, under the direction of <strong>Salvador V\u00e1zquez<\/strong> with solo performances by:<\/div>\n<div>\u00a0<\/div>\n<div><strong>&#8211; Soprano, <a href=\"http:\/\/www.bernaperles.com\" target=\"_blank\">Berna Perles <\/a>(Malaga).<br \/>  &#8211; Tenor <a href=\"http:\/\/rodrigoorrego.com\" target=\"_blank\">Rodrigo Orrego<\/a> (Chile) .<\/strong><\/div>\n<div><strong>&#8211; Pianist <a href=\"http:\/\/www.cristinalbapadial.com\/\" target=\"_blank\">Cristina Alba Padial<\/a> (Malaga).<\/strong><br \/>  \u00a0<br \/>  The first half will be operatic and the second half will be the orchestra performing a selection of music by Beethoven and Mozart.<br \/>  \u00a0<br \/>  <strong>Ticket donation is 12 euros<\/strong> and can be purchased at the ticket offices of the Cervantes Theater or via the online platform <strong><a href=\"http:\/\/www.teatrocervantes.com\" target=\"_blank\">www.teatrocervantes.com<\/a><\/strong>.<br \/>  \u00a0<br \/>  Total fundraising\u00a0from the concert will go to\u00a0our specialized care, which gives assistance, completely free of charge,\u00a0to\u00a0more than 1,300 people each year who are suffering from cancer\u00a0or other advanced diseases, which includes support to their families.<\/p>\n<p>  \u00a0<br \/>  <u><strong>The concert is made possible with thanks to the collaboration of:<\/strong><\/u><br \/>  <a href=\"http:\/\/www.malaga.eu\" target=\"_blank\">M\u00e1laga Town Hall<\/a>, <a href=\"http:\/\/www.malaga.es\" target=\"_blank\">Diputaci\u00f3n Provincial de M\u00e1laga<\/a>, <a href=\"http:\/\/es-es.facebook.com\/sinfonicamalaga\" target=\"_blank\">Provincial Symphonic Orchestra of M\u00e1laga<\/a>, <a href=\"http:\/\/www.teatrocervantes.com\" target=\"_blank\">Cervantes Theater <\/a>and artists <a href=\"http:\/\/www.bernaperles.com\" target=\"_blank\">Berna Perles<\/a>, <a href=\"http:\/\/rodrigoorrego.com\" target=\"_blank\">Rodrigo Orrego<\/a> and <a href=\"http:\/\/www.cristinalbapadial.com\/\" target=\"_blank\">Cristina Alba.<\/a><br \/>  \u00a0<br \/>  <u><strong>Sponsored by:<\/strong><\/u><br \/>  <a href=\"http:\/\/metromalaga.es\" target=\"_blank\">Metro de M\u00e1laga<\/a>,<a href=\"http:\/\/www.fym.es\" target=\"_blank\"> FYM Italcementi Group<\/a> and <a href=\"http:\/\/dinergia.com\" target=\"_blank\">Dinergia<\/a>.\u00a0<\/div>\n<div>\u00a0<\/div>\n<div><u><strong>Cudeca Hospice<\/strong><\/u><br \/>  Cudeca Hospice is a non-profit organization that offers specialized care to people with cancer and other illnesses in an advanced state with no possibility of cure, and support for their families.<\/p>\n<p>  It follows the philosophy of palliative care, a field in which it has acquired\u00a0great experience and competence, and from which the &#8220;special way of caring&#8221; becomes reality. It not only treats the physical part of the disease, but also cares psychologically, socially, emotionally and spiritually. In short: it works to help patients feel dignified until the last moment.<\/p>\n<p>  The activity of CUDECA began in 1992 thanks to the work and commitment of Joan Hunt. Born in England and settled on the Costa del Sol, after losing her husband due to cancer, she dedicated her life to helping others who are in the same situation. This is the reason that Joan Hunt founded Cudeca Hospice Care.<\/p>\n<p>  Cudeca develops different and complementary Home Care Programmes through its multidisciplinary team: Home Care Programme, Out-Patient Clinic and In-Patient Unit, supported by the Psycho Social Care Programmes, Day Care Centre and Rehabilitation Programme; and Counselling. To complement and ensure continuous improvement of the work, it also has a Continuing Education, Teaching and Research Programme.<br \/>  To reach objectives, Cudeca counts on multidisciplinary teams formed by doctors, nurses, social workers, psychologists, physiotherapists and qualified volunteers to care for our patients and support their families. Cudeca Hospice offers its specialized services, totally free of charge, to all those who in need.<br \/>  \u00a0<\/div>\n<div><u><strong>Malaga Symphony Orchestra<\/strong><\/u><br \/>  Founded in 1945 by D. Pedro Gutierrez Lapuente and formed by musicians born or resident in Malaga, it is one of the oldest orchestras in Spain. Its main objectives are the dissemination of music and support for the creation of new artistic values.<\/div>\n<div>  Coinciding with the 50th anniversary, the Diputacion decided to support in a committed and enthusiastic way the Malaga Symphony, becoming its main promoter. A stronger bond was established by the change of name to the Provincial Symphonic Orchestra of Malaga (OSPM), the assignment of a venue and rehearsal room in the Provincial Cultural Center and the creation of an Honor Committee with an advisory nature.<\/div>\n<div>  The Symphony of Malaga has offered countless concerts in its history with the participation of renowned soloists such as Gaspar Cassad\u00f3, [[Henryk Szeryng], Jos\u00e9 Cubiles, Alfredo Kraus, Montserrat Caball\u00e9, Roc\u00edo Jurado, Vicente Amigo, David Dorantes or Manolo Sanl\u00facar and directors as Fr\u00fchbeck de Burgos, Michael Thomas, Miquel Ortega, Fernando Vel\u00e1zquez or Arturo D\u00edez Boscovich.<\/div>\n<div>  Their activity has focused mainly on the classical repertoire, although their current artistic offer range is from symphonic flamenco artists such as Estrella Morente and pop singers such as Vanesa Mart\u00edn and Javier Ojeda to film music with Annual participation in the closing of the Fantastic Film Festival of Malaga. Currently, the Director of the Orchestra is Salvador V\u00e1zquez.<\/div>\n<div>\u00a0<\/div>\n<div><u><strong>Salvador V\u00e1zquez<\/strong><\/u><\/div>\n<div>Pianist, conductor and choir, he is currently the head conductor of the Malaga Symphony Orchestra, head conductor of the Malaga Opera Choir and assistant conductor of the Youth Orchestra of Extremadura.<br \/>  \u00a0<br \/>  He has recently been awarded the First Prize of the International Orchestra Conducting Competition in Cordoba and in December 2015 he was awarded the &#039;Ciudad de Malaga&#039; Prize for best musical work.<br \/>  \u00a0<br \/>  He made his debut In the field of the conduction of an orchestra at the age of 13 years. He began to study in M\u00e1laga with Octav Calleya, concluding his studies of direction with the highest qualifications. Later he expanded his studies in choral direction with the maestro Carlos Aransay and lyrical studies with the teacher Miquel Ortega. He has received master classes from Jorma Panula, Lorenzo Ramos, Enrique Garc\u00eda Asensio and Bruno Aprea among others.<br \/>  \u00a0<br \/>  He has been an assistant director in the Academic Orchestra of the Barenboim Foundation &#8211; Said and has directed orchestras and formations such as JONDE (Young National Orchestra of Spain), OJSG (Young Orchestra of Galicia Symphony), Cordoba Orchestra, Philharmonic Orchestra of M\u00e1laga, Coro and National Orchestra of Moldavia and Choir Ziryab of C\u00f3rdoba among others.<br \/>  \u00a0<br \/>  He has worked with teachers and soloists such as Seyoung Park, Mali Corbacho, Andres Salado, Pablo Gonzalez, Edmon Colomer, Pedro Halffter and Ruben Amoretti.<br \/>  \u00a0<br \/>  He is currently continuing his training with Maestro Miguel Romea in Madrid and among his closest projects are his participation in the &#039;Al Bustan&#039; Festival in Beirut (Lebanon) as well as concerts with the M\u00e1laga Philharmonic Orchestra, Cordoba Orchestra, City Orchestra of Granada, Orchestra of Extremadura and Real Orquesta Sinf\u00f3nica of Seville (ROSS).<\/div>\n<div>\u00a0<\/div>\n<div><u><strong><a href=\"http:\/\/www.bernaperles.com\" target=\"_blank\">Berna Perles<\/a><\/strong><\/u><\/div>\n<div>Conservatorio Superior de M\u00fasica de M\u00e1laga with Honorary Degree and Extraordinary End of Career Award. She holds a postgraduate degree at the Santa Cecilia Conservatory in Rome and completed her training at the &#8220;Santa Cecilia&#8221; Opera Studio, the Accademia Nazionale di Santa Cecilia. She later expanded her studies in Vienna, with mezzo-soprano Glenys Linos, Elvira Hidalgo\u00b4s pupil. She has received master classes from Renata Scotto, Mirella Freni, Mariella Devia, Teresa Berganza, Monserrat Caball\u00e9, Isabel Rey and Carlos \u00c1lvarez.<br \/>  \u00a0<br \/>  She has been awarded prizes in many singing competitions (First Prize, &#8220;Young Artists&#039; Show of M\u00e1laga&#8221;, First Prize, &#8220;Juventudes Musicales de Espa\u00f1a&#8221;, First Prize &#8220;Nuevas Voces Ciudad de Sevilla&#8221;, First Prize &#8220;Mozart International Competition of Granada&#8221; , &#8220;Third International Contest of Song of Logro\u00f1o&#8221;) and finalist in so many others (&#8220;International Competition of Song of Toulouse&#8221;, &#8220;Concorso Lirico Internazionale Umberto Giordano&#8221;, &#8220;International Contest of Singing Manuel Ausensi&#8221;, &#8220;International Competition of Singing Villa of Colmenar Viejo &#8220;,&#8221; Concorso Lirico Internazionale di Portofino &#8220;). In 2016 she is given the recognition to the Best Musical Work of the Year in her home town.<br \/>  \u00a0<br \/>  Her professional career has led her to perform in opera and zarzuela productions as well as in lyric recitals, in theaters such as Teatro dell&#039; opera (Rome), Santa Cecilia Auditorium (Rome), Konzerthaus (Vienna), Teatro Comunale The Theater of Garibaldi (Lucera), Royal Opera (Versailles), Th\u00e9\u00e2tre du Capitole (Toulouse), Opera of Massy, \u200b\u200bLe pin galant (M\u00e9rignac), Th\u00e9\u00e2tre de S\u00e8te, Theater Avenue (Buenos Aires), Theaters of the The Maestranza (Seville), Palau de la Musica Catalana (Barcelona), Teatro Cervantes (M\u00e1laga), Teatro Principal (Zaragoza), Gran Teatro (C\u00f3rdoba) and Auditorio Manuel de Falla (Granada).<br \/>  \u00a0<br \/>  She has sung under the baton of Dominique Rouis, Martin M\u00e1zik, Lorenzo Mariani, Edmon Colomer, Santiago Serrate, Mario Menicagli, Santiago Serrate or Manuel Hern\u00e1ndez Silva and under the direction of Lindsay Kemp, Emilio Sagi, William Orlandi and Riccardo Canessa.<br \/>  \u00a0<br \/>  She has performed, among others, the roles of Erste dame and Pamina (Die Zauberfl\u00f6te), Contessa and Marcellina (Le nozze di Figaro), Bastienne (Bastien und Bastienne), Donna Anna and Donna Elvira (Don Giovanni), Gilda (Rigoletto) Anna Bolena (Anna Bolena), Adina (L&#039;elisir d&#039;amore), Musetta and Mim\u00ec (La boh\u00e8me), Li\u00f9 (Turandot), Juliette (Rom\u00e9o et Juliette), Micaela (Carmen), Costanza (lL&#039;isola disabitata).<br \/>  \u00a0<br \/>  In zarzuela, she has interpreted the roles of Ascent (the one of the bunch of roses), Carolina (Luisa Fernanda), Katiuska (Katiuska) and Marola (The tavern of the port).<br \/>  \u00a0<br \/>  In the field of symphonic and oratorio, she has performed The Messiah (Haendel), Stabat Mater (Pergolesi), Requiem (Faur\u00e9), Requiem (Mozart), Requiem (Verdi), Elijah (Mendelssohn), Ninth Symphony (Beethoven) The Coronation (Mozart) and Carmina Burana (Orff).<br \/>  \u00a0<br \/>  She has participated in the recording of a CD of duets, next to the baritone Carlos Alvarez, under the seal DNRecords.<\/div>\n<div>\u00a0<\/div>\n<div><u><a href=\"http:\/\/www.cristinalbapadial.com\/\" target=\"_blank\"><strong>Cristina Alba Padial<\/strong><\/a><\/u><\/div>\n<div>It is among the brightest Lied pianists in our country. Her performances are praised for her high communicative ability, beautiful sound and fine sensitivity.<\/div>\n<div>\u00a0<br \/>  Formed as Piano Concert at the Hochschule f\u00fcr Musik und Theater in Rostock (Germany) in the chair of Professor Stephan Imorde, she made her solo debut in 2009 with the Malaga Philharmonic Orchestra under the direction of Maestro Lorenzo Ramos at the VII Spanish Music Festival of C\u00e1diz. She has played with the Andalusian Philharmonic Orchestra and Polnischer Kammerphilarmonie, among others. Her first and most important piano training is received by teachers Javier Herreros, Pilar Bilbao and Ana Guijarro, attending Masterclasses with Alicia de Larrocha and Daniel Barenboim among others.<br \/>  \u00a0<br \/>  She continued her specialization in Vocal Accompaniment with a Master&#039;s Degree in the Hochschule f\u00fcr Musik und Theater in Hamburg with Professor Burkhard Kehring, a grant from the Yehudi Menuhin LMN Foundation, the Rottary Madrid-Vel\u00e1zquez club and the Community of Madrid. She also receives valuable advice from great Lied pianists such as Charles Spencer, Rudolf Jansen, Axel Bauni and Anne Le Bozec. Throughout her career she receives diverse Prizes in National and International Contests of Piano and of Lied.<br \/>  \u00a0<br \/>  Her passion for the vocal world led her to pursue a master&#039;s degree in Opera and Direction at the prestigious Musikhochschule in Hannover, with professors Paul Weigold (Vienna Staatsoper), Anne Champert (Deutsche Oper Berlin) and Martin Brau\u00df Director of the IFF, Institutes for young talent of Hannover). Thus in 2015 she won the Master&#039;s Seat of the Kiel Opera Repeater (Germany).<br \/>  \u00a0<br \/>  She has given recitals as soloist and liederist pianist in Concert Halls and Festivals in Germany, Switzerland and Spain, among them the Mecklenburg-Vorpommern Festspiele, the Laeiszhalle in Hamburg, Pianale, or the International Piano Festival in Gij\u00f3n. She also performs at the XI Flamenco Festival in Jerez in 2008 and at the Seville Flamenco Biennial accompanying the dancer Lola Greco (National Dance Prize 2009) in the show &#8220;De la opera al flamenco&#8221;. She is an accompanying pianist in various singing competitions such as the International Mozart Opera Competition in Granada, Elise Meyer in Hamburg and the Maritim Musikpreis, where the singers she accompanies are awarded.<br \/>  \u00a0<br \/>  She has recorded live for RNE&#039;s Classical Radio and for the NDR (Norddeutscher Rundfunk), as well as a CD within the &#8220;M\u00e1laga Crea&#8221; project of the M\u00e1laga City Council. Interested in the music of her land, she promoted for the Instituto Cervantes in Hamburg the 1st Cycle of Young Spanish Music Interpreters, for which she has been offering a series of recitals of Concert Songs and Chamber Music by Spanish authors each year. She has a PhD by the University of M\u00e1laga.<\/div><\/div>\n<p><\/p>","protected":false},"excerpt":{"rendered":"<p>BUY\u00a0YOUR\u00a0TICKET HERE, www.unientradas.es\/janto\/main.php?Nivel=Evento&amp;idEvento=17Cudeca \u00a0 \u00a0 We\u00a0will celebrate\u00a0our 25th anniversary with a commemorative concert performed by the Provincial Symphony Orchestra of Malaga. \u00a0 It will take place on Tuesday, April 25th at 8 pm at the Cervantes Theater,\u00a0Malaga, under the direction of Salvador V\u00e1zquez with solo performances by: \u00a0 &#8211; Soprano, Berna Perles (Malaga). &#8211; Tenor [&hellip;]<\/p>\n","protected":false},"author":0,"featured_media":0,"comment_status":"open","ping_status":"open","sticky":false,"template":"","format":"standard","meta":[],"categories":[12],"tags":[],"yoast_head":"<!-- This site is optimized with the Yoast SEO plugin v19.4 - https:\/\/yoast.com\/wordpress\/plugins\/seo\/ -->\n<title>Cudeca Foundation, Cancer Hospice, Events - Cudeca Cancer Care Hospice<\/title>\n<meta name=\"robots\" content=\"index, follow, max-snippet:-1, max-image-preview:large, max-video-preview:-1\" \/>\n<link rel=\"canonical\" href=\"https:\/\/www.cudeca.org\/en\/actualidad\/cudeca-foundation-cancer-hospice-events-523\/\" \/>\n<meta property=\"og:locale\" content=\"en_US\" \/>\n<meta property=\"og:type\" content=\"article\" \/>\n<meta property=\"og:title\" content=\"Cudeca Foundation, Cancer Hospice, Events - Cudeca Cancer Care Hospice\" \/>\n<meta property=\"og:description\" content=\"BUY\u00a0YOUR\u00a0TICKET HERE, www.unientradas.es\/janto\/main.php?Nivel=Evento&amp;idEvento=17Cudeca \u00a0 \u00a0 We\u00a0will celebrate\u00a0our 25th anniversary with a commemorative concert performed by the Provincial Symphony Orchestra of Malaga. \u00a0 It will take place on Tuesday, April 25th at 8 pm at the Cervantes Theater,\u00a0Malaga, under the direction of Salvador V\u00e1zquez with solo performances by: \u00a0 &#8211; Soprano, Berna Perles (Malaga). &#8211; Tenor [&hellip;]\" \/>\n<meta property=\"og:url\" content=\"https:\/\/www.cudeca.org\/en\/actualidad\/cudeca-foundation-cancer-hospice-events-523\/\" \/>\n<meta property=\"og:site_name\" content=\"Cudeca Cancer Care Hospice\" \/>\n<meta property=\"article:publisher\" content=\"https:\/\/www.facebook.com\/AmigosDeCudeca\" \/>\n<meta property=\"article:published_time\" content=\"2017-04-25T11:36:37+00:00\" \/>\n<meta name=\"twitter:card\" content=\"summary_large_image\" \/>\n<meta name=\"twitter:creator\" content=\"@cudeca\" \/>\n<meta name=\"twitter:site\" content=\"@cudeca\" \/>\n<meta name=\"twitter:label1\" content=\"Est. reading time\" \/>\n\t<meta name=\"twitter:data1\" content=\"9 minutes\" \/>\n<script type=\"application\/ld+json\" class=\"yoast-schema-graph\">{\"@context\":\"https:\/\/schema.org\",\"@graph\":[{\"@type\":\"Organization\",\"@id\":\"https:\/\/www.cudeca.org\/#organization\",\"name\":\"Fundaci\u00f3n Cudeca\",\"url\":\"https:\/\/www.cudeca.org\/\",\"sameAs\":[\"https:\/\/www.youtube.com\/c\/cudecamalaga\",\"https:\/\/www.facebook.com\/AmigosDeCudeca\",\"https:\/\/twitter.com\/cudeca\"],\"logo\":{\"@type\":\"ImageObject\",\"inLanguage\":\"en-US\",\"@id\":\"https:\/\/www.cudeca.org\/#\/schema\/logo\/image\/\",\"url\":\"https:\/\/www.cudeca.org\/wp-content\/uploads\/2018\/02\/cudeca-logo.png\",\"contentUrl\":\"https:\/\/www.cudeca.org\/wp-content\/uploads\/2018\/02\/cudeca-logo.png\",\"width\":2121,\"height\":984,\"caption\":\"Fundaci\u00f3n Cudeca\"},\"image\":{\"@id\":\"https:\/\/www.cudeca.org\/#\/schema\/logo\/image\/\"}},{\"@type\":\"WebSite\",\"@id\":\"https:\/\/www.cudeca.org\/#website\",\"url\":\"https:\/\/www.cudeca.org\/\",\"name\":\"Fundaci\u00f3n Cudeca\",\"description\":\"Cudeca Hospice\",\"publisher\":{\"@id\":\"https:\/\/www.cudeca.org\/#organization\"},\"potentialAction\":[{\"@type\":\"SearchAction\",\"target\":{\"@type\":\"EntryPoint\",\"urlTemplate\":\"https:\/\/www.cudeca.org\/?s={search_term_string}\"},\"query-input\":\"required name=search_term_string\"}],\"inLanguage\":\"en-US\"},{\"@type\":\"WebPage\",\"@id\":\"https:\/\/www.cudeca.org\/en\/actualidad\/cudeca-foundation-cancer-hospice-events-523\/\",\"url\":\"https:\/\/www.cudeca.org\/en\/actualidad\/cudeca-foundation-cancer-hospice-events-523\/\",\"name\":\"Cudeca Foundation, Cancer Hospice, Events - Cudeca Cancer Care Hospice\",\"isPartOf\":{\"@id\":\"https:\/\/www.cudeca.org\/#website\"},\"datePublished\":\"2017-04-25T11:36:37+00:00\",\"dateModified\":\"2017-04-25T11:36:37+00:00\",\"breadcrumb\":{\"@id\":\"https:\/\/www.cudeca.org\/en\/actualidad\/cudeca-foundation-cancer-hospice-events-523\/#breadcrumb\"},\"inLanguage\":\"en-US\",\"potentialAction\":[{\"@type\":\"ReadAction\",\"target\":[\"https:\/\/www.cudeca.org\/en\/actualidad\/cudeca-foundation-cancer-hospice-events-523\/\"]}]},{\"@type\":\"BreadcrumbList\",\"@id\":\"https:\/\/www.cudeca.org\/en\/actualidad\/cudeca-foundation-cancer-hospice-events-523\/#breadcrumb\",\"itemListElement\":[{\"@type\":\"ListItem\",\"position\":1,\"name\":\"Portada\",\"item\":\"https:\/\/www.cudeca.org\/\"},{\"@type\":\"ListItem\",\"position\":2,\"name\":\"Cudeca Foundation, Cancer Hospice, Events\"}]},{\"@type\":\"Article\",\"@id\":\"https:\/\/www.cudeca.org\/en\/actualidad\/cudeca-foundation-cancer-hospice-events-523\/#article\",\"isPartOf\":{\"@id\":\"https:\/\/www.cudeca.org\/en\/actualidad\/cudeca-foundation-cancer-hospice-events-523\/\"},\"author\":{\"name\":\"\",\"@id\":\"\"},\"headline\":\"Cudeca Foundation, Cancer Hospice, Events\",\"datePublished\":\"2017-04-25T11:36:37+00:00\",\"dateModified\":\"2017-04-25T11:36:37+00:00\",\"mainEntityOfPage\":{\"@id\":\"https:\/\/www.cudeca.org\/en\/actualidad\/cudeca-foundation-cancer-hospice-events-523\/\"},\"wordCount\":1886,\"commentCount\":0,\"publisher\":{\"@id\":\"https:\/\/www.cudeca.org\/#organization\"},\"articleSection\":[\"\"],\"inLanguage\":\"en-US\",\"potentialAction\":[{\"@type\":\"CommentAction\",\"name\":\"Comment\",\"target\":[\"https:\/\/www.cudeca.org\/en\/actualidad\/cudeca-foundation-cancer-hospice-events-523\/#respond\"]}]}]}<\/script>\n<!-- \/ Yoast SEO plugin. -->","yoast_head_json":{"title":"Cudeca Foundation, Cancer Hospice, Events - Cudeca Cancer Care Hospice","robots":{"index":"index","follow":"follow","max-snippet":"max-snippet:-1","max-image-preview":"max-image-preview:large","max-video-preview":"max-video-preview:-1"},"canonical":"https:\/\/www.cudeca.org\/en\/actualidad\/cudeca-foundation-cancer-hospice-events-523\/","og_locale":"en_US","og_type":"article","og_title":"Cudeca Foundation, Cancer Hospice, Events - Cudeca Cancer Care Hospice","og_description":"BUY\u00a0YOUR\u00a0TICKET HERE, www.unientradas.es\/janto\/main.php?Nivel=Evento&amp;idEvento=17Cudeca \u00a0 \u00a0 We\u00a0will celebrate\u00a0our 25th anniversary with a commemorative concert performed by the Provincial Symphony Orchestra of Malaga. \u00a0 It will take place on Tuesday, April 25th at 8 pm at the Cervantes Theater,\u00a0Malaga, under the direction of Salvador V\u00e1zquez with solo performances by: \u00a0 &#8211; Soprano, Berna Perles (Malaga). &#8211; Tenor [&hellip;]","og_url":"https:\/\/www.cudeca.org\/en\/actualidad\/cudeca-foundation-cancer-hospice-events-523\/","og_site_name":"Cudeca Cancer Care Hospice","article_publisher":"https:\/\/www.facebook.com\/AmigosDeCudeca","article_published_time":"2017-04-25T11:36:37+00:00","twitter_card":"summary_large_image","twitter_creator":"@cudeca","twitter_site":"@cudeca","twitter_misc":{"Est. reading time":"9 minutes"},"schema":{"@context":"https:\/\/schema.org","@graph":[{"@type":"Organization","@id":"https:\/\/www.cudeca.org\/#organization","name":"Fundaci\u00f3n Cudeca","url":"https:\/\/www.cudeca.org\/","sameAs":["https:\/\/www.youtube.com\/c\/cudecamalaga","https:\/\/www.facebook.com\/AmigosDeCudeca","https:\/\/twitter.com\/cudeca"],"logo":{"@type":"ImageObject","inLanguage":"en-US","@id":"https:\/\/www.cudeca.org\/#\/schema\/logo\/image\/","url":"https:\/\/www.cudeca.org\/wp-content\/uploads\/2018\/02\/cudeca-logo.png","contentUrl":"https:\/\/www.cudeca.org\/wp-content\/uploads\/2018\/02\/cudeca-logo.png","width":2121,"height":984,"caption":"Fundaci\u00f3n Cudeca"},"image":{"@id":"https:\/\/www.cudeca.org\/#\/schema\/logo\/image\/"}},{"@type":"WebSite","@id":"https:\/\/www.cudeca.org\/#website","url":"https:\/\/www.cudeca.org\/","name":"Fundaci\u00f3n Cudeca","description":"Cudeca Hospice","publisher":{"@id":"https:\/\/www.cudeca.org\/#organization"},"potentialAction":[{"@type":"SearchAction","target":{"@type":"EntryPoint","urlTemplate":"https:\/\/www.cudeca.org\/?s={search_term_string}"},"query-input":"required name=search_term_string"}],"inLanguage":"en-US"},{"@type":"WebPage","@id":"https:\/\/www.cudeca.org\/en\/actualidad\/cudeca-foundation-cancer-hospice-events-523\/","url":"https:\/\/www.cudeca.org\/en\/actualidad\/cudeca-foundation-cancer-hospice-events-523\/","name":"Cudeca Foundation, Cancer Hospice, Events - Cudeca Cancer Care Hospice","isPartOf":{"@id":"https:\/\/www.cudeca.org\/#website"},"datePublished":"2017-04-25T11:36:37+00:00","dateModified":"2017-04-25T11:36:37+00:00","breadcrumb":{"@id":"https:\/\/www.cudeca.org\/en\/actualidad\/cudeca-foundation-cancer-hospice-events-523\/#breadcrumb"},"inLanguage":"en-US","potentialAction":[{"@type":"ReadAction","target":["https:\/\/www.cudeca.org\/en\/actualidad\/cudeca-foundation-cancer-hospice-events-523\/"]}]},{"@type":"BreadcrumbList","@id":"https:\/\/www.cudeca.org\/en\/actualidad\/cudeca-foundation-cancer-hospice-events-523\/#breadcrumb","itemListElement":[{"@type":"ListItem","position":1,"name":"Portada","item":"https:\/\/www.cudeca.org\/"},{"@type":"ListItem","position":2,"name":"Cudeca Foundation, Cancer Hospice, Events"}]},{"@type":"Article","@id":"https:\/\/www.cudeca.org\/en\/actualidad\/cudeca-foundation-cancer-hospice-events-523\/#article","isPartOf":{"@id":"https:\/\/www.cudeca.org\/en\/actualidad\/cudeca-foundation-cancer-hospice-events-523\/"},"author":{"name":"","@id":""},"headline":"Cudeca Foundation, Cancer Hospice, Events","datePublished":"2017-04-25T11:36:37+00:00","dateModified":"2017-04-25T11:36:37+00:00","mainEntityOfPage":{"@id":"https:\/\/www.cudeca.org\/en\/actualidad\/cudeca-foundation-cancer-hospice-events-523\/"},"wordCount":1886,"commentCount":0,"publisher":{"@id":"https:\/\/www.cudeca.org\/#organization"},"articleSection":[""],"inLanguage":"en-US","potentialAction":[{"@type":"CommentAction","name":"Comment","target":["https:\/\/www.cudeca.org\/en\/actualidad\/cudeca-foundation-cancer-hospice-events-523\/#respond"]}]}]}},"_links":{"self":[{"href":"https:\/\/www.cudeca.org\/en\/wp-json\/wp\/v2\/posts\/14642"}],"collection":[{"href":"https:\/\/www.cudeca.org\/en\/wp-json\/wp\/v2\/posts"}],"about":[{"href":"https:\/\/www.cudeca.org\/en\/wp-json\/wp\/v2\/types\/post"}],"replies":[{"embeddable":true,"href":"https:\/\/www.cudeca.org\/en\/wp-json\/wp\/v2\/comments?post=14642"}],"version-history":[{"count":0,"href":"https:\/\/www.cudeca.org\/en\/wp-json\/wp\/v2\/posts\/14642\/revisions"}],"wp:attachment":[{"href":"https:\/\/www.cudeca.org\/en\/wp-json\/wp\/v2\/media?parent=14642"}],"wp:term":[{"taxonomy":"category","embeddable":true,"href":"https:\/\/www.cudeca.org\/en\/wp-json\/wp\/v2\/categories?post=14642"},{"taxonomy":"post_tag","embeddable":true,"href":"https:\/\/www.cudeca.org\/en\/wp-json\/wp\/v2\/tags?post=14642"}],"curies":[{"name":"wp","href":"https:\/\/api.w.org\/{rel}","templated":true}]}}