{"id":14600,"date":"2016-06-03T11:27:15","date_gmt":"2016-06-03T11:27:15","guid":{"rendered":"https:\/\/www.cudeca.org\/actualidad\/cudeca-foundation-cancer-hospice-events-482\/"},"modified":"2016-06-03T11:27:15","modified_gmt":"2016-06-03T11:27:15","slug":"cudeca-foundation-cancer-hospice-events-482","status":"publish","type":"post","link":"https:\/\/www.cudeca.org\/en\/actualidad\/cudeca-foundation-cancer-hospice-events-482\/","title":{"rendered":"Cudeca Foundation, Cancer Hospice, Events"},"content":{"rendered":"<p><\/p>\n<div id=\"notCuerpo\">\n<div style=\"text-align: justify\">On Friday, 3rd of June, the Fernando Mart\u00edn Pinto Memorial Committee Organization, has organized a <strong>lyrical concert \u00a0for the benefit of Cudeca Hospice, starring tenor Rodrigo Orrero and pianist F\u00e9lix Rodr\u00edguez.<\/strong><\/div>\n<div style=\"text-align: justify\">  It will be held in the<a href=\"http:\/\/www.google.es\/maps\/place\/Calle+Marqu%C3%A9s+de+Valdeca%C3%B1as,+2,+29008+M%C3%A1laga\/@36.7246155,-4.4254216,17z\/data=!3m1!4b1!4m5!3m4!1s0xd72f7be83f3cefd:0x731989f9edcda68b!8m2!3d36.7246155!4d-4.4232329\" target=\"_blank\">\u00a0Sala Unicaja de Conciertos M\u00aa Cristina in M\u00e1laga at 21.00 \u00a0(Calle Marqu\u00e9s de Valdeca\u00f1as, 2, M\u00e1laga)<\/a>.<\/div>\n<div style=\"text-align: justify\">  Organized by the <strong>Fernando Mart\u00edn Pinto Memorial Committee Organization, M\u00e1laga Comen y Saben Group and Cudeca Hospice<\/strong>, the concert\u00a0has the support of Deportes 92, Vinos y Eventos, R\u00f3tulos Jes\u00fas Carrasco, Bodega Bar El Pimpi, Inma Accesible and<a href=\"https:\/\/www.fundacionbancariaunicaja.es\" target=\"_blank\"> Fundaci\u00f3n Unicaja<\/a>.<\/div>\n<div style=\"text-align: justify\">  <strong>Rodrigo Orrero<\/strong> began studying music, choral singing and lyrical singing at the Catholic University of his hometown, Santiago de Chile and continued his studies at the Musikhochschule from Karlsruhe, Germany where he lived for over 23 years, starting a career that lead him to the most important Theatres and Concert Halls of the world; Tel Aviv, New York, Rome, Washington DC, London, Paris, Vienna, Berlin, Munich, Seul, Finland\u00b4s Savonnlinas Festival, Palau de la M\u00fasica in Valencia, Barcelona and so on. He has performed with the best European orchestras; M\u00fcnchner, K\u00f6lner und Berliner Philarmoniker, English Chamber Orchestra and L.V. Beethoven Ninth Symphonie with Vienna&#039;s Philharmonic Orchestra at the Musikvereinsaal.\u00a0 Rodrigo Orrero also teaches Lyrical singing and is dedicated to events management at his city of residence, Marbella.<\/div>\n<div style=\"text-align: justify\">  <strong>F\u00e9lix Rodr\u00edguez<\/strong>\u00a0is a chamber music teacher and piano accompanist at the Higher Conservatoire of Granada and Professional Conservatory of Music Manuel Carra of M\u00e1laga and he is currently teaching musical interpretation at the Higher School of Dramatic Art in M\u00e1laga.<\/div>\n<div style=\"text-align: justify\">  <strong>The price of a ticket is 20\u20ac <\/strong>and the money raised will be used to cover the free professional care programmes provided at the Cudeca Hospice, helping over 1.100 people with cancer and other advanced and non-curable illnesses with support to their families, in the province of M\u00e1laga.<\/div>\n<div style=\"text-align: justify\">  Tickets will be available at the Cudeca Charity Shop in Plaza de la Merced, M\u00e1laga \u00a0and the Cudeca Hospice in Benalm\u00e1dena.<\/div>\n<div style=\"text-align: justify\">\u00a0<\/div>\n<div style=\"text-align: justify\"><strong>For more information<\/strong> please send an email to <a href=\"mailto:antonio@deportes92.com\">antonio@deportes92.com<\/a> or visit <a href=\"http:\/\/www.comenysaben.blogspot.com.es\" target=\"_blank\">www.comenysaben.blogspot.com.es<\/a><\/p>\n<p>  \u00a0<br \/>  Organized by the<strong> Fernando Mart\u00edn Pinto Memorial\u00a0Committee\u00a0Organization, M\u00e1laga Comen y Saben Group and Cudeca Hospice <\/strong>and has the support of Deportes 92, Vinos y Eventos, R\u00f3tulos Jes\u00fas Carrasco, Bodega Bar El Pimpi, Inma Accesible and Fundaci\u00f3n Unicaja.<br \/>  \u00a0<br \/>  <strong>Rodrigo Orrero<\/strong> began studying music, choral singing and lyrical singing at the Catholic University of his hometown, Santiago de Chile and continues his studies at the Musikhochschule from Karlsruhe, Germany where he live d for over 23 years, starting a career that will lead him to the most important Theaters and Concert Halls of the world, Tel Aviv, New York, Rome, Washington DC, London, Paris, Vienna, Berlin, Munich, Seul, Finland\u00b4s Savonnlinas Festival, Palau de la M\u00fasica in Valencia, Barcelona and so on. He has performed with the best European orchestras, M\u00fcnchner, K\u00f6lner und Berliner Philarmoniker, English Chamber Orchestra and L.V. Beethoven Ninths Symphonie with Viennas Philharmonic Orchestra at the Musikvereinsaal.\u00a0 Rodrigo Orrero also teaches Lyrical singing and is dedicated to events management at his city of residence, Marbella.<br \/>  \u00a0<br \/>  <strong>F\u00e9lix Rodr\u00edguez<\/strong> develops an intense concert and pedagogical work, chamber music teacher and piano accompanist at the Higher Conservatoire of Granada and Professional Conservatory of Music Manuel Carra of M\u00e1laga and he is currently teaching musical interpretation at the Higher School of Dramatic Art in M\u00e1laga.<br \/>  \u00a0<br \/>  <strong>The donative ticket is 20\u20ac<\/strong> and the money raised will be used to cover the free professional assistance programs at the Cudeca Hospice, helping over than 1.100 people with cancer and other diseases in advanced stages without possibilities of healing and provide support to their families in M\u00e1laga province.<br \/>  \u00a0<br \/>  Tickets will be available at Cudeca Charity Shop in Plaza de la Merced and Cudeca Hospice in Benalm\u00e1dena.<br \/>  \u00a0<br \/>  <strong>For more information<\/strong>, please send an email to <a href=\"mailto:antonio@deportes92.com\">antonio@deportes92.com<\/a> or visit<a href=\"http:\/\/www.comenysaben.blogspot.com.es\" target=\"_blank\"> www.comenysaben.blogspot.com.es<\/a><\/div><\/div>\n<p><\/p>","protected":false},"excerpt":{"rendered":"<p>On Friday, 3rd of June, the Fernando Mart\u00edn Pinto Memorial Committee Organization, has organized a lyrical concert \u00a0for the benefit of Cudeca Hospice, starring tenor Rodrigo Orrero and pianist F\u00e9lix Rodr\u00edguez. It will be held in the\u00a0Sala Unicaja de Conciertos M\u00aa Cristina in M\u00e1laga at 21.00 \u00a0(Calle Marqu\u00e9s de Valdeca\u00f1as, 2, M\u00e1laga). Organized by the [&hellip;]<\/p>\n","protected":false},"author":0,"featured_media":0,"comment_status":"open","ping_status":"open","sticky":false,"template":"","format":"standard","meta":[],"categories":[12],"tags":[],"yoast_head":"<!-- This site is optimized with the Yoast SEO plugin v19.4 - https:\/\/yoast.com\/wordpress\/plugins\/seo\/ -->\n<title>Cudeca Foundation, Cancer Hospice, Events - Cudeca Cancer Care Hospice<\/title>\n<meta name=\"robots\" content=\"index, follow, max-snippet:-1, max-image-preview:large, max-video-preview:-1\" \/>\n<link rel=\"canonical\" href=\"https:\/\/www.cudeca.org\/en\/actualidad\/cudeca-foundation-cancer-hospice-events-482\/\" \/>\n<meta property=\"og:locale\" content=\"en_US\" \/>\n<meta property=\"og:type\" content=\"article\" \/>\n<meta property=\"og:title\" content=\"Cudeca Foundation, Cancer Hospice, Events - Cudeca Cancer Care Hospice\" \/>\n<meta property=\"og:description\" content=\"On Friday, 3rd of June, the Fernando Mart\u00edn Pinto Memorial Committee Organization, has organized a lyrical concert \u00a0for the benefit of Cudeca Hospice, starring tenor Rodrigo Orrero and pianist F\u00e9lix Rodr\u00edguez. It will be held in the\u00a0Sala Unicaja de Conciertos M\u00aa Cristina in M\u00e1laga at 21.00 \u00a0(Calle Marqu\u00e9s de Valdeca\u00f1as, 2, M\u00e1laga). Organized by the [&hellip;]\" \/>\n<meta property=\"og:url\" content=\"https:\/\/www.cudeca.org\/en\/actualidad\/cudeca-foundation-cancer-hospice-events-482\/\" \/>\n<meta property=\"og:site_name\" content=\"Cudeca Cancer Care Hospice\" \/>\n<meta property=\"article:publisher\" content=\"https:\/\/www.facebook.com\/AmigosDeCudeca\" \/>\n<meta property=\"article:published_time\" content=\"2016-06-03T11:27:15+00:00\" \/>\n<meta name=\"twitter:card\" content=\"summary_large_image\" \/>\n<meta name=\"twitter:creator\" content=\"@cudeca\" \/>\n<meta name=\"twitter:site\" content=\"@cudeca\" \/>\n<meta name=\"twitter:label1\" content=\"Est. reading time\" \/>\n\t<meta name=\"twitter:data1\" content=\"3 minutes\" \/>\n<script type=\"application\/ld+json\" class=\"yoast-schema-graph\">{\"@context\":\"https:\/\/schema.org\",\"@graph\":[{\"@type\":\"Organization\",\"@id\":\"https:\/\/www.cudeca.org\/#organization\",\"name\":\"Fundaci\u00f3n Cudeca\",\"url\":\"https:\/\/www.cudeca.org\/\",\"sameAs\":[\"https:\/\/www.youtube.com\/c\/cudecamalaga\",\"https:\/\/www.facebook.com\/AmigosDeCudeca\",\"https:\/\/twitter.com\/cudeca\"],\"logo\":{\"@type\":\"ImageObject\",\"inLanguage\":\"en-US\",\"@id\":\"https:\/\/www.cudeca.org\/#\/schema\/logo\/image\/\",\"url\":\"https:\/\/www.cudeca.org\/wp-content\/uploads\/2018\/02\/cudeca-logo.png\",\"contentUrl\":\"https:\/\/www.cudeca.org\/wp-content\/uploads\/2018\/02\/cudeca-logo.png\",\"width\":2121,\"height\":984,\"caption\":\"Fundaci\u00f3n Cudeca\"},\"image\":{\"@id\":\"https:\/\/www.cudeca.org\/#\/schema\/logo\/image\/\"}},{\"@type\":\"WebSite\",\"@id\":\"https:\/\/www.cudeca.org\/#website\",\"url\":\"https:\/\/www.cudeca.org\/\",\"name\":\"Fundaci\u00f3n Cudeca\",\"description\":\"Cudeca Hospice\",\"publisher\":{\"@id\":\"https:\/\/www.cudeca.org\/#organization\"},\"potentialAction\":[{\"@type\":\"SearchAction\",\"target\":{\"@type\":\"EntryPoint\",\"urlTemplate\":\"https:\/\/www.cudeca.org\/?s={search_term_string}\"},\"query-input\":\"required name=search_term_string\"}],\"inLanguage\":\"en-US\"},{\"@type\":\"WebPage\",\"@id\":\"https:\/\/www.cudeca.org\/en\/actualidad\/cudeca-foundation-cancer-hospice-events-482\/\",\"url\":\"https:\/\/www.cudeca.org\/en\/actualidad\/cudeca-foundation-cancer-hospice-events-482\/\",\"name\":\"Cudeca Foundation, Cancer Hospice, Events - Cudeca Cancer Care Hospice\",\"isPartOf\":{\"@id\":\"https:\/\/www.cudeca.org\/#website\"},\"datePublished\":\"2016-06-03T11:27:15+00:00\",\"dateModified\":\"2016-06-03T11:27:15+00:00\",\"breadcrumb\":{\"@id\":\"https:\/\/www.cudeca.org\/en\/actualidad\/cudeca-foundation-cancer-hospice-events-482\/#breadcrumb\"},\"inLanguage\":\"en-US\",\"potentialAction\":[{\"@type\":\"ReadAction\",\"target\":[\"https:\/\/www.cudeca.org\/en\/actualidad\/cudeca-foundation-cancer-hospice-events-482\/\"]}]},{\"@type\":\"BreadcrumbList\",\"@id\":\"https:\/\/www.cudeca.org\/en\/actualidad\/cudeca-foundation-cancer-hospice-events-482\/#breadcrumb\",\"itemListElement\":[{\"@type\":\"ListItem\",\"position\":1,\"name\":\"Portada\",\"item\":\"https:\/\/www.cudeca.org\/\"},{\"@type\":\"ListItem\",\"position\":2,\"name\":\"Cudeca Foundation, Cancer Hospice, Events\"}]},{\"@type\":\"Article\",\"@id\":\"https:\/\/www.cudeca.org\/en\/actualidad\/cudeca-foundation-cancer-hospice-events-482\/#article\",\"isPartOf\":{\"@id\":\"https:\/\/www.cudeca.org\/en\/actualidad\/cudeca-foundation-cancer-hospice-events-482\/\"},\"author\":{\"name\":\"\",\"@id\":\"\"},\"headline\":\"Cudeca Foundation, Cancer Hospice, Events\",\"datePublished\":\"2016-06-03T11:27:15+00:00\",\"dateModified\":\"2016-06-03T11:27:15+00:00\",\"mainEntityOfPage\":{\"@id\":\"https:\/\/www.cudeca.org\/en\/actualidad\/cudeca-foundation-cancer-hospice-events-482\/\"},\"wordCount\":683,\"commentCount\":0,\"publisher\":{\"@id\":\"https:\/\/www.cudeca.org\/#organization\"},\"articleSection\":[\"\"],\"inLanguage\":\"en-US\",\"potentialAction\":[{\"@type\":\"CommentAction\",\"name\":\"Comment\",\"target\":[\"https:\/\/www.cudeca.org\/en\/actualidad\/cudeca-foundation-cancer-hospice-events-482\/#respond\"]}]}]}<\/script>\n<!-- \/ Yoast SEO plugin. -->","yoast_head_json":{"title":"Cudeca Foundation, Cancer Hospice, Events - Cudeca Cancer Care Hospice","robots":{"index":"index","follow":"follow","max-snippet":"max-snippet:-1","max-image-preview":"max-image-preview:large","max-video-preview":"max-video-preview:-1"},"canonical":"https:\/\/www.cudeca.org\/en\/actualidad\/cudeca-foundation-cancer-hospice-events-482\/","og_locale":"en_US","og_type":"article","og_title":"Cudeca Foundation, Cancer Hospice, Events - Cudeca Cancer Care Hospice","og_description":"On Friday, 3rd of June, the Fernando Mart\u00edn Pinto Memorial Committee Organization, has organized a lyrical concert \u00a0for the benefit of Cudeca Hospice, starring tenor Rodrigo Orrero and pianist F\u00e9lix Rodr\u00edguez. It will be held in the\u00a0Sala Unicaja de Conciertos M\u00aa Cristina in M\u00e1laga at 21.00 \u00a0(Calle Marqu\u00e9s de Valdeca\u00f1as, 2, M\u00e1laga). Organized by the [&hellip;]","og_url":"https:\/\/www.cudeca.org\/en\/actualidad\/cudeca-foundation-cancer-hospice-events-482\/","og_site_name":"Cudeca Cancer Care Hospice","article_publisher":"https:\/\/www.facebook.com\/AmigosDeCudeca","article_published_time":"2016-06-03T11:27:15+00:00","twitter_card":"summary_large_image","twitter_creator":"@cudeca","twitter_site":"@cudeca","twitter_misc":{"Est. reading time":"3 minutes"},"schema":{"@context":"https:\/\/schema.org","@graph":[{"@type":"Organization","@id":"https:\/\/www.cudeca.org\/#organization","name":"Fundaci\u00f3n Cudeca","url":"https:\/\/www.cudeca.org\/","sameAs":["https:\/\/www.youtube.com\/c\/cudecamalaga","https:\/\/www.facebook.com\/AmigosDeCudeca","https:\/\/twitter.com\/cudeca"],"logo":{"@type":"ImageObject","inLanguage":"en-US","@id":"https:\/\/www.cudeca.org\/#\/schema\/logo\/image\/","url":"https:\/\/www.cudeca.org\/wp-content\/uploads\/2018\/02\/cudeca-logo.png","contentUrl":"https:\/\/www.cudeca.org\/wp-content\/uploads\/2018\/02\/cudeca-logo.png","width":2121,"height":984,"caption":"Fundaci\u00f3n Cudeca"},"image":{"@id":"https:\/\/www.cudeca.org\/#\/schema\/logo\/image\/"}},{"@type":"WebSite","@id":"https:\/\/www.cudeca.org\/#website","url":"https:\/\/www.cudeca.org\/","name":"Fundaci\u00f3n Cudeca","description":"Cudeca Hospice","publisher":{"@id":"https:\/\/www.cudeca.org\/#organization"},"potentialAction":[{"@type":"SearchAction","target":{"@type":"EntryPoint","urlTemplate":"https:\/\/www.cudeca.org\/?s={search_term_string}"},"query-input":"required name=search_term_string"}],"inLanguage":"en-US"},{"@type":"WebPage","@id":"https:\/\/www.cudeca.org\/en\/actualidad\/cudeca-foundation-cancer-hospice-events-482\/","url":"https:\/\/www.cudeca.org\/en\/actualidad\/cudeca-foundation-cancer-hospice-events-482\/","name":"Cudeca Foundation, Cancer Hospice, Events - Cudeca Cancer Care Hospice","isPartOf":{"@id":"https:\/\/www.cudeca.org\/#website"},"datePublished":"2016-06-03T11:27:15+00:00","dateModified":"2016-06-03T11:27:15+00:00","breadcrumb":{"@id":"https:\/\/www.cudeca.org\/en\/actualidad\/cudeca-foundation-cancer-hospice-events-482\/#breadcrumb"},"inLanguage":"en-US","potentialAction":[{"@type":"ReadAction","target":["https:\/\/www.cudeca.org\/en\/actualidad\/cudeca-foundation-cancer-hospice-events-482\/"]}]},{"@type":"BreadcrumbList","@id":"https:\/\/www.cudeca.org\/en\/actualidad\/cudeca-foundation-cancer-hospice-events-482\/#breadcrumb","itemListElement":[{"@type":"ListItem","position":1,"name":"Portada","item":"https:\/\/www.cudeca.org\/"},{"@type":"ListItem","position":2,"name":"Cudeca Foundation, Cancer Hospice, Events"}]},{"@type":"Article","@id":"https:\/\/www.cudeca.org\/en\/actualidad\/cudeca-foundation-cancer-hospice-events-482\/#article","isPartOf":{"@id":"https:\/\/www.cudeca.org\/en\/actualidad\/cudeca-foundation-cancer-hospice-events-482\/"},"author":{"name":"","@id":""},"headline":"Cudeca Foundation, Cancer Hospice, Events","datePublished":"2016-06-03T11:27:15+00:00","dateModified":"2016-06-03T11:27:15+00:00","mainEntityOfPage":{"@id":"https:\/\/www.cudeca.org\/en\/actualidad\/cudeca-foundation-cancer-hospice-events-482\/"},"wordCount":683,"commentCount":0,"publisher":{"@id":"https:\/\/www.cudeca.org\/#organization"},"articleSection":[""],"inLanguage":"en-US","potentialAction":[{"@type":"CommentAction","name":"Comment","target":["https:\/\/www.cudeca.org\/en\/actualidad\/cudeca-foundation-cancer-hospice-events-482\/#respond"]}]}]}},"_links":{"self":[{"href":"https:\/\/www.cudeca.org\/en\/wp-json\/wp\/v2\/posts\/14600"}],"collection":[{"href":"https:\/\/www.cudeca.org\/en\/wp-json\/wp\/v2\/posts"}],"about":[{"href":"https:\/\/www.cudeca.org\/en\/wp-json\/wp\/v2\/types\/post"}],"replies":[{"embeddable":true,"href":"https:\/\/www.cudeca.org\/en\/wp-json\/wp\/v2\/comments?post=14600"}],"version-history":[{"count":0,"href":"https:\/\/www.cudeca.org\/en\/wp-json\/wp\/v2\/posts\/14600\/revisions"}],"wp:attachment":[{"href":"https:\/\/www.cudeca.org\/en\/wp-json\/wp\/v2\/media?parent=14600"}],"wp:term":[{"taxonomy":"category","embeddable":true,"href":"https:\/\/www.cudeca.org\/en\/wp-json\/wp\/v2\/categories?post=14600"},{"taxonomy":"post_tag","embeddable":true,"href":"https:\/\/www.cudeca.org\/en\/wp-json\/wp\/v2\/tags?post=14600"}],"curies":[{"name":"wp","href":"https:\/\/api.w.org\/{rel}","templated":true}]}}