{"id":14477,"date":"2014-12-17T11:06:28","date_gmt":"2014-12-17T11:06:28","guid":{"rendered":"https:\/\/www.cudeca.org\/actualidad\/cudeca-foundation-cancer-hospice-events-374\/"},"modified":"2014-12-17T11:06:28","modified_gmt":"2014-12-17T11:06:28","slug":"cudeca-foundation-cancer-hospice-events-374","status":"publish","type":"post","link":"https:\/\/www.cudeca.org\/en\/actualidad\/cudeca-foundation-cancer-hospice-events-374\/","title":{"rendered":"Cudeca Foundation, Cancer Hospice, Events"},"content":{"rendered":"<p><\/p>\n<div id=\"notCuerpo\">\n<div style=\"text-align: justify\"><a href=\"http:\/\/The American College of Marbellla\" target=\"_blank\"><strong>The American College of Marbella<\/strong><\/a>\u00a0has organised for <strong>Wednesday 17th December<\/strong> at 5.30p.m. in the <a href=\"http:\/\/www.teatrogoya.com\" target=\"_blank\"><strong>Teatro Goya<\/strong><\/a>\u00a0(Avenida Julio Iglesias s\/n., Puerto Ban\u00fas,\u00a029660 Marbella)\u00a0the <strong>Charity Conference \u201cBe inspired\u201d<\/strong> in benefit for the Cesare Scariolo Foundation and also the Cudeca Hospice.<br \/>  \u00a0<br \/>  Directed by <strong>Pancho Campo<\/strong>, with the object of learning from great artists, elite Sportsmen\/women and worldwide leaders of how to confront stressful situations or illnesses during these difficult times that happen in our society nowadays.\u00a0 \u00a0\u00a0\u00a0\u00a0\u00a0\u00a0\u00a0\u00a0\u00a0\u00a0\u00a0\u00a0<br \/>  \u00a0<br \/>  Because of this, there will be exceptional guests who will tell their experiences, either through a video link or by joining us at the event.<\/div>\n<div style=\"text-align: justify\">\u00a0<\/div>\n<div style=\"text-align: justify\">&#8211; <strong>Frank de la Jungla<\/strong>. (Jungle Frank)\u00a0Ex Professional Tennis player and Television presenter.<br \/>  \u00a0<br \/>  &#8211; <strong>Sergio Scariolo<\/strong>.\u00a0Spanish National Basketball Team Selector (2009-2012) and Basketball Trainer.<br \/>  \u00a0<br \/>  &#8211; <strong>Manolo Santana.<\/strong>\u00a0Ex Wimbledon, French and US Open Champion.<br \/>  \u00a0<br \/>  &#8211; <strong>Emilio S\u00e1nchez Vicario.<\/strong>\u00a0Ex Tennis Player, was once the number one Doubles player. Winner of the US and French Open.<br \/>  \u00a0<br \/>  &#8211; <strong>Juan Verde<\/strong>.\u00a0Co-director of electoral campaigns and Barack Obama\u00b4s advisor. He also collaborated with Hillary Clinton, John Kerry and Bill Clinton.<br \/>  \u00a0<br \/>  &#8211; <strong>Pancho Campo.<\/strong>\u00a0Has been a profesional Tennis player and participant of the Olympic games of Barcelona 92; he has worked with some Elite Sportsmen like Andre Agassi, Pat Cash, Stefan Edberg y Emilio S\u00e1nchez Vicario as well as organising Musical Concerts such as Enrique Iglesias, Joaqu\u00edn Cort\u00e9s, Sting, Tom Jones and Pink Floyd; Colaboraciones with vice president Al Gore, Francis Ford Coppola and Kofi Annan.<br \/>  \u00a0<br \/>  This event has been possible due to the esteemed collaboration of the Marbella Town Hall, Teatro Goya, Frank de la Jungla, Manolo Santana, Emilio S\u00e1nchez, Juan Verde and Sergio Scariolo.<br \/>  \u00a0<br \/>  The price of the <strong>entrance tickets<\/strong> is \u00a05\u20ac, 10\u20ac, 25\u20ac y 50\u20ac.<br \/>  \u00a0<br \/>  <strong>For more information<\/strong>, please contact us on tel. 952 763 593, or write to <a href=\"mailto:info@acmarbella.es\">info@acmarbella.es<\/a><br \/>  \u00a0<br \/>  All of the proceeds raised go to Cesare Scariolo Foundation as well as Cudeca Hospice.<\/div>\n<div style=\"text-align: justify\">\u00a0<\/div>\n<div style=\"text-align: justify\"><strong>Teatro Goya<\/strong><\/div>\n<div style=\"text-align: justify\">Avenida Julio Iglesias s\/n Puerto Ban\u00fas<br \/>  29660 Marbella, M\u00e1laga<\/div><\/div>\n<p><\/p>","protected":false},"excerpt":{"rendered":"<p>The American College of Marbella\u00a0has organised for Wednesday 17th December at 5.30p.m. in the Teatro Goya\u00a0(Avenida Julio Iglesias s\/n., Puerto Ban\u00fas,\u00a029660 Marbella)\u00a0the Charity Conference \u201cBe inspired\u201d in benefit for the Cesare Scariolo Foundation and also the Cudeca Hospice. \u00a0 Directed by Pancho Campo, with the object of learning from great artists, elite Sportsmen\/women and worldwide [&hellip;]<\/p>\n","protected":false},"author":0,"featured_media":0,"comment_status":"open","ping_status":"open","sticky":false,"template":"","format":"standard","meta":[],"categories":[12],"tags":[],"yoast_head":"<!-- This site is optimized with the Yoast SEO plugin v19.4 - https:\/\/yoast.com\/wordpress\/plugins\/seo\/ -->\n<title>Cudeca Foundation, Cancer Hospice, Events - Cudeca Cancer Care Hospice<\/title>\n<meta name=\"robots\" content=\"index, follow, max-snippet:-1, max-image-preview:large, max-video-preview:-1\" \/>\n<link rel=\"canonical\" href=\"https:\/\/www.cudeca.org\/actualidad\/cudeca-foundation-cancer-hospice-events-374\/\" \/>\n<meta property=\"og:locale\" content=\"en_US\" \/>\n<meta property=\"og:type\" content=\"article\" \/>\n<meta property=\"og:title\" content=\"Cudeca Foundation, Cancer Hospice, Events - Cudeca Cancer Care Hospice\" \/>\n<meta property=\"og:description\" content=\"The American College of Marbella\u00a0has organised for Wednesday 17th December at 5.30p.m. in the Teatro Goya\u00a0(Avenida Julio Iglesias s\/n., Puerto Ban\u00fas,\u00a029660 Marbella)\u00a0the Charity Conference \u201cBe inspired\u201d in benefit for the Cesare Scariolo Foundation and also the Cudeca Hospice. \u00a0 Directed by Pancho Campo, with the object of learning from great artists, elite Sportsmen\/women and worldwide [&hellip;]\" \/>\n<meta property=\"og:url\" content=\"https:\/\/www.cudeca.org\/actualidad\/cudeca-foundation-cancer-hospice-events-374\/\" \/>\n<meta property=\"og:site_name\" content=\"Cudeca Cancer Care Hospice\" \/>\n<meta property=\"article:publisher\" content=\"https:\/\/www.facebook.com\/AmigosDeCudeca\" \/>\n<meta property=\"article:published_time\" content=\"2014-12-17T11:06:28+00:00\" \/>\n<meta name=\"twitter:card\" content=\"summary_large_image\" \/>\n<meta name=\"twitter:creator\" content=\"@cudeca\" \/>\n<meta name=\"twitter:site\" content=\"@cudeca\" \/>\n<meta name=\"twitter:label1\" content=\"Est. reading time\" \/>\n\t<meta name=\"twitter:data1\" content=\"2 minutes\" \/>\n<script type=\"application\/ld+json\" class=\"yoast-schema-graph\">{\"@context\":\"https:\/\/schema.org\",\"@graph\":[{\"@type\":\"Organization\",\"@id\":\"https:\/\/www.cudeca.org\/#organization\",\"name\":\"Fundaci\u00f3n Cudeca\",\"url\":\"https:\/\/www.cudeca.org\/\",\"sameAs\":[\"https:\/\/www.youtube.com\/c\/cudecamalaga\",\"https:\/\/www.facebook.com\/AmigosDeCudeca\",\"https:\/\/twitter.com\/cudeca\"],\"logo\":{\"@type\":\"ImageObject\",\"inLanguage\":\"en-US\",\"@id\":\"https:\/\/www.cudeca.org\/#\/schema\/logo\/image\/\",\"url\":\"https:\/\/www.cudeca.org\/wp-content\/uploads\/2018\/02\/cudeca-logo.png\",\"contentUrl\":\"https:\/\/www.cudeca.org\/wp-content\/uploads\/2018\/02\/cudeca-logo.png\",\"width\":2121,\"height\":984,\"caption\":\"Fundaci\u00f3n Cudeca\"},\"image\":{\"@id\":\"https:\/\/www.cudeca.org\/#\/schema\/logo\/image\/\"}},{\"@type\":\"WebSite\",\"@id\":\"https:\/\/www.cudeca.org\/#website\",\"url\":\"https:\/\/www.cudeca.org\/\",\"name\":\"Fundaci\u00f3n Cudeca\",\"description\":\"Cudeca Hospice\",\"publisher\":{\"@id\":\"https:\/\/www.cudeca.org\/#organization\"},\"potentialAction\":[{\"@type\":\"SearchAction\",\"target\":{\"@type\":\"EntryPoint\",\"urlTemplate\":\"https:\/\/www.cudeca.org\/?s={search_term_string}\"},\"query-input\":\"required name=search_term_string\"}],\"inLanguage\":\"en-US\"},{\"@type\":\"WebPage\",\"@id\":\"https:\/\/www.cudeca.org\/actualidad\/cudeca-foundation-cancer-hospice-events-374\/\",\"url\":\"https:\/\/www.cudeca.org\/actualidad\/cudeca-foundation-cancer-hospice-events-374\/\",\"name\":\"Cudeca Foundation, Cancer Hospice, Events - Cudeca Cancer Care Hospice\",\"isPartOf\":{\"@id\":\"https:\/\/www.cudeca.org\/#website\"},\"datePublished\":\"2014-12-17T11:06:28+00:00\",\"dateModified\":\"2014-12-17T11:06:28+00:00\",\"breadcrumb\":{\"@id\":\"https:\/\/www.cudeca.org\/actualidad\/cudeca-foundation-cancer-hospice-events-374\/#breadcrumb\"},\"inLanguage\":\"en-US\",\"potentialAction\":[{\"@type\":\"ReadAction\",\"target\":[\"https:\/\/www.cudeca.org\/actualidad\/cudeca-foundation-cancer-hospice-events-374\/\"]}]},{\"@type\":\"BreadcrumbList\",\"@id\":\"https:\/\/www.cudeca.org\/actualidad\/cudeca-foundation-cancer-hospice-events-374\/#breadcrumb\",\"itemListElement\":[{\"@type\":\"ListItem\",\"position\":1,\"name\":\"Portada\",\"item\":\"https:\/\/www.cudeca.org\/\"},{\"@type\":\"ListItem\",\"position\":2,\"name\":\"Cudeca Foundation, Cancer Hospice, Events\"}]},{\"@type\":\"Article\",\"@id\":\"https:\/\/www.cudeca.org\/actualidad\/cudeca-foundation-cancer-hospice-events-374\/#article\",\"isPartOf\":{\"@id\":\"https:\/\/www.cudeca.org\/actualidad\/cudeca-foundation-cancer-hospice-events-374\/\"},\"author\":{\"name\":\"\",\"@id\":\"\"},\"headline\":\"Cudeca Foundation, Cancer Hospice, Events\",\"datePublished\":\"2014-12-17T11:06:28+00:00\",\"dateModified\":\"2014-12-17T11:06:28+00:00\",\"mainEntityOfPage\":{\"@id\":\"https:\/\/www.cudeca.org\/actualidad\/cudeca-foundation-cancer-hospice-events-374\/\"},\"wordCount\":342,\"commentCount\":0,\"publisher\":{\"@id\":\"https:\/\/www.cudeca.org\/#organization\"},\"articleSection\":[\"\"],\"inLanguage\":\"en-US\",\"potentialAction\":[{\"@type\":\"CommentAction\",\"name\":\"Comment\",\"target\":[\"https:\/\/www.cudeca.org\/actualidad\/cudeca-foundation-cancer-hospice-events-374\/#respond\"]}]}]}<\/script>\n<!-- \/ Yoast SEO plugin. -->","yoast_head_json":{"title":"Cudeca Foundation, Cancer Hospice, Events - Cudeca Cancer Care Hospice","robots":{"index":"index","follow":"follow","max-snippet":"max-snippet:-1","max-image-preview":"max-image-preview:large","max-video-preview":"max-video-preview:-1"},"canonical":"https:\/\/www.cudeca.org\/actualidad\/cudeca-foundation-cancer-hospice-events-374\/","og_locale":"en_US","og_type":"article","og_title":"Cudeca Foundation, Cancer Hospice, Events - Cudeca Cancer Care Hospice","og_description":"The American College of Marbella\u00a0has organised for Wednesday 17th December at 5.30p.m. in the Teatro Goya\u00a0(Avenida Julio Iglesias s\/n., Puerto Ban\u00fas,\u00a029660 Marbella)\u00a0the Charity Conference \u201cBe inspired\u201d in benefit for the Cesare Scariolo Foundation and also the Cudeca Hospice. \u00a0 Directed by Pancho Campo, with the object of learning from great artists, elite Sportsmen\/women and worldwide [&hellip;]","og_url":"https:\/\/www.cudeca.org\/actualidad\/cudeca-foundation-cancer-hospice-events-374\/","og_site_name":"Cudeca Cancer Care Hospice","article_publisher":"https:\/\/www.facebook.com\/AmigosDeCudeca","article_published_time":"2014-12-17T11:06:28+00:00","twitter_card":"summary_large_image","twitter_creator":"@cudeca","twitter_site":"@cudeca","twitter_misc":{"Est. reading time":"2 minutes"},"schema":{"@context":"https:\/\/schema.org","@graph":[{"@type":"Organization","@id":"https:\/\/www.cudeca.org\/#organization","name":"Fundaci\u00f3n Cudeca","url":"https:\/\/www.cudeca.org\/","sameAs":["https:\/\/www.youtube.com\/c\/cudecamalaga","https:\/\/www.facebook.com\/AmigosDeCudeca","https:\/\/twitter.com\/cudeca"],"logo":{"@type":"ImageObject","inLanguage":"en-US","@id":"https:\/\/www.cudeca.org\/#\/schema\/logo\/image\/","url":"https:\/\/www.cudeca.org\/wp-content\/uploads\/2018\/02\/cudeca-logo.png","contentUrl":"https:\/\/www.cudeca.org\/wp-content\/uploads\/2018\/02\/cudeca-logo.png","width":2121,"height":984,"caption":"Fundaci\u00f3n Cudeca"},"image":{"@id":"https:\/\/www.cudeca.org\/#\/schema\/logo\/image\/"}},{"@type":"WebSite","@id":"https:\/\/www.cudeca.org\/#website","url":"https:\/\/www.cudeca.org\/","name":"Fundaci\u00f3n Cudeca","description":"Cudeca Hospice","publisher":{"@id":"https:\/\/www.cudeca.org\/#organization"},"potentialAction":[{"@type":"SearchAction","target":{"@type":"EntryPoint","urlTemplate":"https:\/\/www.cudeca.org\/?s={search_term_string}"},"query-input":"required name=search_term_string"}],"inLanguage":"en-US"},{"@type":"WebPage","@id":"https:\/\/www.cudeca.org\/actualidad\/cudeca-foundation-cancer-hospice-events-374\/","url":"https:\/\/www.cudeca.org\/actualidad\/cudeca-foundation-cancer-hospice-events-374\/","name":"Cudeca Foundation, Cancer Hospice, Events - Cudeca Cancer Care Hospice","isPartOf":{"@id":"https:\/\/www.cudeca.org\/#website"},"datePublished":"2014-12-17T11:06:28+00:00","dateModified":"2014-12-17T11:06:28+00:00","breadcrumb":{"@id":"https:\/\/www.cudeca.org\/actualidad\/cudeca-foundation-cancer-hospice-events-374\/#breadcrumb"},"inLanguage":"en-US","potentialAction":[{"@type":"ReadAction","target":["https:\/\/www.cudeca.org\/actualidad\/cudeca-foundation-cancer-hospice-events-374\/"]}]},{"@type":"BreadcrumbList","@id":"https:\/\/www.cudeca.org\/actualidad\/cudeca-foundation-cancer-hospice-events-374\/#breadcrumb","itemListElement":[{"@type":"ListItem","position":1,"name":"Portada","item":"https:\/\/www.cudeca.org\/"},{"@type":"ListItem","position":2,"name":"Cudeca Foundation, Cancer Hospice, Events"}]},{"@type":"Article","@id":"https:\/\/www.cudeca.org\/actualidad\/cudeca-foundation-cancer-hospice-events-374\/#article","isPartOf":{"@id":"https:\/\/www.cudeca.org\/actualidad\/cudeca-foundation-cancer-hospice-events-374\/"},"author":{"name":"","@id":""},"headline":"Cudeca Foundation, Cancer Hospice, Events","datePublished":"2014-12-17T11:06:28+00:00","dateModified":"2014-12-17T11:06:28+00:00","mainEntityOfPage":{"@id":"https:\/\/www.cudeca.org\/actualidad\/cudeca-foundation-cancer-hospice-events-374\/"},"wordCount":342,"commentCount":0,"publisher":{"@id":"https:\/\/www.cudeca.org\/#organization"},"articleSection":[""],"inLanguage":"en-US","potentialAction":[{"@type":"CommentAction","name":"Comment","target":["https:\/\/www.cudeca.org\/actualidad\/cudeca-foundation-cancer-hospice-events-374\/#respond"]}]}]}},"_links":{"self":[{"href":"https:\/\/www.cudeca.org\/en\/wp-json\/wp\/v2\/posts\/14477"}],"collection":[{"href":"https:\/\/www.cudeca.org\/en\/wp-json\/wp\/v2\/posts"}],"about":[{"href":"https:\/\/www.cudeca.org\/en\/wp-json\/wp\/v2\/types\/post"}],"replies":[{"embeddable":true,"href":"https:\/\/www.cudeca.org\/en\/wp-json\/wp\/v2\/comments?post=14477"}],"version-history":[{"count":0,"href":"https:\/\/www.cudeca.org\/en\/wp-json\/wp\/v2\/posts\/14477\/revisions"}],"wp:attachment":[{"href":"https:\/\/www.cudeca.org\/en\/wp-json\/wp\/v2\/media?parent=14477"}],"wp:term":[{"taxonomy":"category","embeddable":true,"href":"https:\/\/www.cudeca.org\/en\/wp-json\/wp\/v2\/categories?post=14477"},{"taxonomy":"post_tag","embeddable":true,"href":"https:\/\/www.cudeca.org\/en\/wp-json\/wp\/v2\/tags?post=14477"}],"curies":[{"name":"wp","href":"https:\/\/api.w.org\/{rel}","templated":true}]}}