{"id":14441,"date":"2014-03-08T11:00:31","date_gmt":"2014-03-08T11:00:31","guid":{"rendered":"https:\/\/www.cudeca.org\/actualidad\/cudeca-foundation-cancer-hospice-events-339\/"},"modified":"2014-03-08T11:00:31","modified_gmt":"2014-03-08T11:00:31","slug":"cudeca-foundation-cancer-hospice-events-339","status":"publish","type":"post","link":"https:\/\/www.cudeca.org\/en\/actualidad\/cudeca-foundation-cancer-hospice-events-339\/","title":{"rendered":"Cudeca Foundation, Cancer Hospice, Events"},"content":{"rendered":"<p><\/p>\n<div id=\"notCuerpo\">\n<div style=\"text-align: justify\">On\u00a0<strong>8th March\u00a0<\/strong>at 7.30 p.m. at the\u00a0<strong>Sala Maria Cristina<\/strong>, C\/ Marqu\u00e9s de Valdeca\u00f1as 2, in M\u00e1laga, a concert of the violinist from M\u00e1laga, Jes\u00fas Reina will be held to raise funds for the group \u201c United Against Cancer\u201d.\u00a0 The concert has been organized by Fundaci\u00f3n M\u00e1laga.<br \/>  \u00a0<br \/>  The\u00a0<strong>price<\/strong>\u00a0of a ticket will be \u20ac10 and they are available from any of the associations within the group \u201cUnited Against Cancer\u201d or on the day of the concert at the Sala Mar\u00eda Cristina.<br \/>  \u00a0<br \/>  <strong>Jes\u00fas Reina<\/strong>\u00a0is an internationally renowned violinist of our times, praised by critics as a violinist \u201cwho produces a beautiful sound with true musical ability and carisma, he will give us a altruistic and special concert of true artistry\u201d.<br \/>  \u00a0<br \/>  The funds raised from this concert with go to the following associations and foundations which form part of \u201cUnited Against Cancer\u201d.<\/p>\n<p>  They are\u00a0<a href=\"http:\/\/fmaec.org\" target=\"_blank\">\u00a0FMAEC<\/a>, <a href=\"https:\/\/www.google.es\/maps\/place\/Aecc+-+Asociaci%C3%B3n+Espa%C3%B1ola+Contra+El+C%C3%A1ncer\/@36.7309489,-4.418825,17z\/data=!3m1!4b1!4m2!3m1!1s0x0:0x685d5649cc487a3e\" target=\"_blank\">AECC<\/a>, <a href=\"http:\/\/www.fundacionluisolivares.org\" target=\"_blank\">Fundaci\u00f3n Luis Olivares<\/a>, <a href=\"http:\/\/www.cesarescariolo.org\/\" target=\"_blank\">Fundac\u00edon Cesare Scariolo<\/a>, <a href=\"https:\/\/www.google.es\/maps\/place\/Asociaci%C3%B3n+Avoi\/@36.7293554,-4.4331354,17z\/data=!3m1!4b1!4m2!3m1!1s0x0:0x6645e30f5b4d0cc1\" target=\"_blank\">AVOI<\/a>, <a href=\"https:\/\/www.google.es\/maps\/place\/Asamma\/@36.7219052,-4.4290797,17z\/data=!3m1!4b1!4m2!3m1!1s0x0:0x387787a10dc1c3d6\" target=\"_blank\">ASAMMA<\/a>,<a href=\"https:\/\/www.google.es\/maps\/place\/Casa+Ronald+Mcdonald+M%C3%A1laga\/@36.7287289,-4.4312126,17z\/data=!3m1!4b1!4m2!3m1!1s0x0:0xfc6a58abcc6011e5\" target=\"_blank\"> La Casa Ronald McDonald of M\u00e1laga<\/a> and <a href=\"https:\/\/www.google.es\/maps\/place\/Fundaci%C3%B3n+Cudeca\/@36.6038963,-4.5427821,17z\/data=!4m5!1m2!2m1!1sFundaci%C3%B3n+Cudeca+Av+del+Cosmos+29631+Benalm%C3%A1dena+M%C3%A1laga!3m1!1s0x0:0x11c26dae313a46b3\" target=\"_blank\">Fundaci\u00f3n Cudeca<\/a><\/div>\n<div style=\"text-align: justify\">\u00a0<\/div>\n<div style=\"text-align: justify\">\u00a0<\/div>\n<div style=\"text-align: center\"><strong>Jes\u00fas Reina Concert in aid of Group\u00a0\u201cUnited Against Cancer\u201d<\/strong><br \/>  Date: <strong>Saturday 8th March 2014<\/strong><br \/>  Time: <strong>19.30hs<\/strong><br \/>  Place: <a href=\"https:\/\/www.google.es\/maps\/place\/Sala+Mar%C3%ADa+Cristina\/@36.724459,-4.4230979,17z\/data=!3m1!4b1!4m2!3m1!1s0x0:0xcbb387f371959474\" target=\"_blank\">C\/ M\u00e1rques de Valdeca\u00f1as N\u00ba 2 \u2013<strong> Sala M\u00aa Cristina<\/strong><\/a><br \/>  <strong>Ticket Sales<\/strong>:<a href=\"http:\/\/fmaec.org\" target=\"_blank\">\u00a0FMAEC<\/a>, <a href=\"https:\/\/www.google.es\/maps\/place\/Aecc+-+Asociaci%C3%B3n+Espa%C3%B1ola+Contra+El+C%C3%A1ncer\/@36.7309489,-4.418825,17z\/data=!3m1!4b1!4m2!3m1!1s0x0:0x685d5649cc487a3e\" target=\"_blank\">AECC<\/a>, <a href=\"http:\/\/www.fundacionluisolivares.org\" target=\"_blank\">Fundaci\u00f3n Luis Olivares<\/a>, <a href=\"http:\/\/www.cesarescariolo.org\/\" target=\"_blank\">Fundac\u00edon Cesare Scariolo<\/a>, <a href=\"https:\/\/www.google.es\/maps\/place\/Asociaci%C3%B3n+Avoi\/@36.7293554,-4.4331354,17z\/data=!3m1!4b1!4m2!3m1!1s0x0:0x6645e30f5b4d0cc1\" target=\"_blank\">AVOI<\/a>, <a href=\"https:\/\/www.google.es\/maps\/place\/Asamma\/@36.7219052,-4.4290797,17z\/data=!3m1!4b1!4m2!3m1!1s0x0:0x387787a10dc1c3d6\" target=\"_blank\">ASAMMA<\/a>,<a href=\"https:\/\/www.google.es\/maps\/place\/Casa+Ronald+Mcdonald+M%C3%A1laga\/@36.7287289,-4.4312126,17z\/data=!3m1!4b1!4m2!3m1!1s0x0:0xfc6a58abcc6011e5\" target=\"_blank\"> La Casa Ronald McDonald of M\u00e1laga<\/a> and <a href=\"https:\/\/www.google.es\/maps\/place\/Fundaci%C3%B3n+Cudeca\/@36.6038963,-4.5427821,17z\/data=!4m5!1m2!2m1!1sFundaci%C3%B3n+Cudeca+Av+del+Cosmos+29631+Benalm%C3%A1dena+M%C3%A1laga!3m1!1s0x0:0x11c26dae313a46b3\" target=\"_blank\">Fundaci\u00f3n Cudeca<\/a><\/div><\/div>\n<p><\/p>","protected":false},"excerpt":{"rendered":"<p>On\u00a08th March\u00a0at 7.30 p.m. at the\u00a0Sala Maria Cristina, C\/ Marqu\u00e9s de Valdeca\u00f1as 2, in M\u00e1laga, a concert of the violinist from M\u00e1laga, Jes\u00fas Reina will be held to raise funds for the group \u201c United Against Cancer\u201d.\u00a0 The concert has been organized by Fundaci\u00f3n M\u00e1laga. \u00a0 The\u00a0price\u00a0of a ticket will be \u20ac10 and they are [&hellip;]<\/p>\n","protected":false},"author":0,"featured_media":0,"comment_status":"open","ping_status":"open","sticky":false,"template":"","format":"standard","meta":[],"categories":[12],"tags":[],"yoast_head":"<!-- This site is optimized with the Yoast SEO plugin v19.4 - https:\/\/yoast.com\/wordpress\/plugins\/seo\/ -->\n<title>Cudeca Foundation, Cancer Hospice, Events - Cudeca Cancer Care Hospice<\/title>\n<meta name=\"robots\" content=\"index, follow, max-snippet:-1, max-image-preview:large, max-video-preview:-1\" \/>\n<link rel=\"canonical\" href=\"https:\/\/www.cudeca.org\/en\/actualidad\/cudeca-foundation-cancer-hospice-events-339\/\" \/>\n<meta property=\"og:locale\" content=\"en_US\" \/>\n<meta property=\"og:type\" content=\"article\" \/>\n<meta property=\"og:title\" content=\"Cudeca Foundation, Cancer Hospice, Events - Cudeca Cancer Care Hospice\" \/>\n<meta property=\"og:description\" content=\"On\u00a08th March\u00a0at 7.30 p.m. at the\u00a0Sala Maria Cristina, C\/ Marqu\u00e9s de Valdeca\u00f1as 2, in M\u00e1laga, a concert of the violinist from M\u00e1laga, Jes\u00fas Reina will be held to raise funds for the group \u201c United Against Cancer\u201d.\u00a0 The concert has been organized by Fundaci\u00f3n M\u00e1laga. \u00a0 The\u00a0price\u00a0of a ticket will be \u20ac10 and they are [&hellip;]\" \/>\n<meta property=\"og:url\" content=\"https:\/\/www.cudeca.org\/en\/actualidad\/cudeca-foundation-cancer-hospice-events-339\/\" \/>\n<meta property=\"og:site_name\" content=\"Cudeca Cancer Care Hospice\" \/>\n<meta property=\"article:publisher\" content=\"https:\/\/www.facebook.com\/AmigosDeCudeca\" \/>\n<meta property=\"article:published_time\" content=\"2014-03-08T11:00:31+00:00\" \/>\n<meta name=\"twitter:card\" content=\"summary_large_image\" \/>\n<meta name=\"twitter:creator\" content=\"@cudeca\" \/>\n<meta name=\"twitter:site\" content=\"@cudeca\" \/>\n<meta name=\"twitter:label1\" content=\"Est. reading time\" \/>\n\t<meta name=\"twitter:data1\" content=\"1 minute\" \/>\n<script type=\"application\/ld+json\" class=\"yoast-schema-graph\">{\"@context\":\"https:\/\/schema.org\",\"@graph\":[{\"@type\":\"Organization\",\"@id\":\"https:\/\/www.cudeca.org\/#organization\",\"name\":\"Fundaci\u00f3n Cudeca\",\"url\":\"https:\/\/www.cudeca.org\/\",\"sameAs\":[\"https:\/\/www.youtube.com\/c\/cudecamalaga\",\"https:\/\/www.facebook.com\/AmigosDeCudeca\",\"https:\/\/twitter.com\/cudeca\"],\"logo\":{\"@type\":\"ImageObject\",\"inLanguage\":\"en-US\",\"@id\":\"https:\/\/www.cudeca.org\/#\/schema\/logo\/image\/\",\"url\":\"https:\/\/www.cudeca.org\/wp-content\/uploads\/2018\/02\/cudeca-logo.png\",\"contentUrl\":\"https:\/\/www.cudeca.org\/wp-content\/uploads\/2018\/02\/cudeca-logo.png\",\"width\":2121,\"height\":984,\"caption\":\"Fundaci\u00f3n Cudeca\"},\"image\":{\"@id\":\"https:\/\/www.cudeca.org\/#\/schema\/logo\/image\/\"}},{\"@type\":\"WebSite\",\"@id\":\"https:\/\/www.cudeca.org\/#website\",\"url\":\"https:\/\/www.cudeca.org\/\",\"name\":\"Fundaci\u00f3n Cudeca\",\"description\":\"Cudeca Hospice\",\"publisher\":{\"@id\":\"https:\/\/www.cudeca.org\/#organization\"},\"potentialAction\":[{\"@type\":\"SearchAction\",\"target\":{\"@type\":\"EntryPoint\",\"urlTemplate\":\"https:\/\/www.cudeca.org\/?s={search_term_string}\"},\"query-input\":\"required name=search_term_string\"}],\"inLanguage\":\"en-US\"},{\"@type\":\"WebPage\",\"@id\":\"https:\/\/www.cudeca.org\/en\/actualidad\/cudeca-foundation-cancer-hospice-events-339\/\",\"url\":\"https:\/\/www.cudeca.org\/en\/actualidad\/cudeca-foundation-cancer-hospice-events-339\/\",\"name\":\"Cudeca Foundation, Cancer Hospice, Events - Cudeca Cancer Care Hospice\",\"isPartOf\":{\"@id\":\"https:\/\/www.cudeca.org\/#website\"},\"datePublished\":\"2014-03-08T11:00:31+00:00\",\"dateModified\":\"2014-03-08T11:00:31+00:00\",\"breadcrumb\":{\"@id\":\"https:\/\/www.cudeca.org\/en\/actualidad\/cudeca-foundation-cancer-hospice-events-339\/#breadcrumb\"},\"inLanguage\":\"en-US\",\"potentialAction\":[{\"@type\":\"ReadAction\",\"target\":[\"https:\/\/www.cudeca.org\/en\/actualidad\/cudeca-foundation-cancer-hospice-events-339\/\"]}]},{\"@type\":\"BreadcrumbList\",\"@id\":\"https:\/\/www.cudeca.org\/en\/actualidad\/cudeca-foundation-cancer-hospice-events-339\/#breadcrumb\",\"itemListElement\":[{\"@type\":\"ListItem\",\"position\":1,\"name\":\"Portada\",\"item\":\"https:\/\/www.cudeca.org\/\"},{\"@type\":\"ListItem\",\"position\":2,\"name\":\"Cudeca Foundation, Cancer Hospice, Events\"}]},{\"@type\":\"Article\",\"@id\":\"https:\/\/www.cudeca.org\/en\/actualidad\/cudeca-foundation-cancer-hospice-events-339\/#article\",\"isPartOf\":{\"@id\":\"https:\/\/www.cudeca.org\/en\/actualidad\/cudeca-foundation-cancer-hospice-events-339\/\"},\"author\":{\"name\":\"\",\"@id\":\"\"},\"headline\":\"Cudeca Foundation, Cancer Hospice, Events\",\"datePublished\":\"2014-03-08T11:00:31+00:00\",\"dateModified\":\"2014-03-08T11:00:31+00:00\",\"mainEntityOfPage\":{\"@id\":\"https:\/\/www.cudeca.org\/en\/actualidad\/cudeca-foundation-cancer-hospice-events-339\/\"},\"wordCount\":234,\"commentCount\":0,\"publisher\":{\"@id\":\"https:\/\/www.cudeca.org\/#organization\"},\"articleSection\":[\"\"],\"inLanguage\":\"en-US\",\"potentialAction\":[{\"@type\":\"CommentAction\",\"name\":\"Comment\",\"target\":[\"https:\/\/www.cudeca.org\/en\/actualidad\/cudeca-foundation-cancer-hospice-events-339\/#respond\"]}]}]}<\/script>\n<!-- \/ Yoast SEO plugin. -->","yoast_head_json":{"title":"Cudeca Foundation, Cancer Hospice, Events - Cudeca Cancer Care Hospice","robots":{"index":"index","follow":"follow","max-snippet":"max-snippet:-1","max-image-preview":"max-image-preview:large","max-video-preview":"max-video-preview:-1"},"canonical":"https:\/\/www.cudeca.org\/en\/actualidad\/cudeca-foundation-cancer-hospice-events-339\/","og_locale":"en_US","og_type":"article","og_title":"Cudeca Foundation, Cancer Hospice, Events - Cudeca Cancer Care Hospice","og_description":"On\u00a08th March\u00a0at 7.30 p.m. at the\u00a0Sala Maria Cristina, C\/ Marqu\u00e9s de Valdeca\u00f1as 2, in M\u00e1laga, a concert of the violinist from M\u00e1laga, Jes\u00fas Reina will be held to raise funds for the group \u201c United Against Cancer\u201d.\u00a0 The concert has been organized by Fundaci\u00f3n M\u00e1laga. \u00a0 The\u00a0price\u00a0of a ticket will be \u20ac10 and they are [&hellip;]","og_url":"https:\/\/www.cudeca.org\/en\/actualidad\/cudeca-foundation-cancer-hospice-events-339\/","og_site_name":"Cudeca Cancer Care Hospice","article_publisher":"https:\/\/www.facebook.com\/AmigosDeCudeca","article_published_time":"2014-03-08T11:00:31+00:00","twitter_card":"summary_large_image","twitter_creator":"@cudeca","twitter_site":"@cudeca","twitter_misc":{"Est. reading time":"1 minute"},"schema":{"@context":"https:\/\/schema.org","@graph":[{"@type":"Organization","@id":"https:\/\/www.cudeca.org\/#organization","name":"Fundaci\u00f3n Cudeca","url":"https:\/\/www.cudeca.org\/","sameAs":["https:\/\/www.youtube.com\/c\/cudecamalaga","https:\/\/www.facebook.com\/AmigosDeCudeca","https:\/\/twitter.com\/cudeca"],"logo":{"@type":"ImageObject","inLanguage":"en-US","@id":"https:\/\/www.cudeca.org\/#\/schema\/logo\/image\/","url":"https:\/\/www.cudeca.org\/wp-content\/uploads\/2018\/02\/cudeca-logo.png","contentUrl":"https:\/\/www.cudeca.org\/wp-content\/uploads\/2018\/02\/cudeca-logo.png","width":2121,"height":984,"caption":"Fundaci\u00f3n Cudeca"},"image":{"@id":"https:\/\/www.cudeca.org\/#\/schema\/logo\/image\/"}},{"@type":"WebSite","@id":"https:\/\/www.cudeca.org\/#website","url":"https:\/\/www.cudeca.org\/","name":"Fundaci\u00f3n Cudeca","description":"Cudeca Hospice","publisher":{"@id":"https:\/\/www.cudeca.org\/#organization"},"potentialAction":[{"@type":"SearchAction","target":{"@type":"EntryPoint","urlTemplate":"https:\/\/www.cudeca.org\/?s={search_term_string}"},"query-input":"required name=search_term_string"}],"inLanguage":"en-US"},{"@type":"WebPage","@id":"https:\/\/www.cudeca.org\/en\/actualidad\/cudeca-foundation-cancer-hospice-events-339\/","url":"https:\/\/www.cudeca.org\/en\/actualidad\/cudeca-foundation-cancer-hospice-events-339\/","name":"Cudeca Foundation, Cancer Hospice, Events - Cudeca Cancer Care Hospice","isPartOf":{"@id":"https:\/\/www.cudeca.org\/#website"},"datePublished":"2014-03-08T11:00:31+00:00","dateModified":"2014-03-08T11:00:31+00:00","breadcrumb":{"@id":"https:\/\/www.cudeca.org\/en\/actualidad\/cudeca-foundation-cancer-hospice-events-339\/#breadcrumb"},"inLanguage":"en-US","potentialAction":[{"@type":"ReadAction","target":["https:\/\/www.cudeca.org\/en\/actualidad\/cudeca-foundation-cancer-hospice-events-339\/"]}]},{"@type":"BreadcrumbList","@id":"https:\/\/www.cudeca.org\/en\/actualidad\/cudeca-foundation-cancer-hospice-events-339\/#breadcrumb","itemListElement":[{"@type":"ListItem","position":1,"name":"Portada","item":"https:\/\/www.cudeca.org\/"},{"@type":"ListItem","position":2,"name":"Cudeca Foundation, Cancer Hospice, Events"}]},{"@type":"Article","@id":"https:\/\/www.cudeca.org\/en\/actualidad\/cudeca-foundation-cancer-hospice-events-339\/#article","isPartOf":{"@id":"https:\/\/www.cudeca.org\/en\/actualidad\/cudeca-foundation-cancer-hospice-events-339\/"},"author":{"name":"","@id":""},"headline":"Cudeca Foundation, Cancer Hospice, Events","datePublished":"2014-03-08T11:00:31+00:00","dateModified":"2014-03-08T11:00:31+00:00","mainEntityOfPage":{"@id":"https:\/\/www.cudeca.org\/en\/actualidad\/cudeca-foundation-cancer-hospice-events-339\/"},"wordCount":234,"commentCount":0,"publisher":{"@id":"https:\/\/www.cudeca.org\/#organization"},"articleSection":[""],"inLanguage":"en-US","potentialAction":[{"@type":"CommentAction","name":"Comment","target":["https:\/\/www.cudeca.org\/en\/actualidad\/cudeca-foundation-cancer-hospice-events-339\/#respond"]}]}]}},"_links":{"self":[{"href":"https:\/\/www.cudeca.org\/en\/wp-json\/wp\/v2\/posts\/14441"}],"collection":[{"href":"https:\/\/www.cudeca.org\/en\/wp-json\/wp\/v2\/posts"}],"about":[{"href":"https:\/\/www.cudeca.org\/en\/wp-json\/wp\/v2\/types\/post"}],"replies":[{"embeddable":true,"href":"https:\/\/www.cudeca.org\/en\/wp-json\/wp\/v2\/comments?post=14441"}],"version-history":[{"count":0,"href":"https:\/\/www.cudeca.org\/en\/wp-json\/wp\/v2\/posts\/14441\/revisions"}],"wp:attachment":[{"href":"https:\/\/www.cudeca.org\/en\/wp-json\/wp\/v2\/media?parent=14441"}],"wp:term":[{"taxonomy":"category","embeddable":true,"href":"https:\/\/www.cudeca.org\/en\/wp-json\/wp\/v2\/categories?post=14441"},{"taxonomy":"post_tag","embeddable":true,"href":"https:\/\/www.cudeca.org\/en\/wp-json\/wp\/v2\/tags?post=14441"}],"curies":[{"name":"wp","href":"https:\/\/api.w.org\/{rel}","templated":true}]}}