{"id":14427,"date":"2014-01-14T11:00:03","date_gmt":"2014-01-14T11:00:03","guid":{"rendered":"https:\/\/www.cudeca.org\/actualidad\/cudeca-foundation-cancer-hospice-events-325\/"},"modified":"2014-01-14T11:00:03","modified_gmt":"2014-01-14T11:00:03","slug":"cudeca-foundation-cancer-hospice-events-325","status":"publish","type":"post","link":"https:\/\/www.cudeca.org\/en\/actualidad\/cudeca-foundation-cancer-hospice-events-325\/","title":{"rendered":"Cudeca Foundation, Cancer Hospice, Events"},"content":{"rendered":"<p><\/p>\n<div id=\"notCuerpo\">\n<div>\n<div style=\"text-align: justify\">Thanks to the initiative of <a href=\"http:\/\/www.fundacionmalaga.com\/\" target=\"_blank\">Fundaci\u00f3n M\u00e1laga<\/a>\u00a0and\u00a0<strong>Carlos \u00c1lvarez <\/strong>(baritone), a large group of singers have got together to help <strong>Cudeca Hospice<\/strong> raise funds to finance the care programmes which are offered free of charge by them. Every year Cudeca Hospice helps more than 800 people suffering from cancer and other non-curable end of life illnesses, also offering help and support to their families.<\/div>\n<div style=\"text-align: justify\">\u00a0<\/div>\n<div style=\"text-align: justify\"><strong>CHARITY RECORDING<\/strong><\/div>\n<div style=\"text-align: justify\">With this in mind <strong><a href=\"http:\/\/www.dnrecords.es\/\" target=\"_blank\">DNRecords<\/a><\/strong> has recorded and produced a CD of duets with singers such as:<\/div>\n<div style=\"text-align: justify\">\u00a0<\/div>\n<div style=\"text-align: justify\">1. Il mondo &#8211; Carlos \u00c1lvarez &amp; Efecto Mariposa<br \/>  2. Surrender &#8211; Carlos \u00c1lvarez &amp; Javier Ojeda<br \/>  3. Be my love &#8211; Carlos \u00c1lvarez &amp; Chucho Vald\u00e9s<br \/>  4. Somewhere over the rainbow &#8211; Carlos \u00c1lvarez &amp; Pasi\u00f3n Vega<br \/>  5. Its not unusual &#8211; Carlos \u00c1lvarez &amp; Antonio Torres<br \/>  6. Por una cabeza &#8211; Carlos \u00c1lvarez &amp; Vanesa Mart\u00edn<br \/>  7. I got you under my skin &#8211; Carlos \u00c1lvarez &amp; Diana Navarro<br \/>  8. Mar\u00eda La Portuguesa (Carlos Cano) &#8211; Carlos \u00c1lvarez &amp; Antonio Cort\u00e9s<br \/>  9. Entre mis recuerdos, de Albert Hammond &#8211; Carlos \u00c1lvarez &amp; Diez Negritos<br \/>  10. When i fall in love, de Victor Young &#8211; Carlos \u00c1lvarez &amp; Irene Lombard<br \/>  11. More than words &#8211; Carlos \u00c1lvarez &amp; Berna Perles<\/div>\n<div style=\"text-align: justify\">\u00a0<\/div>\n<div style=\"text-align: justify\"><strong>CHARITY SALE<\/strong><\/div>\n<div style=\"text-align: justify\">The <strong>CD \u201cCarlos \u00c1lvarez y Amigos\u201d<\/strong> was produced thanks to the collaboration of<strong> <a href=\"http:\/\/www.elcorteingles.es\/tiendas_e\/cda\/Entradas\/Home\/0,5192,PD19250!ECI,FF.html\" target=\"_blank\">El Corte Ingl\u00e9s<\/a><\/strong> de M\u00e1laga, Avda. de Andalucia, M\u00e1laga.<\/div>\n<div style=\"text-align: justify\">\u00a0<\/div>\n<div style=\"text-align: justify\"><strong>CHARITY CONCERT<\/strong><\/div>\n<div style=\"text-align: justify\">Stemming from the CD, a concert will be held in the <strong>Palacio de los Deportes Jos\u00e9 Mar\u00eda Carpena<\/strong> on <strong>Tuesday 14th January 2014<\/strong>.\u00a0 The following artistes have confirmed that they will be singing: Carlos \u00c1lvarez, Javier Ojeda, Antonio Torres, Berna Perles, Diez Negritos, Irene Lombard, Antonio Cort\u00e9s and Pasi\u00f3n Vega. Efecto Mariposa, Diana Navarro and Vanesa Mart\u00edn\u00a0have expressed their wish to sing but this is yet to be confirmed.<\/div>\n<div style=\"text-align: justify\">\u00a0<\/div>\n<div style=\"text-align: justify\"><strong>SALE OF TICKETS FOR THE CONCERT CARLOS ALVAREZ Y AMIGOS<\/strong><\/div>\n<div style=\"text-align: justify\">Tickets are already available from<a href=\"https:\/\/www.unientradas.es\/janto\/main.php?Nivel=Recinto&amp;idRecinto=PMC\" target=\"_blank\"> Uniticket <\/a>and <a href=\"http:\/\/www.elcorteingles.es\/tiendas_e\/cda\/Entradas\/Home\/0,5192,PD19250!ECI,FF.html\" target=\"_blank\">El Corte Ingl\u00e9s<\/a> with different price ranges.<\/div>\n<div style=\"text-align: justify\">\u00a0<\/div>\n<div style=\"text-align: justify\">  Due to slow ticket sales for our charity concert on 14th\u00a0January, we are drastically reducing the cost of the tickets to ensure that this major event goes ahead and M\u00e1laga residents can enjoy this magnificent concert.<br \/>  \u00a0<br \/>  For those of you who have already purchased your \u00a0ticket for the charity concert in aid of Cudeca Hospice at the higher price, if you would like a refund for the difference, please contact us by phone on 952 56 49 10 or email\u00a0pr@cudeca.org.<br \/>  \u00a0<br \/>  In the meantime, we thank you for your support and understanding and we apologise for any inconvenience.\u00a0 Our objective is to keep this event alive and ensure that as many M\u00e1laga residents as possible come and enjoy the entertainment, \u00a0inspite of the crisis.\u00a0\u00a0This event is for you!<br \/>  \u00a0<\/div>\n<div style=\"text-align: justify\">\u00a0<\/div>\n<div style=\"text-align: justify\">\u00a0<\/div>\n<div style=\"text-align: justify\">\n<table border=\"1\" cellpadding=\"1\" cellspacing=\"1\" style=\"width: 500px\">\n<tbody>\n<tr>\n<td>14 de enero de 2014 -20:00h- Palacio Deportes Jos\u00e9 M\u00aa Mart\u00edn Carpena<\/td>\n<td>LOWER TIER<\/td>\n<td>UPPER TIER<\/td>\n<\/tr>\n<tr>\n<td><strong>Normal price<\/strong><\/td>\n<td>27\u20ac<\/td>\n<td>15\u20ac<\/td>\n<\/tr>\n<tr>\n<td><strong>SPECIAL PRICE ANTI-CRISIS<\/strong><\/td>\n<td>15\u20ac<\/td>\n<td>6\u20ac<\/td>\n<\/tr>\n<tr>\n<td><strong>Price from the box office on day of concert<\/strong><\/td>\n<td>25\u20ac<\/td>\n<td>15\u20ac<\/td>\n<\/tr>\n<\/tbody>\n<\/table><\/div>\n<div style=\"text-align: justify\">\u00a0<\/div>\n<div style=\"text-align: justify\">\u00a0<\/div>\n<div style=\"text-align: justify\">\u00a0<\/div><\/div>\n<div>\u00a0<\/div><\/div>\n<p><\/p>","protected":false},"excerpt":{"rendered":"<p>Thanks to the initiative of Fundaci\u00f3n M\u00e1laga\u00a0and\u00a0Carlos \u00c1lvarez (baritone), a large group of singers have got together to help Cudeca Hospice raise funds to finance the care programmes which are offered free of charge by them. Every year Cudeca Hospice helps more than 800 people suffering from cancer and other non-curable end of life illnesses, [&hellip;]<\/p>\n","protected":false},"author":0,"featured_media":0,"comment_status":"open","ping_status":"open","sticky":false,"template":"","format":"standard","meta":[],"categories":[12],"tags":[],"yoast_head":"<!-- This site is optimized with the Yoast SEO plugin v19.4 - https:\/\/yoast.com\/wordpress\/plugins\/seo\/ -->\n<title>Cudeca Foundation, Cancer Hospice, Events - Cudeca Cancer Care Hospice<\/title>\n<meta name=\"robots\" content=\"index, follow, max-snippet:-1, max-image-preview:large, max-video-preview:-1\" \/>\n<link rel=\"canonical\" href=\"https:\/\/www.cudeca.org\/en\/actualidad\/cudeca-foundation-cancer-hospice-events-325\/\" \/>\n<meta property=\"og:locale\" content=\"en_US\" \/>\n<meta property=\"og:type\" content=\"article\" \/>\n<meta property=\"og:title\" content=\"Cudeca Foundation, Cancer Hospice, Events - Cudeca Cancer Care Hospice\" \/>\n<meta property=\"og:description\" content=\"Thanks to the initiative of Fundaci\u00f3n M\u00e1laga\u00a0and\u00a0Carlos \u00c1lvarez (baritone), a large group of singers have got together to help Cudeca Hospice raise funds to finance the care programmes which are offered free of charge by them. Every year Cudeca Hospice helps more than 800 people suffering from cancer and other non-curable end of life illnesses, [&hellip;]\" \/>\n<meta property=\"og:url\" content=\"https:\/\/www.cudeca.org\/en\/actualidad\/cudeca-foundation-cancer-hospice-events-325\/\" \/>\n<meta property=\"og:site_name\" content=\"Cudeca Cancer Care Hospice\" \/>\n<meta property=\"article:publisher\" content=\"https:\/\/www.facebook.com\/AmigosDeCudeca\" \/>\n<meta property=\"article:published_time\" content=\"2014-01-14T11:00:03+00:00\" \/>\n<meta name=\"twitter:card\" content=\"summary_large_image\" \/>\n<meta name=\"twitter:creator\" content=\"@cudeca\" \/>\n<meta name=\"twitter:site\" content=\"@cudeca\" \/>\n<meta name=\"twitter:label1\" content=\"Est. reading time\" \/>\n\t<meta name=\"twitter:data1\" content=\"2 minutes\" \/>\n<script type=\"application\/ld+json\" class=\"yoast-schema-graph\">{\"@context\":\"https:\/\/schema.org\",\"@graph\":[{\"@type\":\"Organization\",\"@id\":\"https:\/\/www.cudeca.org\/#organization\",\"name\":\"Fundaci\u00f3n Cudeca\",\"url\":\"https:\/\/www.cudeca.org\/\",\"sameAs\":[\"https:\/\/www.youtube.com\/c\/cudecamalaga\",\"https:\/\/www.facebook.com\/AmigosDeCudeca\",\"https:\/\/twitter.com\/cudeca\"],\"logo\":{\"@type\":\"ImageObject\",\"inLanguage\":\"en-US\",\"@id\":\"https:\/\/www.cudeca.org\/#\/schema\/logo\/image\/\",\"url\":\"https:\/\/www.cudeca.org\/wp-content\/uploads\/2018\/02\/cudeca-logo.png\",\"contentUrl\":\"https:\/\/www.cudeca.org\/wp-content\/uploads\/2018\/02\/cudeca-logo.png\",\"width\":2121,\"height\":984,\"caption\":\"Fundaci\u00f3n Cudeca\"},\"image\":{\"@id\":\"https:\/\/www.cudeca.org\/#\/schema\/logo\/image\/\"}},{\"@type\":\"WebSite\",\"@id\":\"https:\/\/www.cudeca.org\/#website\",\"url\":\"https:\/\/www.cudeca.org\/\",\"name\":\"Fundaci\u00f3n Cudeca\",\"description\":\"Cudeca Hospice\",\"publisher\":{\"@id\":\"https:\/\/www.cudeca.org\/#organization\"},\"potentialAction\":[{\"@type\":\"SearchAction\",\"target\":{\"@type\":\"EntryPoint\",\"urlTemplate\":\"https:\/\/www.cudeca.org\/?s={search_term_string}\"},\"query-input\":\"required name=search_term_string\"}],\"inLanguage\":\"en-US\"},{\"@type\":\"WebPage\",\"@id\":\"https:\/\/www.cudeca.org\/en\/actualidad\/cudeca-foundation-cancer-hospice-events-325\/\",\"url\":\"https:\/\/www.cudeca.org\/en\/actualidad\/cudeca-foundation-cancer-hospice-events-325\/\",\"name\":\"Cudeca Foundation, Cancer Hospice, Events - Cudeca Cancer Care Hospice\",\"isPartOf\":{\"@id\":\"https:\/\/www.cudeca.org\/#website\"},\"datePublished\":\"2014-01-14T11:00:03+00:00\",\"dateModified\":\"2014-01-14T11:00:03+00:00\",\"breadcrumb\":{\"@id\":\"https:\/\/www.cudeca.org\/en\/actualidad\/cudeca-foundation-cancer-hospice-events-325\/#breadcrumb\"},\"inLanguage\":\"en-US\",\"potentialAction\":[{\"@type\":\"ReadAction\",\"target\":[\"https:\/\/www.cudeca.org\/en\/actualidad\/cudeca-foundation-cancer-hospice-events-325\/\"]}]},{\"@type\":\"BreadcrumbList\",\"@id\":\"https:\/\/www.cudeca.org\/en\/actualidad\/cudeca-foundation-cancer-hospice-events-325\/#breadcrumb\",\"itemListElement\":[{\"@type\":\"ListItem\",\"position\":1,\"name\":\"Portada\",\"item\":\"https:\/\/www.cudeca.org\/\"},{\"@type\":\"ListItem\",\"position\":2,\"name\":\"Cudeca Foundation, Cancer Hospice, Events\"}]},{\"@type\":\"Article\",\"@id\":\"https:\/\/www.cudeca.org\/en\/actualidad\/cudeca-foundation-cancer-hospice-events-325\/#article\",\"isPartOf\":{\"@id\":\"https:\/\/www.cudeca.org\/en\/actualidad\/cudeca-foundation-cancer-hospice-events-325\/\"},\"author\":{\"name\":\"\",\"@id\":\"\"},\"headline\":\"Cudeca Foundation, Cancer Hospice, Events\",\"datePublished\":\"2014-01-14T11:00:03+00:00\",\"dateModified\":\"2014-01-14T11:00:03+00:00\",\"mainEntityOfPage\":{\"@id\":\"https:\/\/www.cudeca.org\/en\/actualidad\/cudeca-foundation-cancer-hospice-events-325\/\"},\"wordCount\":494,\"commentCount\":0,\"publisher\":{\"@id\":\"https:\/\/www.cudeca.org\/#organization\"},\"articleSection\":[\"\"],\"inLanguage\":\"en-US\",\"potentialAction\":[{\"@type\":\"CommentAction\",\"name\":\"Comment\",\"target\":[\"https:\/\/www.cudeca.org\/en\/actualidad\/cudeca-foundation-cancer-hospice-events-325\/#respond\"]}]}]}<\/script>\n<!-- \/ Yoast SEO plugin. -->","yoast_head_json":{"title":"Cudeca Foundation, Cancer Hospice, Events - Cudeca Cancer Care Hospice","robots":{"index":"index","follow":"follow","max-snippet":"max-snippet:-1","max-image-preview":"max-image-preview:large","max-video-preview":"max-video-preview:-1"},"canonical":"https:\/\/www.cudeca.org\/en\/actualidad\/cudeca-foundation-cancer-hospice-events-325\/","og_locale":"en_US","og_type":"article","og_title":"Cudeca Foundation, Cancer Hospice, Events - Cudeca Cancer Care Hospice","og_description":"Thanks to the initiative of Fundaci\u00f3n M\u00e1laga\u00a0and\u00a0Carlos \u00c1lvarez (baritone), a large group of singers have got together to help Cudeca Hospice raise funds to finance the care programmes which are offered free of charge by them. Every year Cudeca Hospice helps more than 800 people suffering from cancer and other non-curable end of life illnesses, [&hellip;]","og_url":"https:\/\/www.cudeca.org\/en\/actualidad\/cudeca-foundation-cancer-hospice-events-325\/","og_site_name":"Cudeca Cancer Care Hospice","article_publisher":"https:\/\/www.facebook.com\/AmigosDeCudeca","article_published_time":"2014-01-14T11:00:03+00:00","twitter_card":"summary_large_image","twitter_creator":"@cudeca","twitter_site":"@cudeca","twitter_misc":{"Est. reading time":"2 minutes"},"schema":{"@context":"https:\/\/schema.org","@graph":[{"@type":"Organization","@id":"https:\/\/www.cudeca.org\/#organization","name":"Fundaci\u00f3n Cudeca","url":"https:\/\/www.cudeca.org\/","sameAs":["https:\/\/www.youtube.com\/c\/cudecamalaga","https:\/\/www.facebook.com\/AmigosDeCudeca","https:\/\/twitter.com\/cudeca"],"logo":{"@type":"ImageObject","inLanguage":"en-US","@id":"https:\/\/www.cudeca.org\/#\/schema\/logo\/image\/","url":"https:\/\/www.cudeca.org\/wp-content\/uploads\/2018\/02\/cudeca-logo.png","contentUrl":"https:\/\/www.cudeca.org\/wp-content\/uploads\/2018\/02\/cudeca-logo.png","width":2121,"height":984,"caption":"Fundaci\u00f3n Cudeca"},"image":{"@id":"https:\/\/www.cudeca.org\/#\/schema\/logo\/image\/"}},{"@type":"WebSite","@id":"https:\/\/www.cudeca.org\/#website","url":"https:\/\/www.cudeca.org\/","name":"Fundaci\u00f3n Cudeca","description":"Cudeca Hospice","publisher":{"@id":"https:\/\/www.cudeca.org\/#organization"},"potentialAction":[{"@type":"SearchAction","target":{"@type":"EntryPoint","urlTemplate":"https:\/\/www.cudeca.org\/?s={search_term_string}"},"query-input":"required name=search_term_string"}],"inLanguage":"en-US"},{"@type":"WebPage","@id":"https:\/\/www.cudeca.org\/en\/actualidad\/cudeca-foundation-cancer-hospice-events-325\/","url":"https:\/\/www.cudeca.org\/en\/actualidad\/cudeca-foundation-cancer-hospice-events-325\/","name":"Cudeca Foundation, Cancer Hospice, Events - Cudeca Cancer Care Hospice","isPartOf":{"@id":"https:\/\/www.cudeca.org\/#website"},"datePublished":"2014-01-14T11:00:03+00:00","dateModified":"2014-01-14T11:00:03+00:00","breadcrumb":{"@id":"https:\/\/www.cudeca.org\/en\/actualidad\/cudeca-foundation-cancer-hospice-events-325\/#breadcrumb"},"inLanguage":"en-US","potentialAction":[{"@type":"ReadAction","target":["https:\/\/www.cudeca.org\/en\/actualidad\/cudeca-foundation-cancer-hospice-events-325\/"]}]},{"@type":"BreadcrumbList","@id":"https:\/\/www.cudeca.org\/en\/actualidad\/cudeca-foundation-cancer-hospice-events-325\/#breadcrumb","itemListElement":[{"@type":"ListItem","position":1,"name":"Portada","item":"https:\/\/www.cudeca.org\/"},{"@type":"ListItem","position":2,"name":"Cudeca Foundation, Cancer Hospice, Events"}]},{"@type":"Article","@id":"https:\/\/www.cudeca.org\/en\/actualidad\/cudeca-foundation-cancer-hospice-events-325\/#article","isPartOf":{"@id":"https:\/\/www.cudeca.org\/en\/actualidad\/cudeca-foundation-cancer-hospice-events-325\/"},"author":{"name":"","@id":""},"headline":"Cudeca Foundation, Cancer Hospice, Events","datePublished":"2014-01-14T11:00:03+00:00","dateModified":"2014-01-14T11:00:03+00:00","mainEntityOfPage":{"@id":"https:\/\/www.cudeca.org\/en\/actualidad\/cudeca-foundation-cancer-hospice-events-325\/"},"wordCount":494,"commentCount":0,"publisher":{"@id":"https:\/\/www.cudeca.org\/#organization"},"articleSection":[""],"inLanguage":"en-US","potentialAction":[{"@type":"CommentAction","name":"Comment","target":["https:\/\/www.cudeca.org\/en\/actualidad\/cudeca-foundation-cancer-hospice-events-325\/#respond"]}]}]}},"_links":{"self":[{"href":"https:\/\/www.cudeca.org\/en\/wp-json\/wp\/v2\/posts\/14427"}],"collection":[{"href":"https:\/\/www.cudeca.org\/en\/wp-json\/wp\/v2\/posts"}],"about":[{"href":"https:\/\/www.cudeca.org\/en\/wp-json\/wp\/v2\/types\/post"}],"replies":[{"embeddable":true,"href":"https:\/\/www.cudeca.org\/en\/wp-json\/wp\/v2\/comments?post=14427"}],"version-history":[{"count":0,"href":"https:\/\/www.cudeca.org\/en\/wp-json\/wp\/v2\/posts\/14427\/revisions"}],"wp:attachment":[{"href":"https:\/\/www.cudeca.org\/en\/wp-json\/wp\/v2\/media?parent=14427"}],"wp:term":[{"taxonomy":"category","embeddable":true,"href":"https:\/\/www.cudeca.org\/en\/wp-json\/wp\/v2\/categories?post=14427"},{"taxonomy":"post_tag","embeddable":true,"href":"https:\/\/www.cudeca.org\/en\/wp-json\/wp\/v2\/tags?post=14427"}],"curies":[{"name":"wp","href":"https:\/\/api.w.org\/{rel}","templated":true}]}}