{"id":14412,"date":"2013-09-28T10:57:17","date_gmt":"2013-09-28T10:57:17","guid":{"rendered":"https:\/\/www.cudeca.org\/actualidad\/cudeca-foundation-cancer-hospice-events-310\/"},"modified":"2013-09-28T10:57:17","modified_gmt":"2013-09-28T10:57:17","slug":"cudeca-foundation-cancer-hospice-events-310","status":"publish","type":"post","link":"https:\/\/www.cudeca.org\/en\/actualidad\/cudeca-foundation-cancer-hospice-events-310\/","title":{"rendered":"Cudeca Foundation, Cancer Hospice, Events"},"content":{"rendered":"<p><\/p>\n<div id=\"notCuerpo\">\n<div>  \t<strong>Benalm\u00e1dena, 9th August 2013<\/strong>  \t<\/p>\n<div>  \t\tThe volunteers from the Cudeca Hospice \u00c1lora charity shop are holding a Fashion Show at the GGG Garden Centre in \u00c1lora on Saturday 28th September from 12pm.<\/div>\n<div>  \t\t\u00a0<\/div>\n<p>  \tProceeds raised from this event will help Cudeca Hospice to continue Giving Life to Days to people suffering from cancer and other advanced and non-curable illnesses, apart from providing care to the family.  \t<\/p>\n<div>  \t\t\u00a0<\/div>\n<div>  \t\tCome along for the day and support your local Hospice.\u00a0 For more information, please contact the \u00c1lora Shop Controller, Barbara on 663 083 458 or email <a href=\"mailto:h.lockley@btopenworld.com\">h.lockley@btopenworld.com<\/a><\/div>\n<p>  \tEvent: \u00c1lora Shop Fashion Show<br \/>  \tDate: Saturday 28th September 2013<br \/>  \tLocation: GGG Garden Center Pdo. Huerta Espinosa, 100<br \/>  \t29510 Alora<br \/>  \tTime: 12:00hrs<br \/>  \tTlf: 952497160<\/div>\n<div>  \t\u00a0<\/div><\/div>\n<p><\/p>","protected":false},"excerpt":{"rendered":"<p>Benalm\u00e1dena, 9th August 2013 The volunteers from the Cudeca Hospice \u00c1lora charity shop are holding a Fashion Show at the GGG Garden Centre in \u00c1lora on Saturday 28th September from 12pm. \u00a0 Proceeds raised from this event will help Cudeca Hospice to continue Giving Life to Days to people suffering from cancer and other advanced [&hellip;]<\/p>\n","protected":false},"author":0,"featured_media":0,"comment_status":"open","ping_status":"open","sticky":false,"template":"","format":"standard","meta":[],"categories":[12],"tags":[],"yoast_head":"<!-- This site is optimized with the Yoast SEO plugin v19.4 - https:\/\/yoast.com\/wordpress\/plugins\/seo\/ -->\n<title>Cudeca Foundation, Cancer Hospice, Events - Cudeca Cancer Care Hospice<\/title>\n<meta name=\"robots\" content=\"index, follow, max-snippet:-1, max-image-preview:large, max-video-preview:-1\" \/>\n<link rel=\"canonical\" href=\"https:\/\/www.cudeca.org\/en\/actualidad\/cudeca-foundation-cancer-hospice-events-310\/\" \/>\n<meta property=\"og:locale\" content=\"en_US\" \/>\n<meta property=\"og:type\" content=\"article\" \/>\n<meta property=\"og:title\" content=\"Cudeca Foundation, Cancer Hospice, Events - Cudeca Cancer Care Hospice\" \/>\n<meta property=\"og:description\" content=\"Benalm\u00e1dena, 9th August 2013 The volunteers from the Cudeca Hospice \u00c1lora charity shop are holding a Fashion Show at the GGG Garden Centre in \u00c1lora on Saturday 28th September from 12pm. \u00a0 Proceeds raised from this event will help Cudeca Hospice to continue Giving Life to Days to people suffering from cancer and other advanced [&hellip;]\" \/>\n<meta property=\"og:url\" content=\"https:\/\/www.cudeca.org\/en\/actualidad\/cudeca-foundation-cancer-hospice-events-310\/\" \/>\n<meta property=\"og:site_name\" content=\"Cudeca Cancer Care Hospice\" \/>\n<meta property=\"article:publisher\" content=\"https:\/\/www.facebook.com\/AmigosDeCudeca\" \/>\n<meta property=\"article:published_time\" content=\"2013-09-28T10:57:17+00:00\" \/>\n<meta name=\"twitter:card\" content=\"summary_large_image\" \/>\n<meta name=\"twitter:creator\" content=\"@cudeca\" \/>\n<meta name=\"twitter:site\" content=\"@cudeca\" \/>\n<meta name=\"twitter:label1\" content=\"Est. reading time\" \/>\n\t<meta name=\"twitter:data1\" content=\"1 minute\" \/>\n<script type=\"application\/ld+json\" class=\"yoast-schema-graph\">{\"@context\":\"https:\/\/schema.org\",\"@graph\":[{\"@type\":\"Organization\",\"@id\":\"https:\/\/www.cudeca.org\/#organization\",\"name\":\"Fundaci\u00f3n Cudeca\",\"url\":\"https:\/\/www.cudeca.org\/\",\"sameAs\":[\"https:\/\/www.youtube.com\/c\/cudecamalaga\",\"https:\/\/www.facebook.com\/AmigosDeCudeca\",\"https:\/\/twitter.com\/cudeca\"],\"logo\":{\"@type\":\"ImageObject\",\"inLanguage\":\"en-US\",\"@id\":\"https:\/\/www.cudeca.org\/#\/schema\/logo\/image\/\",\"url\":\"https:\/\/www.cudeca.org\/wp-content\/uploads\/2018\/02\/cudeca-logo.png\",\"contentUrl\":\"https:\/\/www.cudeca.org\/wp-content\/uploads\/2018\/02\/cudeca-logo.png\",\"width\":2121,\"height\":984,\"caption\":\"Fundaci\u00f3n Cudeca\"},\"image\":{\"@id\":\"https:\/\/www.cudeca.org\/#\/schema\/logo\/image\/\"}},{\"@type\":\"WebSite\",\"@id\":\"https:\/\/www.cudeca.org\/#website\",\"url\":\"https:\/\/www.cudeca.org\/\",\"name\":\"Fundaci\u00f3n Cudeca\",\"description\":\"Cudeca Hospice\",\"publisher\":{\"@id\":\"https:\/\/www.cudeca.org\/#organization\"},\"potentialAction\":[{\"@type\":\"SearchAction\",\"target\":{\"@type\":\"EntryPoint\",\"urlTemplate\":\"https:\/\/www.cudeca.org\/?s={search_term_string}\"},\"query-input\":\"required name=search_term_string\"}],\"inLanguage\":\"en-US\"},{\"@type\":\"WebPage\",\"@id\":\"https:\/\/www.cudeca.org\/en\/actualidad\/cudeca-foundation-cancer-hospice-events-310\/\",\"url\":\"https:\/\/www.cudeca.org\/en\/actualidad\/cudeca-foundation-cancer-hospice-events-310\/\",\"name\":\"Cudeca Foundation, Cancer Hospice, Events - Cudeca Cancer Care Hospice\",\"isPartOf\":{\"@id\":\"https:\/\/www.cudeca.org\/#website\"},\"datePublished\":\"2013-09-28T10:57:17+00:00\",\"dateModified\":\"2013-09-28T10:57:17+00:00\",\"breadcrumb\":{\"@id\":\"https:\/\/www.cudeca.org\/en\/actualidad\/cudeca-foundation-cancer-hospice-events-310\/#breadcrumb\"},\"inLanguage\":\"en-US\",\"potentialAction\":[{\"@type\":\"ReadAction\",\"target\":[\"https:\/\/www.cudeca.org\/en\/actualidad\/cudeca-foundation-cancer-hospice-events-310\/\"]}]},{\"@type\":\"BreadcrumbList\",\"@id\":\"https:\/\/www.cudeca.org\/en\/actualidad\/cudeca-foundation-cancer-hospice-events-310\/#breadcrumb\",\"itemListElement\":[{\"@type\":\"ListItem\",\"position\":1,\"name\":\"Portada\",\"item\":\"https:\/\/www.cudeca.org\/\"},{\"@type\":\"ListItem\",\"position\":2,\"name\":\"Cudeca Foundation, Cancer Hospice, Events\"}]},{\"@type\":\"Article\",\"@id\":\"https:\/\/www.cudeca.org\/en\/actualidad\/cudeca-foundation-cancer-hospice-events-310\/#article\",\"isPartOf\":{\"@id\":\"https:\/\/www.cudeca.org\/en\/actualidad\/cudeca-foundation-cancer-hospice-events-310\/\"},\"author\":{\"name\":\"\",\"@id\":\"\"},\"headline\":\"Cudeca Foundation, Cancer Hospice, Events\",\"datePublished\":\"2013-09-28T10:57:17+00:00\",\"dateModified\":\"2013-09-28T10:57:17+00:00\",\"mainEntityOfPage\":{\"@id\":\"https:\/\/www.cudeca.org\/en\/actualidad\/cudeca-foundation-cancer-hospice-events-310\/\"},\"wordCount\":118,\"commentCount\":0,\"publisher\":{\"@id\":\"https:\/\/www.cudeca.org\/#organization\"},\"articleSection\":[\"\"],\"inLanguage\":\"en-US\",\"potentialAction\":[{\"@type\":\"CommentAction\",\"name\":\"Comment\",\"target\":[\"https:\/\/www.cudeca.org\/en\/actualidad\/cudeca-foundation-cancer-hospice-events-310\/#respond\"]}]}]}<\/script>\n<!-- \/ Yoast SEO plugin. -->","yoast_head_json":{"title":"Cudeca Foundation, Cancer Hospice, Events - Cudeca Cancer Care Hospice","robots":{"index":"index","follow":"follow","max-snippet":"max-snippet:-1","max-image-preview":"max-image-preview:large","max-video-preview":"max-video-preview:-1"},"canonical":"https:\/\/www.cudeca.org\/en\/actualidad\/cudeca-foundation-cancer-hospice-events-310\/","og_locale":"en_US","og_type":"article","og_title":"Cudeca Foundation, Cancer Hospice, Events - Cudeca Cancer Care Hospice","og_description":"Benalm\u00e1dena, 9th August 2013 The volunteers from the Cudeca Hospice \u00c1lora charity shop are holding a Fashion Show at the GGG Garden Centre in \u00c1lora on Saturday 28th September from 12pm. \u00a0 Proceeds raised from this event will help Cudeca Hospice to continue Giving Life to Days to people suffering from cancer and other advanced [&hellip;]","og_url":"https:\/\/www.cudeca.org\/en\/actualidad\/cudeca-foundation-cancer-hospice-events-310\/","og_site_name":"Cudeca Cancer Care Hospice","article_publisher":"https:\/\/www.facebook.com\/AmigosDeCudeca","article_published_time":"2013-09-28T10:57:17+00:00","twitter_card":"summary_large_image","twitter_creator":"@cudeca","twitter_site":"@cudeca","twitter_misc":{"Est. reading time":"1 minute"},"schema":{"@context":"https:\/\/schema.org","@graph":[{"@type":"Organization","@id":"https:\/\/www.cudeca.org\/#organization","name":"Fundaci\u00f3n Cudeca","url":"https:\/\/www.cudeca.org\/","sameAs":["https:\/\/www.youtube.com\/c\/cudecamalaga","https:\/\/www.facebook.com\/AmigosDeCudeca","https:\/\/twitter.com\/cudeca"],"logo":{"@type":"ImageObject","inLanguage":"en-US","@id":"https:\/\/www.cudeca.org\/#\/schema\/logo\/image\/","url":"https:\/\/www.cudeca.org\/wp-content\/uploads\/2018\/02\/cudeca-logo.png","contentUrl":"https:\/\/www.cudeca.org\/wp-content\/uploads\/2018\/02\/cudeca-logo.png","width":2121,"height":984,"caption":"Fundaci\u00f3n Cudeca"},"image":{"@id":"https:\/\/www.cudeca.org\/#\/schema\/logo\/image\/"}},{"@type":"WebSite","@id":"https:\/\/www.cudeca.org\/#website","url":"https:\/\/www.cudeca.org\/","name":"Fundaci\u00f3n Cudeca","description":"Cudeca Hospice","publisher":{"@id":"https:\/\/www.cudeca.org\/#organization"},"potentialAction":[{"@type":"SearchAction","target":{"@type":"EntryPoint","urlTemplate":"https:\/\/www.cudeca.org\/?s={search_term_string}"},"query-input":"required name=search_term_string"}],"inLanguage":"en-US"},{"@type":"WebPage","@id":"https:\/\/www.cudeca.org\/en\/actualidad\/cudeca-foundation-cancer-hospice-events-310\/","url":"https:\/\/www.cudeca.org\/en\/actualidad\/cudeca-foundation-cancer-hospice-events-310\/","name":"Cudeca Foundation, Cancer Hospice, Events - Cudeca Cancer Care Hospice","isPartOf":{"@id":"https:\/\/www.cudeca.org\/#website"},"datePublished":"2013-09-28T10:57:17+00:00","dateModified":"2013-09-28T10:57:17+00:00","breadcrumb":{"@id":"https:\/\/www.cudeca.org\/en\/actualidad\/cudeca-foundation-cancer-hospice-events-310\/#breadcrumb"},"inLanguage":"en-US","potentialAction":[{"@type":"ReadAction","target":["https:\/\/www.cudeca.org\/en\/actualidad\/cudeca-foundation-cancer-hospice-events-310\/"]}]},{"@type":"BreadcrumbList","@id":"https:\/\/www.cudeca.org\/en\/actualidad\/cudeca-foundation-cancer-hospice-events-310\/#breadcrumb","itemListElement":[{"@type":"ListItem","position":1,"name":"Portada","item":"https:\/\/www.cudeca.org\/"},{"@type":"ListItem","position":2,"name":"Cudeca Foundation, Cancer Hospice, Events"}]},{"@type":"Article","@id":"https:\/\/www.cudeca.org\/en\/actualidad\/cudeca-foundation-cancer-hospice-events-310\/#article","isPartOf":{"@id":"https:\/\/www.cudeca.org\/en\/actualidad\/cudeca-foundation-cancer-hospice-events-310\/"},"author":{"name":"","@id":""},"headline":"Cudeca Foundation, Cancer Hospice, Events","datePublished":"2013-09-28T10:57:17+00:00","dateModified":"2013-09-28T10:57:17+00:00","mainEntityOfPage":{"@id":"https:\/\/www.cudeca.org\/en\/actualidad\/cudeca-foundation-cancer-hospice-events-310\/"},"wordCount":118,"commentCount":0,"publisher":{"@id":"https:\/\/www.cudeca.org\/#organization"},"articleSection":[""],"inLanguage":"en-US","potentialAction":[{"@type":"CommentAction","name":"Comment","target":["https:\/\/www.cudeca.org\/en\/actualidad\/cudeca-foundation-cancer-hospice-events-310\/#respond"]}]}]}},"_links":{"self":[{"href":"https:\/\/www.cudeca.org\/en\/wp-json\/wp\/v2\/posts\/14412"}],"collection":[{"href":"https:\/\/www.cudeca.org\/en\/wp-json\/wp\/v2\/posts"}],"about":[{"href":"https:\/\/www.cudeca.org\/en\/wp-json\/wp\/v2\/types\/post"}],"replies":[{"embeddable":true,"href":"https:\/\/www.cudeca.org\/en\/wp-json\/wp\/v2\/comments?post=14412"}],"version-history":[{"count":0,"href":"https:\/\/www.cudeca.org\/en\/wp-json\/wp\/v2\/posts\/14412\/revisions"}],"wp:attachment":[{"href":"https:\/\/www.cudeca.org\/en\/wp-json\/wp\/v2\/media?parent=14412"}],"wp:term":[{"taxonomy":"category","embeddable":true,"href":"https:\/\/www.cudeca.org\/en\/wp-json\/wp\/v2\/categories?post=14412"},{"taxonomy":"post_tag","embeddable":true,"href":"https:\/\/www.cudeca.org\/en\/wp-json\/wp\/v2\/tags?post=14412"}],"curies":[{"name":"wp","href":"https:\/\/api.w.org\/{rel}","templated":true}]}}