{"id":14166,"date":"2010-06-16T10:12:33","date_gmt":"2010-06-16T10:12:33","guid":{"rendered":"https:\/\/www.cudeca.org\/actualidad\/cudeca-foundation-cancer-hospice-events-126\/"},"modified":"2010-06-16T10:12:33","modified_gmt":"2010-06-16T10:12:33","slug":"cudeca-foundation-cancer-hospice-events-126","status":"publish","type":"post","link":"https:\/\/www.cudeca.org\/en\/actualidad\/cudeca-foundation-cancer-hospice-events-126\/","title":{"rendered":"Cudeca Foundation, Cancer Hospice, Events"},"content":{"rendered":"<p><\/p>\n<div id=\"notCuerpo\">\n<div>  \t\u2022 10.30 to 13.30 hrs. Euromarket. Mijas Costa<br \/>  \t\u2022 11.00 to 14.00 hrs. Carrefour Estepona<br \/>  \t\u00a0<\/div>\n<div>  \tAnother year on, and Cudeca Cancer Care Hospice is about to celebrate its annual Sunflower Campaign. The aim of the campaign is to raise funds and awareness to the public of the \u201cSpecial Kind of Caring\u201d and the benefits Cudeca offers to patients suffering from advanced cancer and care to the family throughout the province of M\u00e1laga.<\/div>\n<div>  \t\u00a0<\/div>\n<div>  \tFor the last 18 years, Cudeca has cared for more than 5.600 patients. From the Hospice Centre, Cudeca coordinates the following care programmes: Home Care visits, In-Patient Unit, Day Care Centre and many other multi-disciplinary activities. All the care provided by Cudeca is cost-free.<\/div>\n<div>  \t\u00a0<\/div>\n<div>  \tDuring the Sunflower Campaign, dozens of Cudeca volunteers take to the streets to raise awareness and offer Sunflowers (symbol of International Palliative Care), in exchange for donations, with the aim of giving life to the days of over 600 patients and their families attended to each year, by Cudeca, thanks to its professional team of doctors, physiologists, nurses and volunteers.<\/div>\n<div>  \t\u00a0<\/div>\n<div>  \tThe Sunflower Campaign 2010, will take place from 5th to 20th June, where the awareness tables and volunteers will be conveniently located at popular locations within the M\u00e1laga capital and province such as: Arroyo de la Miel, Fuengirola, Mijas, Estepona, Torremolinos, Marbella, M\u00e1laga, Benalm\u00e1dena, etc.(see attached itinerary).<\/div>\n<div>  \t\u00a0<\/div>\n<div>  \tThe Cudeca In-Patient Unit currently faces a significant financial deficit and we therefore need to continue raising those vital funds to prevent the possibility of its closure by the end of the year.<\/div>\n<div>  \t\u00a0<\/div>\n<div>  \tThe friendship and collaboration of the community will help to give life to the days of the patients and their families cared for by Cudeca each year, and we sincerely hope, that together, we can continue to help those who need us now and for the future.<\/div>\n<div>  \t\u00a0<\/div>\n<div>  \tTo participate in the Sunflower Campaign or for more information regarding the Sunflower Campaign itinerary, please do not hesitate to contact us at girasol@cudeca.org, via our webpage www.cudeca.org or on tel: 952 56 49 10.<br \/>  \t\u00a0<\/div><\/div>\n<p><\/p>","protected":false},"excerpt":{"rendered":"<p>\u2022 10.30 to 13.30 hrs. Euromarket. Mijas Costa \u2022 11.00 to 14.00 hrs. Carrefour Estepona \u00a0 Another year on, and Cudeca Cancer Care Hospice is about to celebrate its annual Sunflower Campaign. The aim of the campaign is to raise funds and awareness to the public of the \u201cSpecial Kind of Caring\u201d and the benefits [&hellip;]<\/p>\n","protected":false},"author":0,"featured_media":0,"comment_status":"open","ping_status":"open","sticky":false,"template":"","format":"standard","meta":[],"categories":[12],"tags":[],"yoast_head":"<!-- This site is optimized with the Yoast SEO plugin v19.4 - https:\/\/yoast.com\/wordpress\/plugins\/seo\/ -->\n<title>Cudeca Foundation, Cancer Hospice, Events - Cudeca Cancer Care Hospice<\/title>\n<meta name=\"robots\" content=\"index, follow, max-snippet:-1, max-image-preview:large, max-video-preview:-1\" \/>\n<link rel=\"canonical\" href=\"https:\/\/www.cudeca.org\/actualidad\/cudeca-foundation-cancer-hospice-events-126\/\" \/>\n<meta property=\"og:locale\" content=\"en_US\" \/>\n<meta property=\"og:type\" content=\"article\" \/>\n<meta property=\"og:title\" content=\"Cudeca Foundation, Cancer Hospice, Events - Cudeca Cancer Care Hospice\" \/>\n<meta property=\"og:description\" content=\"\u2022 10.30 to 13.30 hrs. Euromarket. Mijas Costa \u2022 11.00 to 14.00 hrs. Carrefour Estepona \u00a0 Another year on, and Cudeca Cancer Care Hospice is about to celebrate its annual Sunflower Campaign. The aim of the campaign is to raise funds and awareness to the public of the \u201cSpecial Kind of Caring\u201d and the benefits [&hellip;]\" \/>\n<meta property=\"og:url\" content=\"https:\/\/www.cudeca.org\/actualidad\/cudeca-foundation-cancer-hospice-events-126\/\" \/>\n<meta property=\"og:site_name\" content=\"Cudeca Cancer Care Hospice\" \/>\n<meta property=\"article:publisher\" content=\"https:\/\/www.facebook.com\/AmigosDeCudeca\" \/>\n<meta property=\"article:published_time\" content=\"2010-06-16T10:12:33+00:00\" \/>\n<meta name=\"twitter:card\" content=\"summary_large_image\" \/>\n<meta name=\"twitter:creator\" content=\"@cudeca\" \/>\n<meta name=\"twitter:site\" content=\"@cudeca\" \/>\n<meta name=\"twitter:label1\" content=\"Est. reading time\" \/>\n\t<meta name=\"twitter:data1\" content=\"2 minutes\" \/>\n<script type=\"application\/ld+json\" class=\"yoast-schema-graph\">{\"@context\":\"https:\/\/schema.org\",\"@graph\":[{\"@type\":\"Organization\",\"@id\":\"https:\/\/www.cudeca.org\/#organization\",\"name\":\"Fundaci\u00f3n Cudeca\",\"url\":\"https:\/\/www.cudeca.org\/\",\"sameAs\":[\"https:\/\/www.youtube.com\/c\/cudecamalaga\",\"https:\/\/www.facebook.com\/AmigosDeCudeca\",\"https:\/\/twitter.com\/cudeca\"],\"logo\":{\"@type\":\"ImageObject\",\"inLanguage\":\"en-US\",\"@id\":\"https:\/\/www.cudeca.org\/#\/schema\/logo\/image\/\",\"url\":\"https:\/\/www.cudeca.org\/wp-content\/uploads\/2018\/02\/cudeca-logo.png\",\"contentUrl\":\"https:\/\/www.cudeca.org\/wp-content\/uploads\/2018\/02\/cudeca-logo.png\",\"width\":2121,\"height\":984,\"caption\":\"Fundaci\u00f3n Cudeca\"},\"image\":{\"@id\":\"https:\/\/www.cudeca.org\/#\/schema\/logo\/image\/\"}},{\"@type\":\"WebSite\",\"@id\":\"https:\/\/www.cudeca.org\/#website\",\"url\":\"https:\/\/www.cudeca.org\/\",\"name\":\"Fundaci\u00f3n Cudeca\",\"description\":\"Cudeca Hospice\",\"publisher\":{\"@id\":\"https:\/\/www.cudeca.org\/#organization\"},\"potentialAction\":[{\"@type\":\"SearchAction\",\"target\":{\"@type\":\"EntryPoint\",\"urlTemplate\":\"https:\/\/www.cudeca.org\/?s={search_term_string}\"},\"query-input\":\"required name=search_term_string\"}],\"inLanguage\":\"en-US\"},{\"@type\":\"WebPage\",\"@id\":\"https:\/\/www.cudeca.org\/actualidad\/cudeca-foundation-cancer-hospice-events-126\/\",\"url\":\"https:\/\/www.cudeca.org\/actualidad\/cudeca-foundation-cancer-hospice-events-126\/\",\"name\":\"Cudeca Foundation, Cancer Hospice, Events - Cudeca Cancer Care Hospice\",\"isPartOf\":{\"@id\":\"https:\/\/www.cudeca.org\/#website\"},\"datePublished\":\"2010-06-16T10:12:33+00:00\",\"dateModified\":\"2010-06-16T10:12:33+00:00\",\"breadcrumb\":{\"@id\":\"https:\/\/www.cudeca.org\/actualidad\/cudeca-foundation-cancer-hospice-events-126\/#breadcrumb\"},\"inLanguage\":\"en-US\",\"potentialAction\":[{\"@type\":\"ReadAction\",\"target\":[\"https:\/\/www.cudeca.org\/actualidad\/cudeca-foundation-cancer-hospice-events-126\/\"]}]},{\"@type\":\"BreadcrumbList\",\"@id\":\"https:\/\/www.cudeca.org\/actualidad\/cudeca-foundation-cancer-hospice-events-126\/#breadcrumb\",\"itemListElement\":[{\"@type\":\"ListItem\",\"position\":1,\"name\":\"Portada\",\"item\":\"https:\/\/www.cudeca.org\/\"},{\"@type\":\"ListItem\",\"position\":2,\"name\":\"Cudeca Foundation, Cancer Hospice, Events\"}]},{\"@type\":\"Article\",\"@id\":\"https:\/\/www.cudeca.org\/actualidad\/cudeca-foundation-cancer-hospice-events-126\/#article\",\"isPartOf\":{\"@id\":\"https:\/\/www.cudeca.org\/actualidad\/cudeca-foundation-cancer-hospice-events-126\/\"},\"author\":{\"name\":\"\",\"@id\":\"\"},\"headline\":\"Cudeca Foundation, Cancer Hospice, Events\",\"datePublished\":\"2010-06-16T10:12:33+00:00\",\"dateModified\":\"2010-06-16T10:12:33+00:00\",\"mainEntityOfPage\":{\"@id\":\"https:\/\/www.cudeca.org\/actualidad\/cudeca-foundation-cancer-hospice-events-126\/\"},\"wordCount\":340,\"commentCount\":0,\"publisher\":{\"@id\":\"https:\/\/www.cudeca.org\/#organization\"},\"articleSection\":[\"\"],\"inLanguage\":\"en-US\",\"potentialAction\":[{\"@type\":\"CommentAction\",\"name\":\"Comment\",\"target\":[\"https:\/\/www.cudeca.org\/actualidad\/cudeca-foundation-cancer-hospice-events-126\/#respond\"]}]}]}<\/script>\n<!-- \/ Yoast SEO plugin. -->","yoast_head_json":{"title":"Cudeca Foundation, Cancer Hospice, Events - Cudeca Cancer Care Hospice","robots":{"index":"index","follow":"follow","max-snippet":"max-snippet:-1","max-image-preview":"max-image-preview:large","max-video-preview":"max-video-preview:-1"},"canonical":"https:\/\/www.cudeca.org\/actualidad\/cudeca-foundation-cancer-hospice-events-126\/","og_locale":"en_US","og_type":"article","og_title":"Cudeca Foundation, Cancer Hospice, Events - Cudeca Cancer Care Hospice","og_description":"\u2022 10.30 to 13.30 hrs. Euromarket. Mijas Costa \u2022 11.00 to 14.00 hrs. Carrefour Estepona \u00a0 Another year on, and Cudeca Cancer Care Hospice is about to celebrate its annual Sunflower Campaign. The aim of the campaign is to raise funds and awareness to the public of the \u201cSpecial Kind of Caring\u201d and the benefits [&hellip;]","og_url":"https:\/\/www.cudeca.org\/actualidad\/cudeca-foundation-cancer-hospice-events-126\/","og_site_name":"Cudeca Cancer Care Hospice","article_publisher":"https:\/\/www.facebook.com\/AmigosDeCudeca","article_published_time":"2010-06-16T10:12:33+00:00","twitter_card":"summary_large_image","twitter_creator":"@cudeca","twitter_site":"@cudeca","twitter_misc":{"Est. reading time":"2 minutes"},"schema":{"@context":"https:\/\/schema.org","@graph":[{"@type":"Organization","@id":"https:\/\/www.cudeca.org\/#organization","name":"Fundaci\u00f3n Cudeca","url":"https:\/\/www.cudeca.org\/","sameAs":["https:\/\/www.youtube.com\/c\/cudecamalaga","https:\/\/www.facebook.com\/AmigosDeCudeca","https:\/\/twitter.com\/cudeca"],"logo":{"@type":"ImageObject","inLanguage":"en-US","@id":"https:\/\/www.cudeca.org\/#\/schema\/logo\/image\/","url":"https:\/\/www.cudeca.org\/wp-content\/uploads\/2018\/02\/cudeca-logo.png","contentUrl":"https:\/\/www.cudeca.org\/wp-content\/uploads\/2018\/02\/cudeca-logo.png","width":2121,"height":984,"caption":"Fundaci\u00f3n Cudeca"},"image":{"@id":"https:\/\/www.cudeca.org\/#\/schema\/logo\/image\/"}},{"@type":"WebSite","@id":"https:\/\/www.cudeca.org\/#website","url":"https:\/\/www.cudeca.org\/","name":"Fundaci\u00f3n Cudeca","description":"Cudeca Hospice","publisher":{"@id":"https:\/\/www.cudeca.org\/#organization"},"potentialAction":[{"@type":"SearchAction","target":{"@type":"EntryPoint","urlTemplate":"https:\/\/www.cudeca.org\/?s={search_term_string}"},"query-input":"required name=search_term_string"}],"inLanguage":"en-US"},{"@type":"WebPage","@id":"https:\/\/www.cudeca.org\/actualidad\/cudeca-foundation-cancer-hospice-events-126\/","url":"https:\/\/www.cudeca.org\/actualidad\/cudeca-foundation-cancer-hospice-events-126\/","name":"Cudeca Foundation, Cancer Hospice, Events - Cudeca Cancer Care Hospice","isPartOf":{"@id":"https:\/\/www.cudeca.org\/#website"},"datePublished":"2010-06-16T10:12:33+00:00","dateModified":"2010-06-16T10:12:33+00:00","breadcrumb":{"@id":"https:\/\/www.cudeca.org\/actualidad\/cudeca-foundation-cancer-hospice-events-126\/#breadcrumb"},"inLanguage":"en-US","potentialAction":[{"@type":"ReadAction","target":["https:\/\/www.cudeca.org\/actualidad\/cudeca-foundation-cancer-hospice-events-126\/"]}]},{"@type":"BreadcrumbList","@id":"https:\/\/www.cudeca.org\/actualidad\/cudeca-foundation-cancer-hospice-events-126\/#breadcrumb","itemListElement":[{"@type":"ListItem","position":1,"name":"Portada","item":"https:\/\/www.cudeca.org\/"},{"@type":"ListItem","position":2,"name":"Cudeca Foundation, Cancer Hospice, Events"}]},{"@type":"Article","@id":"https:\/\/www.cudeca.org\/actualidad\/cudeca-foundation-cancer-hospice-events-126\/#article","isPartOf":{"@id":"https:\/\/www.cudeca.org\/actualidad\/cudeca-foundation-cancer-hospice-events-126\/"},"author":{"name":"","@id":""},"headline":"Cudeca Foundation, Cancer Hospice, Events","datePublished":"2010-06-16T10:12:33+00:00","dateModified":"2010-06-16T10:12:33+00:00","mainEntityOfPage":{"@id":"https:\/\/www.cudeca.org\/actualidad\/cudeca-foundation-cancer-hospice-events-126\/"},"wordCount":340,"commentCount":0,"publisher":{"@id":"https:\/\/www.cudeca.org\/#organization"},"articleSection":[""],"inLanguage":"en-US","potentialAction":[{"@type":"CommentAction","name":"Comment","target":["https:\/\/www.cudeca.org\/actualidad\/cudeca-foundation-cancer-hospice-events-126\/#respond"]}]}]}},"_links":{"self":[{"href":"https:\/\/www.cudeca.org\/en\/wp-json\/wp\/v2\/posts\/14166"}],"collection":[{"href":"https:\/\/www.cudeca.org\/en\/wp-json\/wp\/v2\/posts"}],"about":[{"href":"https:\/\/www.cudeca.org\/en\/wp-json\/wp\/v2\/types\/post"}],"replies":[{"embeddable":true,"href":"https:\/\/www.cudeca.org\/en\/wp-json\/wp\/v2\/comments?post=14166"}],"version-history":[{"count":0,"href":"https:\/\/www.cudeca.org\/en\/wp-json\/wp\/v2\/posts\/14166\/revisions"}],"wp:attachment":[{"href":"https:\/\/www.cudeca.org\/en\/wp-json\/wp\/v2\/media?parent=14166"}],"wp:term":[{"taxonomy":"category","embeddable":true,"href":"https:\/\/www.cudeca.org\/en\/wp-json\/wp\/v2\/categories?post=14166"},{"taxonomy":"post_tag","embeddable":true,"href":"https:\/\/www.cudeca.org\/en\/wp-json\/wp\/v2\/tags?post=14166"}],"curies":[{"name":"wp","href":"https:\/\/api.w.org\/{rel}","templated":true}]}}