{"id":14132,"date":"2010-04-20T10:10:11","date_gmt":"2010-04-20T10:10:11","guid":{"rendered":"https:\/\/www.cudeca.org\/actualidad\/cudeca-foundation-cancer-hospice-events-97\/"},"modified":"2010-04-20T10:10:11","modified_gmt":"2010-04-20T10:10:11","slug":"cudeca-foundation-cancer-hospice-events-97","status":"publish","type":"post","link":"https:\/\/www.cudeca.org\/en\/actualidad\/cudeca-foundation-cancer-hospice-events-97\/","title":{"rendered":"Cudeca Foundation, Cancer Hospice, Events"},"content":{"rendered":"<p><\/p>\n<div id=\"notCuerpo\">\n<div>  \tOn Tuesday 20th April, Jeffrey Mawer from Alhaur\u00edn el Grande is holding a surprise show at the Bar Aqumaina on the Cartam\u00e1 Co\u00edn road from 21.00hrs. The show will include professional singing and drag with a free raffle and Auction with superb items kindly donated by local businesses.<\/div>\n<div>  \tThe entrance fee is 3 euros and all proceeds made on the night will benefit the Cudeca Hospice.<\/div>\n<div>  \t\u00a0<\/div>\n<div>  \tJeffrey is a renowned musician on the coast as was previously known at \u201cJeff The Happy Hooker\u201d. For all those who enjoy his music, please come along to this event and support your local Hospice. There will be free buses leaving Arroyo de la Miel direct to the Bar. Please contact Joyce for more information on tel: 952 44 35 97.<br \/>  \t\u00a0<\/div><\/div>\n<p><\/p>","protected":false},"excerpt":{"rendered":"<p>On Tuesday 20th April, Jeffrey Mawer from Alhaur\u00edn el Grande is holding a surprise show at the Bar Aqumaina on the Cartam\u00e1 Co\u00edn road from 21.00hrs. The show will include professional singing and drag with a free raffle and Auction with superb items kindly donated by local businesses. The entrance fee is 3 euros and [&hellip;]<\/p>\n","protected":false},"author":0,"featured_media":0,"comment_status":"open","ping_status":"open","sticky":false,"template":"","format":"standard","meta":[],"categories":[12],"tags":[],"yoast_head":"<!-- This site is optimized with the Yoast SEO plugin v19.4 - https:\/\/yoast.com\/wordpress\/plugins\/seo\/ -->\n<title>Cudeca Foundation, Cancer Hospice, Events - Cudeca Cancer Care Hospice<\/title>\n<meta name=\"robots\" content=\"index, follow, max-snippet:-1, max-image-preview:large, max-video-preview:-1\" \/>\n<link rel=\"canonical\" href=\"https:\/\/www.cudeca.org\/actualidad\/cudeca-foundation-cancer-hospice-events-97\/\" \/>\n<meta property=\"og:locale\" content=\"en_US\" \/>\n<meta property=\"og:type\" content=\"article\" \/>\n<meta property=\"og:title\" content=\"Cudeca Foundation, Cancer Hospice, Events - Cudeca Cancer Care Hospice\" \/>\n<meta property=\"og:description\" content=\"On Tuesday 20th April, Jeffrey Mawer from Alhaur\u00edn el Grande is holding a surprise show at the Bar Aqumaina on the Cartam\u00e1 Co\u00edn road from 21.00hrs. The show will include professional singing and drag with a free raffle and Auction with superb items kindly donated by local businesses. The entrance fee is 3 euros and [&hellip;]\" \/>\n<meta property=\"og:url\" content=\"https:\/\/www.cudeca.org\/actualidad\/cudeca-foundation-cancer-hospice-events-97\/\" \/>\n<meta property=\"og:site_name\" content=\"Cudeca Cancer Care Hospice\" \/>\n<meta property=\"article:publisher\" content=\"https:\/\/www.facebook.com\/AmigosDeCudeca\" \/>\n<meta property=\"article:published_time\" content=\"2010-04-20T10:10:11+00:00\" \/>\n<meta name=\"twitter:card\" content=\"summary_large_image\" \/>\n<meta name=\"twitter:creator\" content=\"@cudeca\" \/>\n<meta name=\"twitter:site\" content=\"@cudeca\" \/>\n<meta name=\"twitter:label1\" content=\"Est. reading time\" \/>\n\t<meta name=\"twitter:data1\" content=\"1 minute\" \/>\n<script type=\"application\/ld+json\" class=\"yoast-schema-graph\">{\"@context\":\"https:\/\/schema.org\",\"@graph\":[{\"@type\":\"Organization\",\"@id\":\"https:\/\/www.cudeca.org\/#organization\",\"name\":\"Fundaci\u00f3n Cudeca\",\"url\":\"https:\/\/www.cudeca.org\/\",\"sameAs\":[\"https:\/\/www.youtube.com\/c\/cudecamalaga\",\"https:\/\/www.facebook.com\/AmigosDeCudeca\",\"https:\/\/twitter.com\/cudeca\"],\"logo\":{\"@type\":\"ImageObject\",\"inLanguage\":\"en-US\",\"@id\":\"https:\/\/www.cudeca.org\/#\/schema\/logo\/image\/\",\"url\":\"https:\/\/www.cudeca.org\/wp-content\/uploads\/2018\/02\/cudeca-logo.png\",\"contentUrl\":\"https:\/\/www.cudeca.org\/wp-content\/uploads\/2018\/02\/cudeca-logo.png\",\"width\":2121,\"height\":984,\"caption\":\"Fundaci\u00f3n Cudeca\"},\"image\":{\"@id\":\"https:\/\/www.cudeca.org\/#\/schema\/logo\/image\/\"}},{\"@type\":\"WebSite\",\"@id\":\"https:\/\/www.cudeca.org\/#website\",\"url\":\"https:\/\/www.cudeca.org\/\",\"name\":\"Fundaci\u00f3n Cudeca\",\"description\":\"Cudeca Hospice\",\"publisher\":{\"@id\":\"https:\/\/www.cudeca.org\/#organization\"},\"potentialAction\":[{\"@type\":\"SearchAction\",\"target\":{\"@type\":\"EntryPoint\",\"urlTemplate\":\"https:\/\/www.cudeca.org\/?s={search_term_string}\"},\"query-input\":\"required name=search_term_string\"}],\"inLanguage\":\"en-US\"},{\"@type\":\"WebPage\",\"@id\":\"https:\/\/www.cudeca.org\/actualidad\/cudeca-foundation-cancer-hospice-events-97\/\",\"url\":\"https:\/\/www.cudeca.org\/actualidad\/cudeca-foundation-cancer-hospice-events-97\/\",\"name\":\"Cudeca Foundation, Cancer Hospice, Events - Cudeca Cancer Care Hospice\",\"isPartOf\":{\"@id\":\"https:\/\/www.cudeca.org\/#website\"},\"datePublished\":\"2010-04-20T10:10:11+00:00\",\"dateModified\":\"2010-04-20T10:10:11+00:00\",\"breadcrumb\":{\"@id\":\"https:\/\/www.cudeca.org\/actualidad\/cudeca-foundation-cancer-hospice-events-97\/#breadcrumb\"},\"inLanguage\":\"en-US\",\"potentialAction\":[{\"@type\":\"ReadAction\",\"target\":[\"https:\/\/www.cudeca.org\/actualidad\/cudeca-foundation-cancer-hospice-events-97\/\"]}]},{\"@type\":\"BreadcrumbList\",\"@id\":\"https:\/\/www.cudeca.org\/actualidad\/cudeca-foundation-cancer-hospice-events-97\/#breadcrumb\",\"itemListElement\":[{\"@type\":\"ListItem\",\"position\":1,\"name\":\"Portada\",\"item\":\"https:\/\/www.cudeca.org\/\"},{\"@type\":\"ListItem\",\"position\":2,\"name\":\"Cudeca Foundation, Cancer Hospice, Events\"}]},{\"@type\":\"Article\",\"@id\":\"https:\/\/www.cudeca.org\/actualidad\/cudeca-foundation-cancer-hospice-events-97\/#article\",\"isPartOf\":{\"@id\":\"https:\/\/www.cudeca.org\/actualidad\/cudeca-foundation-cancer-hospice-events-97\/\"},\"author\":{\"name\":\"\",\"@id\":\"\"},\"headline\":\"Cudeca Foundation, Cancer Hospice, Events\",\"datePublished\":\"2010-04-20T10:10:11+00:00\",\"dateModified\":\"2010-04-20T10:10:11+00:00\",\"mainEntityOfPage\":{\"@id\":\"https:\/\/www.cudeca.org\/actualidad\/cudeca-foundation-cancer-hospice-events-97\/\"},\"wordCount\":131,\"commentCount\":0,\"publisher\":{\"@id\":\"https:\/\/www.cudeca.org\/#organization\"},\"articleSection\":[\"\"],\"inLanguage\":\"en-US\",\"potentialAction\":[{\"@type\":\"CommentAction\",\"name\":\"Comment\",\"target\":[\"https:\/\/www.cudeca.org\/actualidad\/cudeca-foundation-cancer-hospice-events-97\/#respond\"]}]}]}<\/script>\n<!-- \/ Yoast SEO plugin. -->","yoast_head_json":{"title":"Cudeca Foundation, Cancer Hospice, Events - Cudeca Cancer Care Hospice","robots":{"index":"index","follow":"follow","max-snippet":"max-snippet:-1","max-image-preview":"max-image-preview:large","max-video-preview":"max-video-preview:-1"},"canonical":"https:\/\/www.cudeca.org\/actualidad\/cudeca-foundation-cancer-hospice-events-97\/","og_locale":"en_US","og_type":"article","og_title":"Cudeca Foundation, Cancer Hospice, Events - Cudeca Cancer Care Hospice","og_description":"On Tuesday 20th April, Jeffrey Mawer from Alhaur\u00edn el Grande is holding a surprise show at the Bar Aqumaina on the Cartam\u00e1 Co\u00edn road from 21.00hrs. The show will include professional singing and drag with a free raffle and Auction with superb items kindly donated by local businesses. The entrance fee is 3 euros and [&hellip;]","og_url":"https:\/\/www.cudeca.org\/actualidad\/cudeca-foundation-cancer-hospice-events-97\/","og_site_name":"Cudeca Cancer Care Hospice","article_publisher":"https:\/\/www.facebook.com\/AmigosDeCudeca","article_published_time":"2010-04-20T10:10:11+00:00","twitter_card":"summary_large_image","twitter_creator":"@cudeca","twitter_site":"@cudeca","twitter_misc":{"Est. reading time":"1 minute"},"schema":{"@context":"https:\/\/schema.org","@graph":[{"@type":"Organization","@id":"https:\/\/www.cudeca.org\/#organization","name":"Fundaci\u00f3n Cudeca","url":"https:\/\/www.cudeca.org\/","sameAs":["https:\/\/www.youtube.com\/c\/cudecamalaga","https:\/\/www.facebook.com\/AmigosDeCudeca","https:\/\/twitter.com\/cudeca"],"logo":{"@type":"ImageObject","inLanguage":"en-US","@id":"https:\/\/www.cudeca.org\/#\/schema\/logo\/image\/","url":"https:\/\/www.cudeca.org\/wp-content\/uploads\/2018\/02\/cudeca-logo.png","contentUrl":"https:\/\/www.cudeca.org\/wp-content\/uploads\/2018\/02\/cudeca-logo.png","width":2121,"height":984,"caption":"Fundaci\u00f3n Cudeca"},"image":{"@id":"https:\/\/www.cudeca.org\/#\/schema\/logo\/image\/"}},{"@type":"WebSite","@id":"https:\/\/www.cudeca.org\/#website","url":"https:\/\/www.cudeca.org\/","name":"Fundaci\u00f3n Cudeca","description":"Cudeca Hospice","publisher":{"@id":"https:\/\/www.cudeca.org\/#organization"},"potentialAction":[{"@type":"SearchAction","target":{"@type":"EntryPoint","urlTemplate":"https:\/\/www.cudeca.org\/?s={search_term_string}"},"query-input":"required name=search_term_string"}],"inLanguage":"en-US"},{"@type":"WebPage","@id":"https:\/\/www.cudeca.org\/actualidad\/cudeca-foundation-cancer-hospice-events-97\/","url":"https:\/\/www.cudeca.org\/actualidad\/cudeca-foundation-cancer-hospice-events-97\/","name":"Cudeca Foundation, Cancer Hospice, Events - Cudeca Cancer Care Hospice","isPartOf":{"@id":"https:\/\/www.cudeca.org\/#website"},"datePublished":"2010-04-20T10:10:11+00:00","dateModified":"2010-04-20T10:10:11+00:00","breadcrumb":{"@id":"https:\/\/www.cudeca.org\/actualidad\/cudeca-foundation-cancer-hospice-events-97\/#breadcrumb"},"inLanguage":"en-US","potentialAction":[{"@type":"ReadAction","target":["https:\/\/www.cudeca.org\/actualidad\/cudeca-foundation-cancer-hospice-events-97\/"]}]},{"@type":"BreadcrumbList","@id":"https:\/\/www.cudeca.org\/actualidad\/cudeca-foundation-cancer-hospice-events-97\/#breadcrumb","itemListElement":[{"@type":"ListItem","position":1,"name":"Portada","item":"https:\/\/www.cudeca.org\/"},{"@type":"ListItem","position":2,"name":"Cudeca Foundation, Cancer Hospice, Events"}]},{"@type":"Article","@id":"https:\/\/www.cudeca.org\/actualidad\/cudeca-foundation-cancer-hospice-events-97\/#article","isPartOf":{"@id":"https:\/\/www.cudeca.org\/actualidad\/cudeca-foundation-cancer-hospice-events-97\/"},"author":{"name":"","@id":""},"headline":"Cudeca Foundation, Cancer Hospice, Events","datePublished":"2010-04-20T10:10:11+00:00","dateModified":"2010-04-20T10:10:11+00:00","mainEntityOfPage":{"@id":"https:\/\/www.cudeca.org\/actualidad\/cudeca-foundation-cancer-hospice-events-97\/"},"wordCount":131,"commentCount":0,"publisher":{"@id":"https:\/\/www.cudeca.org\/#organization"},"articleSection":[""],"inLanguage":"en-US","potentialAction":[{"@type":"CommentAction","name":"Comment","target":["https:\/\/www.cudeca.org\/actualidad\/cudeca-foundation-cancer-hospice-events-97\/#respond"]}]}]}},"_links":{"self":[{"href":"https:\/\/www.cudeca.org\/en\/wp-json\/wp\/v2\/posts\/14132"}],"collection":[{"href":"https:\/\/www.cudeca.org\/en\/wp-json\/wp\/v2\/posts"}],"about":[{"href":"https:\/\/www.cudeca.org\/en\/wp-json\/wp\/v2\/types\/post"}],"replies":[{"embeddable":true,"href":"https:\/\/www.cudeca.org\/en\/wp-json\/wp\/v2\/comments?post=14132"}],"version-history":[{"count":0,"href":"https:\/\/www.cudeca.org\/en\/wp-json\/wp\/v2\/posts\/14132\/revisions"}],"wp:attachment":[{"href":"https:\/\/www.cudeca.org\/en\/wp-json\/wp\/v2\/media?parent=14132"}],"wp:term":[{"taxonomy":"category","embeddable":true,"href":"https:\/\/www.cudeca.org\/en\/wp-json\/wp\/v2\/categories?post=14132"},{"taxonomy":"post_tag","embeddable":true,"href":"https:\/\/www.cudeca.org\/en\/wp-json\/wp\/v2\/tags?post=14132"}],"curies":[{"name":"wp","href":"https:\/\/api.w.org\/{rel}","templated":true}]}}